{"id":28483,"date":"2024-06-09T14:45:00","date_gmt":"2024-06-09T14:45:00","guid":{"rendered":"https:\/\/www.iceagetv.com\/radiosite\/?p=28483"},"modified":"2024-06-09T14:45:00","modified_gmt":"2024-06-09T14:45:00","slug":"europeennes-radies-a-cause-dun-bug-des-electeurs-de-vaulx-en-velin-obliges-de-passer-par-le-tribunal-dinstance","status":"publish","type":"post","link":"https:\/\/www.iceagetv.com\/radiosite\/europeennes-radies-a-cause-dun-bug-des-electeurs-de-vaulx-en-velin-obliges-de-passer-par-le-tribunal-dinstance\/","title":{"rendered":"EUROP\u00c9ENNES: RADI\u00c9S \u00c0 CAUSE D&rsquo;UN BUG, DES \u00c9LECTEURS DE VAULX-EN-VELIN OBLIG\u00c9S DE PASSER PAR LE TRIBUNAL D&rsquo;INSTANCE"},"content":{"rendered":"\n<p class=\"\">\u00c0 Vaulx-en-Velin (Rh\u00f4ne), des \u00e9lecteurs ont d\u00e9couvert qu&rsquo;ils avaient \u00e9t\u00e9 radi\u00e9s des listes \u00e9lectorales pour les \u00e9lections europ\u00e9ennes, ce dimanche 9 juin. Ils ont d\u00fb se rendre au tribunal d&rsquo;instance de Villeurbanne afin de r\u00e9gler leur situation, alors que la mairie avance un \u00ab\u00a0bug informatique\u00a0\u00bb.<\/p>\n\n\n\n<p class=\"\">Des habitants de&nbsp;<a href=\"https:\/\/www.bfmtv.com\/lyon\/replay-emissions\/lyon-week-end\/vaulx-en-velin-des-habitants-excedes-apres-des-travaux-de-rehabilitation_VN-202406020216.html\">Vaulx-en-Velin<\/a>&nbsp;ont d\u00fb se rendre dans la commune voisine de Villeurbanne pour avoir la possibilit\u00e9 de voter aux&nbsp;<a href=\"https:\/\/www.bfmtv.com\/lyon\/elections-europeennes-le-taux-de-participation-dans-le-rhone-a-12h_AN-202406090212.html\">\u00e9lections europ\u00e9ennes<\/a>, ce dimanche 9 juin, rapporte&nbsp;<a href=\"https:\/\/c.leprogres.fr\/elections\/2024\/06\/09\/un-bug-empeche-de-voter-ces-electeurs-de-vaulx-en-velin-grosse-affluence-au-tribunal-administratif?login=1\" target=\"_blank\" rel=\"noreferrer noopener\">Le Progr\u00e8s<\/a>.<\/p>\n\n\n\n<p class=\"\">Ces \u00e9lecteurs n&rsquo;ont pas pu voter dans leurs bureaux de vote habituels car ils n&rsquo;apparaissaient tout simplement pas sur les listes \u00e9lectorales, en raison d&rsquo;un \u00ab\u00a0bug informatique\u00a0\u00bb, assure la ville selon nos confr\u00e8res.<\/p>\n\n\n\n<h2 class=\"wp-block-heading\" id=\"fr4vt\">Une attestation transmise par la mairie<\/h2>\n\n\n\n<p class=\"\">Ni la maire, H\u00e9l\u00e8ne Geoffroy, ni la ville de Vaulx-en-Velin n&rsquo;ont pour l&rsquo;heure communiqu\u00e9 sur cet incident. Selon Le Progr\u00e8s, une attestation a \u00e9t\u00e9 transmise aux habitants concern\u00e9s pour leur permettre de pouvoir voter: \u00ab\u00a0\u00c0 la suite d&rsquo;une erreur mat\u00e9rielle, cet \u00e9lecteur s\u2019est retrouv\u00e9 radi\u00e9(e) de notre liste \u00e9lectorale sans que nous ayons pu corriger cette erreur\u00a0\u00bb, est-il \u00e9crit.A midi, dans le Rh\u00f4ne, 19,84% des \u00e9lecteurs se sont d\u00e9plac\u00e9s pour voter. Un chiffre en baisse par rapport au scrutin de 2019 o\u00f9 le taux \u00e9tait de 22,48% \u00e0 la m\u00eame heure.<\/p>\n","protected":false},"excerpt":{"rendered":"<p>\u00c0 Vaulx-en-Velin (Rh\u00f4ne), des \u00e9lecteurs ont d\u00e9couvert qu&rsquo;ils avaient \u00e9t\u00e9 radi\u00e9s des listes \u00e9lectorales pour les \u00e9lections europ\u00e9ennes, ce dimanche 9 juin. Ils ont d\u00fb se rendre au tribunal d&rsquo;instance de Villeurbanne afin de r\u00e9gler leur situation, alors que la mairie avance un \u00ab\u00a0bug informatique\u00a0\u00bb. Des habitants de&nbsp;Vaulx-en-Velin&nbsp;ont d\u00fb se rendre dans la commune voisine [&hellip;]<\/p>\n","protected":false},"author":2,"featured_media":28484,"comment_status":"open","ping_status":"open","sticky":false,"template":"","format":"standard","meta":{"_jetpack_memberships_contains_paid_content":false,"footnotes":"","jetpack_publicize_message":"","jetpack_publicize_feature_enabled":true,"jetpack_social_post_already_shared":true,"jetpack_social_options":{"image_generator_settings":{"template":"highway","default_image_id":0,"font":"","enabled":false},"version":2},"_wpas_customize_per_network":false},"categories":[405],"tags":[],"class_list":["post-28483","post","type-post","status-publish","format-standard","has-post-thumbnail","hentry","category-actu-france-monde"],"jetpack_publicize_connections":[],"jetpack_featured_media_url":"https:\/\/i0.wp.com\/www.iceagetv.com\/radiosite\/wp-content\/uploads\/2024\/06\/EUROPEENNES-RADIES-A-CAUSE-DUN-BUG.jpg?fit=768%2C432&ssl=1","jetpack_sharing_enabled":true,"_links":{"self":[{"href":"https:\/\/www.iceagetv.com\/radiosite\/wp-json\/wp\/v2\/posts\/28483","targetHints":{"allow":["GET"]}}],"collection":[{"href":"https:\/\/www.iceagetv.com\/radiosite\/wp-json\/wp\/v2\/posts"}],"about":[{"href":"https:\/\/www.iceagetv.com\/radiosite\/wp-json\/wp\/v2\/types\/post"}],"author":[{"embeddable":true,"href":"https:\/\/www.iceagetv.com\/radiosite\/wp-json\/wp\/v2\/users\/2"}],"replies":[{"embeddable":true,"href":"https:\/\/www.iceagetv.com\/radiosite\/wp-json\/wp\/v2\/comments?post=28483"}],"version-history":[{"count":1,"href":"https:\/\/www.iceagetv.com\/radiosite\/wp-json\/wp\/v2\/posts\/28483\/revisions"}],"predecessor-version":[{"id":28485,"href":"https:\/\/www.iceagetv.com\/radiosite\/wp-json\/wp\/v2\/posts\/28483\/revisions\/28485"}],"wp:featuredmedia":[{"embeddable":true,"href":"https:\/\/www.iceagetv.com\/radiosite\/wp-json\/wp\/v2\/media\/28484"}],"wp:attachment":[{"href":"https:\/\/www.iceagetv.com\/radiosite\/wp-json\/wp\/v2\/media?parent=28483"}],"wp:term":[{"taxonomy":"category","embeddable":true,"href":"https:\/\/www.iceagetv.com\/radiosite\/wp-json\/wp\/v2\/categories?post=28483"},{"taxonomy":"post_tag","embeddable":true,"href":"https:\/\/www.iceagetv.com\/radiosite\/wp-json\/wp\/v2\/tags?post=28483"}],"curies":[{"name":"wp","href":"https:\/\/api.w.org\/{rel}","templated":true}]}}