{"id":28490,"date":"2024-06-09T19:12:14","date_gmt":"2024-06-09T19:12:14","guid":{"rendered":"https:\/\/www.iceagetv.com\/radiosite\/?p=28490"},"modified":"2024-06-09T19:12:14","modified_gmt":"2024-06-09T19:12:14","slug":"europeennes-apres-le-succes-du-rn-emmanuel-macron-annonce-la-dissolution-de-lassemblee-nationale-des-ce-soir-avec-un-premier-tour-le-30-juin-et-un-second-le-7-juillet","status":"publish","type":"post","link":"https:\/\/www.iceagetv.com\/radiosite\/europeennes-apres-le-succes-du-rn-emmanuel-macron-annonce-la-dissolution-de-lassemblee-nationale-des-ce-soir-avec-un-premier-tour-le-30-juin-et-un-second-le-7-juillet\/","title":{"rendered":"\u00a0Europ\u00e9ennes &#8211; Apr\u00e8s le succ\u00e8s du RN, Emmanuel Macron annonce la dissolution de l&rsquo;Assembl\u00e9e Nationale d\u00e8s ce soir avec un premier tour le 30 juin et un second le 7 juillet"},"content":{"rendered":"\n<p class=\"\"><strong>Voici les moyennes premi\u00e8res estimations qui viennent d&rsquo;\u00eatre diffus\u00e9es par les m\u00e9dias.<\/strong><\/p>\n\n\n\n<p class=\"\"><strong>Record absolu pour le RN et Bardella \u00e0 33% &#8211; La majorit\u00e9 fait moins de la moiti\u00e9 \u00e0 15% &#8211; Le PS haut et 3e autour de 14% &#8211;&nbsp; Les Insoumis loin derri\u00e8re \u00e0 8% &#8211; Les R\u00e9publicains derri\u00e8re LFI \u00e0 7,5 &#8211; Les \u00e9colos et Marion Mar\u00e9chal sur le fil \u00e0 5% pourraient ne pas avoir de d\u00e9put\u00e9s si le score est r\u00e9vis\u00e9 \u00e0 la baisse<\/strong><\/p>\n\n\n\n<p class=\"\"><strong>Emmanuel Macron prend la parole : \u00ab\u00a0Ce n&rsquo;est pas un bon r\u00e9sultat pour les pays qui d\u00e9fendent l&rsquo;Europe. La mont\u00e9e des nationalistes et des d\u00e9magogues est un danger pour l&rsquo;Europe. L&rsquo;extr\u00eame droite c&rsquo;est le d\u00e9classement des Fran\u00e7ais. Il y a un d\u00e9sordre qui vous inqui\u00e8te et parfois vous choque.<\/strong>\u00a0Je ne saurais donc \u00e0 l&rsquo;issue de cette journ\u00e9e faire comme si de rien n&rsquo;\u00e9tait..\u00a0Soyez certain d&rsquo;une chose : ma seule ambition est d&rsquo;\u00eatre utile \u00e0 notre pays que j&rsquo;aime tant, et de vous servir. (&#8230;) J&rsquo;ai d\u00e9cid\u00e9 de dissoudre l&rsquo;Assembl\u00e9e Nationale d\u00e8s ce soir avec un premier tour le 30 juin et un second le 7 juillet. La France a besoin d&rsquo;une majorit\u00e9 claire pour agir dans la s\u00e9r\u00e9nit\u00e9 et la concorde.<strong>\u00c9ric Ciotti, pr\u00e9sident des R\u00e9publicains, affirme qu&rsquo;il n&rsquo;y aura aucun accord avec la majorit\u00e9 : \u00ab\u00a0la macronie c&rsquo;est fini\u00a0\u00bbEmmanuel Macron a consult\u00e9 G\u00e9rard Larcher le Pr\u00e9sident du S\u00e9nat, avant de prendre la parole ce soir, selon RMC.<\/strong><\/p>\n","protected":false},"excerpt":{"rendered":"<p>Voici les moyennes premi\u00e8res estimations qui viennent d&rsquo;\u00eatre diffus\u00e9es par les m\u00e9dias. Record absolu pour le RN et Bardella \u00e0 33% &#8211; La majorit\u00e9 fait moins de la moiti\u00e9 \u00e0 15% &#8211; Le PS haut et 3e autour de 14% &#8211;&nbsp; Les Insoumis loin derri\u00e8re \u00e0 8% &#8211; Les R\u00e9publicains derri\u00e8re LFI \u00e0 7,5 &#8211; [&hellip;]<\/p>\n","protected":false},"author":2,"featured_media":28491,"comment_status":"open","ping_status":"open","sticky":false,"template":"","format":"standard","meta":{"_jetpack_memberships_contains_paid_content":false,"footnotes":"","jetpack_publicize_message":"","jetpack_publicize_feature_enabled":true,"jetpack_social_post_already_shared":true,"jetpack_social_options":{"image_generator_settings":{"template":"highway","default_image_id":0,"font":"","enabled":false},"version":2},"_wpas_customize_per_network":false},"categories":[405],"tags":[],"class_list":["post-28490","post","type-post","status-publish","format-standard","has-post-thumbnail","hentry","category-actu-france-monde"],"jetpack_publicize_connections":[],"jetpack_featured_media_url":"https:\/\/i0.wp.com\/www.iceagetv.com\/radiosite\/wp-content\/uploads\/2024\/06\/Macron-annonce-la-dissolution-de-lAssemblee-Nationale.jpg?fit=688%2C682&ssl=1","jetpack_sharing_enabled":true,"_links":{"self":[{"href":"https:\/\/www.iceagetv.com\/radiosite\/wp-json\/wp\/v2\/posts\/28490","targetHints":{"allow":["GET"]}}],"collection":[{"href":"https:\/\/www.iceagetv.com\/radiosite\/wp-json\/wp\/v2\/posts"}],"about":[{"href":"https:\/\/www.iceagetv.com\/radiosite\/wp-json\/wp\/v2\/types\/post"}],"author":[{"embeddable":true,"href":"https:\/\/www.iceagetv.com\/radiosite\/wp-json\/wp\/v2\/users\/2"}],"replies":[{"embeddable":true,"href":"https:\/\/www.iceagetv.com\/radiosite\/wp-json\/wp\/v2\/comments?post=28490"}],"version-history":[{"count":1,"href":"https:\/\/www.iceagetv.com\/radiosite\/wp-json\/wp\/v2\/posts\/28490\/revisions"}],"predecessor-version":[{"id":28492,"href":"https:\/\/www.iceagetv.com\/radiosite\/wp-json\/wp\/v2\/posts\/28490\/revisions\/28492"}],"wp:featuredmedia":[{"embeddable":true,"href":"https:\/\/www.iceagetv.com\/radiosite\/wp-json\/wp\/v2\/media\/28491"}],"wp:attachment":[{"href":"https:\/\/www.iceagetv.com\/radiosite\/wp-json\/wp\/v2\/media?parent=28490"}],"wp:term":[{"taxonomy":"category","embeddable":true,"href":"https:\/\/www.iceagetv.com\/radiosite\/wp-json\/wp\/v2\/categories?post=28490"},{"taxonomy":"post_tag","embeddable":true,"href":"https:\/\/www.iceagetv.com\/radiosite\/wp-json\/wp\/v2\/tags?post=28490"}],"curies":[{"name":"wp","href":"https:\/\/api.w.org\/{rel}","templated":true}]}}