{"id":28503,"date":"2024-06-11T15:14:21","date_gmt":"2024-06-11T15:14:21","guid":{"rendered":"https:\/\/www.iceagetv.com\/radiosite\/?p=28503"},"modified":"2024-06-11T15:14:21","modified_gmt":"2024-06-11T15:14:21","slug":"plusieurs-juristes-deposeront-cet-apres-midi-un-recours-devant-le-conseil-constitutionnel-pour-faire-annuler-les-elections-legislatives-en-raison-dun-delai-trop-court","status":"publish","type":"post","link":"https:\/\/www.iceagetv.com\/radiosite\/plusieurs-juristes-deposeront-cet-apres-midi-un-recours-devant-le-conseil-constitutionnel-pour-faire-annuler-les-elections-legislatives-en-raison-dun-delai-trop-court\/","title":{"rendered":"Plusieurs juristes d\u00e9poseront cet apr\u00e8s-midi un recours devant le Conseil constitutionnel pour faire annuler les \u00e9lections l\u00e9gislatives en raison \u00ab\u00a0d&rsquo;un d\u00e9lai trop court\u00a0\u00bb"},"content":{"rendered":"\n<p class=\"\">Plusieurs juristes et sp\u00e9cialistes du droit \u00e9lectoral, d\u00e9poseront cet apr\u00e8s-midi un recours devant le Conseil constitutionnel pour faire annuler le d\u00e9cret de convocation pour les \u00e9lections l\u00e9gislatives publi\u00e9 lundi au Journal officiel.<\/p>\n\n\n\n<p class=\"\">Selon nos confr\u00e8res du Figaro, \u00abla sinc\u00e9rit\u00e9 du scrutin est mise en cause par l\u2019impossibilit\u00e9 de respecter certaines dispositions l\u00e9gislatives dans un d\u00e9lai si court\u00bb.<\/p>\n\n\n\n<p class=\"\"><strong>Le code \u00e9lectoral pr\u00e9cise en effet que \u00ables d\u00e9clarations de candidatures doivent \u00eatre d\u00e9pos\u00e9es \u00e0 la pr\u00e9fecture au plus tard \u00e0 18 heures le quatri\u00e8me vendredi pr\u00e9c\u00e9dant le jour du scrutin\u00bb, ce qui est impossible dans le temps imparti par Emmanuel Macron.<\/strong><\/p>\n\n\n\n<p class=\"\">Dans l\u2019entourage du Pr\u00e9sident de la R\u00e9publique, on fait valoir que l\u2019article 12 de la Constitution l\u2019emporte sur le code \u00e9lectoral. Celui-ci pr\u00e9voit un d\u00e9lai de \u00abvingt jours au moins apr\u00e8s la dissolution\u00bb. Or il y a bien vingt jours qui s\u00e9parent le 9 juin, jour de la dissolution, et le 30 juin, jour du premier tour des l\u00e9gislatives anticip\u00e9es.<\/p>\n\n\n\n<p class=\"\">\u00abLe probl\u00e8me c\u2019est que ce d\u00e9lai de 20 jours est incompatible avec plein de dispositions l\u00e9gislatives : le vote \u00e9lectronique, la campagne audiovisuelle, les comptes de campagne, le vote des Fran\u00e7ais de l\u2019\u00e9tranger, qui se prononcent normalement une semaine avant\u00bb, \u00e9gr\u00e8ne l\u2019un des initiateurs du recours.<\/p>\n\n\n\n<p class=\"\">Ce dernier explique notamment que le d\u00e9lai de 20 jours ne pourra pas \u00eatre respect\u00e9 dans un certain nombre de territoires d\u2019outre-mer.<\/p>\n","protected":false},"excerpt":{"rendered":"<p>Plusieurs juristes et sp\u00e9cialistes du droit \u00e9lectoral, d\u00e9poseront cet apr\u00e8s-midi un recours devant le Conseil constitutionnel pour faire annuler le d\u00e9cret de convocation pour les \u00e9lections l\u00e9gislatives publi\u00e9 lundi au Journal officiel. Selon nos confr\u00e8res du Figaro, \u00abla sinc\u00e9rit\u00e9 du scrutin est mise en cause par l\u2019impossibilit\u00e9 de respecter certaines dispositions l\u00e9gislatives dans un d\u00e9lai [&hellip;]<\/p>\n","protected":false},"author":2,"featured_media":28504,"comment_status":"open","ping_status":"open","sticky":false,"template":"","format":"standard","meta":{"_jetpack_memberships_contains_paid_content":false,"footnotes":"","jetpack_publicize_message":"","jetpack_publicize_feature_enabled":true,"jetpack_social_post_already_shared":true,"jetpack_social_options":{"image_generator_settings":{"template":"highway","default_image_id":0,"font":"","enabled":false},"version":2},"_wpas_customize_per_network":false},"categories":[405],"tags":[],"class_list":["post-28503","post","type-post","status-publish","format-standard","has-post-thumbnail","hentry","category-actu-france-monde"],"jetpack_publicize_connections":[],"jetpack_featured_media_url":"https:\/\/i0.wp.com\/www.iceagetv.com\/radiosite\/wp-content\/uploads\/2024\/06\/Plusieurs-juristes-deposeront-cet-apres-midi.jpg?fit=679%2C293&ssl=1","jetpack_sharing_enabled":true,"_links":{"self":[{"href":"https:\/\/www.iceagetv.com\/radiosite\/wp-json\/wp\/v2\/posts\/28503","targetHints":{"allow":["GET"]}}],"collection":[{"href":"https:\/\/www.iceagetv.com\/radiosite\/wp-json\/wp\/v2\/posts"}],"about":[{"href":"https:\/\/www.iceagetv.com\/radiosite\/wp-json\/wp\/v2\/types\/post"}],"author":[{"embeddable":true,"href":"https:\/\/www.iceagetv.com\/radiosite\/wp-json\/wp\/v2\/users\/2"}],"replies":[{"embeddable":true,"href":"https:\/\/www.iceagetv.com\/radiosite\/wp-json\/wp\/v2\/comments?post=28503"}],"version-history":[{"count":1,"href":"https:\/\/www.iceagetv.com\/radiosite\/wp-json\/wp\/v2\/posts\/28503\/revisions"}],"predecessor-version":[{"id":28505,"href":"https:\/\/www.iceagetv.com\/radiosite\/wp-json\/wp\/v2\/posts\/28503\/revisions\/28505"}],"wp:featuredmedia":[{"embeddable":true,"href":"https:\/\/www.iceagetv.com\/radiosite\/wp-json\/wp\/v2\/media\/28504"}],"wp:attachment":[{"href":"https:\/\/www.iceagetv.com\/radiosite\/wp-json\/wp\/v2\/media?parent=28503"}],"wp:term":[{"taxonomy":"category","embeddable":true,"href":"https:\/\/www.iceagetv.com\/radiosite\/wp-json\/wp\/v2\/categories?post=28503"},{"taxonomy":"post_tag","embeddable":true,"href":"https:\/\/www.iceagetv.com\/radiosite\/wp-json\/wp\/v2\/tags?post=28503"}],"curies":[{"name":"wp","href":"https:\/\/api.w.org\/{rel}","templated":true}]}}