{"id":28506,"date":"2024-06-11T19:01:06","date_gmt":"2024-06-11T19:01:06","guid":{"rendered":"https:\/\/www.iceagetv.com\/radiosite\/?p=28506"},"modified":"2024-06-11T19:01:06","modified_gmt":"2024-06-11T19:01:06","slug":"legislatives-jordan-bardella-annonce-sur-france-2-que-plusieurs-dizaines-de-deputes-lr-seront-soutenus-ou-investis-par-le-rn-gabriel-attal-sur-tf1-cest-moi-qui-menerai-cette-campagne","status":"publish","type":"post","link":"https:\/\/www.iceagetv.com\/radiosite\/legislatives-jordan-bardella-annonce-sur-france-2-que-plusieurs-dizaines-de-deputes-lr-seront-soutenus-ou-investis-par-le-rn-gabriel-attal-sur-tf1-cest-moi-qui-menerai-cette-campagne\/","title":{"rendered":"L\u00e9gislatives &#8211; Jordan Bardella annonce sur France 2 que \u00ab\u00a0plusieurs dizaines de d\u00e9put\u00e9s LR seront soutenus ou investis\u00a0\u00bb par le RN &#8211; Gabriel Attal sur TF1 : \u00ab\u00a0C&rsquo;est moi qui m\u00e8nerai cette campagne\u00a0\u00bb"},"content":{"rendered":"\n<p class=\"\"><strong>Gabriel Attal est au 20h de TF1 : \u00ab\u00a0C&rsquo;est moi qui m\u00e8nerai cette campagne\u00a0\u00bb des \u00e9lections l\u00e9gislatives anticip\u00e9es pour la majorit\u00e9\u00a0\u00bb.<\/strong>\u00a0Le Premier ministre affirme qu&rsquo;il m\u00e8nera la campagne \u00ab\u00a0en tant que chef de la majorit\u00e9, Premier ministre, avec l&rsquo;identit\u00e9 qui est la [mienne] (&#8230;) c&rsquo;est-\u00e0-dire toujours \u00e9couter les Fran\u00e7ais, m\u00eame quand \u00e7a ne fait pas toujours plaisir ce qu&rsquo;on entend, essayer de prendre des d\u00e9cisions concr\u00e8tes, r\u00e9gler les probl\u00e8mes\u00a0\u00bb, avec des \u00ab\u00a0priorit\u00e9s\u00a0\u00bb : \u00ab\u00a0les grands services publics que sont la sant\u00e9, l&rsquo;\u00e9cole, le pouvoir d&rsquo;achat et l&#8217;emploi, l&rsquo;\u00e9cologie\u00a0\u00bb.\u00a0Les discussions avec Marion Mar\u00e9chal n&rsquo;ont pas abouti, car j&rsquo;estime que les invectives et les positions tr\u00e8s excessives d&rsquo;\u00c9ric Zemmour ont rendu les conditions d&rsquo;un accord caduques \u00bb, a expliqu\u00e9 Jordan Bardella, interrog\u00e9 par Anne-Sophie Lapix sur le plateau de France 2. Quelques heures plus t\u00f4t, le pr\u00e9sident de Reconqu\u00eate affirmait sur CNews ne \u00ab pas savoir \u00bb pourquoi les discussions avec le Rassemblement national \u00e9taient rest\u00e9es vaines.<strong>Le pr\u00e9sident du Rassemblement national a \u00ab\u00a0salu\u00e9\u00a0\u00bb l&rsquo;alliance de son parti avec les R\u00e9publicains pour les l\u00e9gislatives, alliance annonc\u00e9e par \u00c9ric Ciotti.<\/strong>\u00a0\u00ab\u00a0Pour remporter ces \u00e9lections l\u00e9gislatives, je souhaite \u00e9tablir une majorit\u00e9 de projet, de redressement\u00a0\u00bb, a d\u00e9clar\u00e9 Jordan Bardella sur France 2, \u00ab\u00a0je confirme qu&rsquo;il y aura un accord entre le Rassemblement national et les R\u00e9publicains (&#8230;) il y aura un certain nombre de d\u00e9put\u00e9s r\u00e9publicains sortants ou investis qui seront soutenus par le Rassemblement national, il y en aura plusieurs dizaines.\u00a0\u00bbComme le montrent les images de R\u00e9my Buisine, un incident a \u00e9clat\u00e9 \u00e0 la sortie d\u2019Eric Ciotti du QG des R\u00e9publicains, qui a \u00e9t\u00e9 vivement pris \u00e0 partie par des militants de l&rsquo;Union des Etudiants Juifs de France qui d\u00e9noncent l\u2019accord avec le Rassemblement National.Guilhem Carayon, le pr\u00e9sident des Jeunes R\u00e9publicains, soutient Eric Ciotti: \u00ab\u00a0Si notre famille politique n&rsquo;op\u00e8re pas un changement radical, elle est condamn\u00e9e\u00a0\u00bb<\/p>\n\n\n\n<p class=\"\">Lors d&rsquo;un point presse,&nbsp;Bruno Retailleau, pr\u00e9sident du groupe LR au S\u00e9nat, \u00e9voque l&rsquo;annonce d&rsquo;Eric Ciotti.&nbsp;\u00ab\u00a0Depuis dimanche, on se retrouve face \u00e0 un paysage politique qui est un v\u00e9ritable champ de ruines et Emmanuel Macron aura r\u00e9ussi \u00e0 faire exploser l&rsquo;ancien monde. Mis \u00e0 part le RN, aucun parti n&rsquo;est en mesure de gouverner la France\u00a0\u00bb, d\u00e9clare-t-il.<\/p>\n\n\n\n<p class=\"\">\u00ab\u00a0Les R\u00e9publicains ne feront jamais d&rsquo;alliance avec le Rassemblement national. Nous avons des divergences id\u00e9ologiques profondes et nous devons pr\u00e9server notre ind\u00e9pendance et notre int\u00e9grit\u00e9\u00a0\u00bb.<\/p>\n\n\n\n<p class=\"\">Et d&rsquo;estimer qu&rsquo;Eric Ciotti commet une&nbsp;\u00ab\u00a0double faute\u00a0\u00bb&nbsp;en voulant une alliance avec le RN :&nbsp;\u00ab\u00a0sur le fond et sur la mani\u00e8re\u00a0\u00bb. Il assure que son parti n&rsquo;ira ni vers le macronisme, qui&nbsp;\u00ab\u00a0a montr\u00e9 qu&rsquo;il \u00e9tait laxiste\u00a0\u00bb, ni vers Marine Le Pen, qui a&nbsp;\u00ab\u00a0chang\u00e9 d&rsquo;avis sur tant de sujets\u00a0\u00bb.<\/p>\n\n\n\n<p class=\"\">Et d&rsquo;ajouter qu&rsquo;Eric Ciotti&nbsp;\u00ab\u00a0a menti\u00a0\u00bb&nbsp;\u00e0 son parti,.&nbsp;\u00ab\u00a0Tout cela a \u00e9t\u00e9 m\u00fbrement r\u00e9fl\u00e9chi et m\u00fbrement camoufl\u00e9, c&rsquo;est un manque de loyaut\u00e9, un manque de droiture\u00a0\u00bb.<\/p>\n\n\n\n<p class=\"\">\u00ab\u00a0Le spectacle que nous donnons est sans doute un spectacle qui attriste nos compatriotes\u00a0\u00bb, regrette Bruno Retailleau.&nbsp;&nbsp;<\/p>\n\n\n\n<p class=\"\">Pour Bruno Retailleau, Eric Ciotti&nbsp;\u00ab\u00a0ne peut pas rester \u00e0 la t\u00eate du parti, mais je sais qu&rsquo;il va s&rsquo;accrocher\u00a0\u00bb,&nbsp;anticipe-t-il.<\/p>\n\n\n\n<p class=\"\">.<\/p>\n","protected":false},"excerpt":{"rendered":"<p>Gabriel Attal est au 20h de TF1 : \u00ab\u00a0C&rsquo;est moi qui m\u00e8nerai cette campagne\u00a0\u00bb des \u00e9lections l\u00e9gislatives anticip\u00e9es pour la majorit\u00e9\u00a0\u00bb.\u00a0Le Premier ministre affirme qu&rsquo;il m\u00e8nera la campagne \u00ab\u00a0en tant que chef de la majorit\u00e9, Premier ministre, avec l&rsquo;identit\u00e9 qui est la [mienne] (&#8230;) c&rsquo;est-\u00e0-dire toujours \u00e9couter les Fran\u00e7ais, m\u00eame quand \u00e7a ne fait pas [&hellip;]<\/p>\n","protected":false},"author":2,"featured_media":28507,"comment_status":"open","ping_status":"open","sticky":false,"template":"","format":"standard","meta":{"_jetpack_memberships_contains_paid_content":false,"footnotes":"","jetpack_publicize_message":"","jetpack_publicize_feature_enabled":true,"jetpack_social_post_already_shared":true,"jetpack_social_options":{"image_generator_settings":{"template":"highway","default_image_id":0,"font":"","enabled":false},"version":2},"_wpas_customize_per_network":false},"categories":[405],"tags":[],"class_list":["post-28506","post","type-post","status-publish","format-standard","has-post-thumbnail","hentry","category-actu-france-monde"],"jetpack_publicize_connections":[],"jetpack_featured_media_url":"https:\/\/i0.wp.com\/www.iceagetv.com\/radiosite\/wp-content\/uploads\/2024\/06\/Legislatives-Jordan-Bardella.jpg?fit=679%2C293&ssl=1","jetpack_sharing_enabled":true,"_links":{"self":[{"href":"https:\/\/www.iceagetv.com\/radiosite\/wp-json\/wp\/v2\/posts\/28506","targetHints":{"allow":["GET"]}}],"collection":[{"href":"https:\/\/www.iceagetv.com\/radiosite\/wp-json\/wp\/v2\/posts"}],"about":[{"href":"https:\/\/www.iceagetv.com\/radiosite\/wp-json\/wp\/v2\/types\/post"}],"author":[{"embeddable":true,"href":"https:\/\/www.iceagetv.com\/radiosite\/wp-json\/wp\/v2\/users\/2"}],"replies":[{"embeddable":true,"href":"https:\/\/www.iceagetv.com\/radiosite\/wp-json\/wp\/v2\/comments?post=28506"}],"version-history":[{"count":1,"href":"https:\/\/www.iceagetv.com\/radiosite\/wp-json\/wp\/v2\/posts\/28506\/revisions"}],"predecessor-version":[{"id":28508,"href":"https:\/\/www.iceagetv.com\/radiosite\/wp-json\/wp\/v2\/posts\/28506\/revisions\/28508"}],"wp:featuredmedia":[{"embeddable":true,"href":"https:\/\/www.iceagetv.com\/radiosite\/wp-json\/wp\/v2\/media\/28507"}],"wp:attachment":[{"href":"https:\/\/www.iceagetv.com\/radiosite\/wp-json\/wp\/v2\/media?parent=28506"}],"wp:term":[{"taxonomy":"category","embeddable":true,"href":"https:\/\/www.iceagetv.com\/radiosite\/wp-json\/wp\/v2\/categories?post=28506"},{"taxonomy":"post_tag","embeddable":true,"href":"https:\/\/www.iceagetv.com\/radiosite\/wp-json\/wp\/v2\/tags?post=28506"}],"curies":[{"name":"wp","href":"https:\/\/api.w.org\/{rel}","templated":true}]}}