{"id":28512,"date":"2024-06-12T03:54:37","date_gmt":"2024-06-12T03:54:37","guid":{"rendered":"https:\/\/www.iceagetv.com\/radiosite\/?p=28512"},"modified":"2024-06-12T03:54:37","modified_gmt":"2024-06-12T03:54:37","slug":"francoise-hardy-icone-de-la-chanson-francaise-est-decedee","status":"publish","type":"post","link":"https:\/\/www.iceagetv.com\/radiosite\/francoise-hardy-icone-de-la-chanson-francaise-est-decedee\/","title":{"rendered":"Fran\u00e7oise Hardy, ic\u00f4ne de la chanson fran\u00e7aise, est d\u00e9c\u00e9d\u00e9e"},"content":{"rendered":"\n<p class=\"\">La chanteuse, qui laisse des tubes tels que \u00ab\u00a0Le temps de l\u2019amour\u00a0\u00bb et \u00ab\u00a0Message personnel\u00a0\u00bb, est d\u00e9c\u00e9d\u00e9e ce mardi \u00e0 l\u2019\u00e2ge de 80 ansElle fut la y\u00e9-y\u00e9 m\u00e9lancolique, puis la discr\u00e8te ic\u00f4ne de la chanson fran\u00e7aise. Fran\u00e7oise Hardy est d\u00e9c\u00e9d\u00e9e ce mardi \u00e0 l\u2019\u00e2ge de 80 ans, a annonc\u00e9 son fils\u00a0<a href=\"https:\/\/www.facebook.com\/ThomasDutronc\/posts\/pfbid0NRCcqmU7D2AuNgVA89s5cd3FyN2DESc41GgN9BCmwSYoJopUKnWpq59y3Qh5hrjPl?locale=fr_FR\" target=\"_blank\" rel=\"noreferrer noopener\">Thomas Dutronc sur Facebook<\/a>. \u00ab\u00a0Dans leur grande majorit\u00e9 les Fran\u00e7ais ne connaissent que quelques-unes de mes chansons, celles qui ont \u00e9t\u00e9 diffus\u00e9es, alors qu\u2019il y en a eu des tas d\u2019autres aussi bonnes ou encore meilleures. Assez nombreux par ailleurs sont ceux qui n\u2019ont jamais entendu parler de moi. Ces choses-l\u00e0 doivent \u00eatre relativis\u00e9es\u00a0\u00bb, d\u00e9clarait-elle modestement \u00e0 nos confr\u00e8res du\u00a0<em><a href=\"https:\/\/www.lejdd.fr\/Culture\/francoise-hardy-au-jdd-jacques-dutronc-aura-ete-lhomme-de-ma-vie-4121089\" target=\"_blank\" rel=\"noreferrer noopener\">JDD<\/a><\/em>, en juillet\u00a02022.<\/p>\n\n\n\n<h2 class=\"wp-block-heading\">Soixante ans de carri\u00e8re<\/h2>\n\n\n\n<p class=\"\">Forte d\u2019une carri\u00e8re s\u2019\u00e9talant sur six d\u00e9cennies, avec des p\u00e9riodes de mise en retrait plus ou moins longues, Fran\u00e7oise Hardy a vu plusieurs de ses titres devenir des classiques du r\u00e9pertoire francophone, \u00e0 commencer par&nbsp;<em>Tous les gar\u00e7ons et les filles<\/em>&nbsp;qui l\u2019a r\u00e9v\u00e9l\u00e9e en&nbsp;1962.<\/p>\n\n\n\n<p class=\"\">Retenons aussi&nbsp;<em>Le Temps de l\u2019amour<\/em>,&nbsp;<em>L\u2019Amiti\u00e9<\/em>,&nbsp;<em>Mon amie la rose<\/em>&nbsp;ou&nbsp;<em>La Maison o\u00f9 j\u2019ai grandi<\/em>, mais aussi&nbsp;<em>Comment te dire adieu<\/em>&nbsp;sign\u00e9 par Serge Gainsbourg. Mais s\u2019il ne fallait citer qu\u2019un titre, notre choix se porterait sans conteste sur&nbsp;<em>Message personnel<\/em>, qu\u2019elle a co\u00e9crit avec Michel Berger. C\u00f4t\u00e9 albums, les m\u00e9lomanes ne sauront que trop conseiller d\u2019\u00e9couter l\u2019intimiste&nbsp;<em>La Question<\/em>&nbsp;paru en&nbsp;1971.<\/p>\n","protected":false},"excerpt":{"rendered":"<p>La chanteuse, qui laisse des tubes tels que \u00ab\u00a0Le temps de l\u2019amour\u00a0\u00bb et \u00ab\u00a0Message personnel\u00a0\u00bb, est d\u00e9c\u00e9d\u00e9e ce mardi \u00e0 l\u2019\u00e2ge de 80 ansElle fut la y\u00e9-y\u00e9 m\u00e9lancolique, puis la discr\u00e8te ic\u00f4ne de la chanson fran\u00e7aise. Fran\u00e7oise Hardy est d\u00e9c\u00e9d\u00e9e ce mardi \u00e0 l\u2019\u00e2ge de 80 ans, a annonc\u00e9 son fils\u00a0Thomas Dutronc sur Facebook. \u00ab\u00a0Dans [&hellip;]<\/p>\n","protected":false},"author":2,"featured_media":28513,"comment_status":"open","ping_status":"open","sticky":false,"template":"","format":"standard","meta":{"_jetpack_memberships_contains_paid_content":false,"footnotes":"","jetpack_publicize_message":"","jetpack_publicize_feature_enabled":true,"jetpack_social_post_already_shared":true,"jetpack_social_options":{"image_generator_settings":{"template":"highway","default_image_id":0,"font":"","enabled":false},"version":2},"_wpas_customize_per_network":false},"categories":[68],"tags":[],"class_list":["post-28512","post","type-post","status-publish","format-standard","has-post-thumbnail","hentry","category-actu-culturelle"],"jetpack_publicize_connections":[],"jetpack_featured_media_url":"https:\/\/i0.wp.com\/www.iceagetv.com\/radiosite\/wp-content\/uploads\/2024\/06\/Screenshot_20240612_055350.jpg?fit=884%2C566&ssl=1","jetpack_sharing_enabled":true,"_links":{"self":[{"href":"https:\/\/www.iceagetv.com\/radiosite\/wp-json\/wp\/v2\/posts\/28512","targetHints":{"allow":["GET"]}}],"collection":[{"href":"https:\/\/www.iceagetv.com\/radiosite\/wp-json\/wp\/v2\/posts"}],"about":[{"href":"https:\/\/www.iceagetv.com\/radiosite\/wp-json\/wp\/v2\/types\/post"}],"author":[{"embeddable":true,"href":"https:\/\/www.iceagetv.com\/radiosite\/wp-json\/wp\/v2\/users\/2"}],"replies":[{"embeddable":true,"href":"https:\/\/www.iceagetv.com\/radiosite\/wp-json\/wp\/v2\/comments?post=28512"}],"version-history":[{"count":1,"href":"https:\/\/www.iceagetv.com\/radiosite\/wp-json\/wp\/v2\/posts\/28512\/revisions"}],"predecessor-version":[{"id":28514,"href":"https:\/\/www.iceagetv.com\/radiosite\/wp-json\/wp\/v2\/posts\/28512\/revisions\/28514"}],"wp:featuredmedia":[{"embeddable":true,"href":"https:\/\/www.iceagetv.com\/radiosite\/wp-json\/wp\/v2\/media\/28513"}],"wp:attachment":[{"href":"https:\/\/www.iceagetv.com\/radiosite\/wp-json\/wp\/v2\/media?parent=28512"}],"wp:term":[{"taxonomy":"category","embeddable":true,"href":"https:\/\/www.iceagetv.com\/radiosite\/wp-json\/wp\/v2\/categories?post=28512"},{"taxonomy":"post_tag","embeddable":true,"href":"https:\/\/www.iceagetv.com\/radiosite\/wp-json\/wp\/v2\/tags?post=28512"}],"curies":[{"name":"wp","href":"https:\/\/api.w.org\/{rel}","templated":true}]}}