{"id":28516,"date":"2024-06-12T11:02:15","date_gmt":"2024-06-12T11:02:15","guid":{"rendered":"https:\/\/www.iceagetv.com\/radiosite\/?p=28516"},"modified":"2024-06-12T11:02:15","modified_gmt":"2024-06-12T11:02:15","slug":"legislatives-emmanuel-macron-estime-que-les-masques-tombent-et-denonce-des-alliances-contre-nature-aux-deux-extremes-je-ne-veux-pas-donner-les-cles-du-pouvoir-a-lextreme-droite-en-2027","status":"publish","type":"post","link":"https:\/\/www.iceagetv.com\/radiosite\/legislatives-emmanuel-macron-estime-que-les-masques-tombent-et-denonce-des-alliances-contre-nature-aux-deux-extremes-je-ne-veux-pas-donner-les-cles-du-pouvoir-a-lextreme-droite-en-2027\/","title":{"rendered":"L\u00e9gislatives: Emmanuel Macron estime que \u00ab\u00a0les masques tombent\u00a0\u00bb et d\u00e9nonce \u00ab\u00a0des alliances contre nature aux deux extr\u00eames\u00a0\u00bb &#8211; \u00ab\u00a0Je ne veux pas donner les cl\u00e9s du pouvoir \u00e0 l&rsquo;extr\u00eame droite en 2027\u00a0\u00bb"},"content":{"rendered":"\n<p class=\"\"><strong>Le point sur ce qu&rsquo;il faut retenir de la conf\u00e9rence de presse d&rsquo;Emmanuel Macron<\/strong><\/p>\n\n\n\n<p class=\"\">Emmanuel Macron a expos\u00e9 mercredi sa volont\u00e9 de faire gagner ceux qui disent \u00ab&nbsp;non aux extr\u00eames&nbsp;\u00bb, autour du bloc central, lan\u00e7ant un appel au \u00ab&nbsp;rassemblement&nbsp;\u00bb \u00e0 18 jours de l\u00e9gislatives anticip\u00e9es d\u00e9crites comme une \u00ab&nbsp;bataille des valeurs&nbsp;\u00bb.<\/p>\n\n\n\n<p class=\"\">Apr\u00e8s sa d\u00e9cision dimanche de dissoudre l\u2019Assembl\u00e9e nationale qui a surpris tout le monde y compris dans son propre camp, le pr\u00e9sident de la R\u00e9publqie a justifi\u00e9, lors d\u2019une conf\u00e9rence de presse, le seul choix qui \u00ab&nbsp;permet la clarification des choses&nbsp;\u00bb.<\/p>\n\n\n\n<p class=\"\">\u00ab&nbsp;Je ne veux pas donner les cl\u00e9s du pouvoir \u00e0 l\u2019extr\u00eame droite en 2027&nbsp;\u00bb, a affirm\u00e9 Emmanuel Macron. \u00ab&nbsp;Le sursaut, c\u2019est pour maintenant&nbsp;\u00bb, a-t-il ajout\u00e9, estimant qu\u2019il fallait interrompre un processus en train de \u00ab&nbsp;se faire sourdement&nbsp;\u00bb, celui de l\u2019accession au pouvoir du RN.<\/p>\n\n\n\n<p class=\"\">Il a \u00e9galement r\u00e9affirm\u00e9 qu\u2019il ne d\u00e9missionnerait pas quel que soit le r\u00e9sultat du scrutin. Il a ajout\u00e9 qu\u2019il ne souhaitait pas d\u00e9battre, avant ces l\u00e9gislatives, avec Marine Le Pen, apr\u00e8s l\u2019avoir pourtant propos\u00e9 lors de la campagne des europ\u00e9ennes.<\/p>\n\n\n\n<p class=\"\">Quelques jours apr\u00e8s des r\u00e9sultats catastrophiques aux europ\u00e9ennes, o\u00f9 l\u2019extr\u00eame droite a engrang\u00e9 pr\u00e8s de 40% des voix, il n\u2019a retenu ses coups ni contre le RN ni contre La France insoumise, \u00ab&nbsp;deux blocs&nbsp;\u00bb, \u00ab&nbsp;deux extr\u00eames&nbsp;\u00bb, a-t-il r\u00e9p\u00e9t\u00e9 dans son propos liminaire.<\/p>\n\n\n\n<p class=\"\">Il a accus\u00e9 La France insoumise d\u2019\u00ab&nbsp;antis\u00e9mitisme&nbsp;\u00bb et d\u2019\u00ab&nbsp;antiparlementarisme&nbsp;\u00bb, fustigeant le mouvement de Jean-Luc M\u00e9lenchon pour avoir \u00ab&nbsp;cr\u00e9\u00e9 un d\u00e9sordre parfois constant&nbsp;\u00bb et \u00ab&nbsp;inqui\u00e9tant&nbsp;\u00bb \u00e0 l\u2019Assembl\u00e9e nationale. Et le RN d\u2019ambiguit\u00e9 \u00e0 l\u2019\u00e9gard de la Russie, d\u2019une volont\u00e9 de \u00ab&nbsp;sortir de l\u2019Otan&nbsp;\u00bb et d\u2019un discours contradictoire sur les retraites.<\/p>\n\n\n\n<p class=\"\">\u00ab&nbsp;Les masques tombent&nbsp;\u00bb, a-t-il d\u00e9nonc\u00e9, en \u00e9voquant le ralliement du patron des R\u00e9publicains \u00c9ric Ciotti au Rassemblement national et l\u2019entente \u00e0 gauche entre PS, PCF, Ecologistes et la France insoumise, dans un \u00ab&nbsp;front populaire&nbsp;\u00bb.<\/p>\n\n\n\n<p class=\"\">\u00ab&nbsp;Bricolages d\u2019appareils&nbsp;\u00bb, \u00ab&nbsp;alliances contre-nature&nbsp;\u00bb, ce ne sont selon lui \u00ab&nbsp;en aucun cas des majorit\u00e9s pour gouverner&nbsp;\u00bb.<\/p>\n\n\n\n<p class=\"\">M. Macron, qui a annonc\u00e9 notamment \u00ab&nbsp;un grand d\u00e9bat sur la la\u00efcit\u00e9&nbsp;\u00bb et le maintien de l\u2019indexation des pensions de retraites sur l\u2019inflation s\u2019exprimait en pr\u00e9sence de son gouvernement et des chefs de la majorit\u00e9, \u00e0 l\u2019exception d\u2019\u00c9douard Philippe qui a estim\u00e9 mardi \u00ab&nbsp;pas compl\u00e8tement sain&nbsp;\u00bb que le pr\u00e9sident s\u2019implique trop dans la campagne.<\/p>\n\n\n\n<p class=\"\">De fait, au sein de la majorit\u00e9, les voix sont tr\u00e8s nombreuses qui souhaiteraient voir le chef de l\u2019Etat qui cristallise toutes les critiques, se mettre en retrait de la campagne, lui pr\u00e9f\u00e9rant Gabriel Attal pour mener la bataille.<\/p>\n\n\n\n<p class=\"\"><strong>&nbsp;<\/strong><strong>Apr\u00e8s avoir pris la parole pendant 30 minutes, Emmanuel Macron r\u00e9pond aux questions des nombreux journalistes pr\u00e9sents dans la salle<\/strong><\/p>\n\n\n\n<p class=\"\">\u00ab\u00a0Je ne veux pas donner les cl\u00e9s du pouvoir \u00e0 l&rsquo;extr\u00eame droite en 2027\u00a0\u00bb. Le chef de l\u2019Etat affirme qu\u2019il ne compte pas d\u00e9missionner. \u00ab\u00a0C\u2019est absurde\u00a0\u00bb<\/p>\n\n\n\n<p class=\"\">Emmanuel Macron assure qu&rsquo;il ne d\u00e9missionnera pas et qu&rsquo;il ne d\u00e9battra pas avec Marine Le Pen avant les l\u00e9gislatives anticip\u00e9es. Le pr\u00e9sident affirme \u00ab\u00a0suspendre\u00a0\u00bb la r\u00e9forme \u00e9lectorale contest\u00e9e en Nouvelle-Cal\u00e9donie<\/p>\n\n\n\n<p class=\"\">Pour Emmanuel Macron, le pr\u00e9sident des R\u00e9publicains Eric Ciotti \u00ab\u00a0a fait le pacte du diable\u00a0\u00bb avec le RN<\/p>\n\n\n\n<p class=\"\">Le pr\u00e9sident fran\u00e7ais Emmanuel Macron a appel\u00e9 mercredi \u00e0 rassembler tous ceux qui auront \u00ab\u00a0su dire non aux extr\u00eames\u00a0\u00bb, avant ou apr\u00e8s les \u00e9lections l\u00e9gislatives anticip\u00e9es qu&rsquo;il a convoqu\u00e9es apr\u00e8s la d\u00e9b\u00e2cle de son camp aux europ\u00e9ennes, remport\u00e9es par l&rsquo;extr\u00eame droite.<\/p>\n\n\n\n<p class=\"\">\u00ab\u00a0J&rsquo;ai le souhait que se rassemblent, le moment venu, avant ou apr\u00e8s (le scrutin), les femmes et les hommes de bonne volont\u00e9 qui auront ensemble su dire non aux extr\u00eames\u00a0\u00bb, a-t-il d\u00e9clar\u00e9 lors d&rsquo;une conf\u00e9rence de presse, chargeant les partis de sa majorit\u00e9 d&rsquo;entamer des discussions avec d&rsquo;autres formations politiques et renvoyant dos-\u00e0-dos l&rsquo;extr\u00eame droite, qui pr\u00f4nerait \u00ab\u00a0l&rsquo;exclusion\u00a0\u00bb, et l&rsquo;extr\u00eame gauche qu&rsquo;il accuse \u00ab\u00a0d&rsquo;antis\u00e9mitisme\u00a0\u00bb et \u00ab\u00a0d&rsquo;antiparlementarisme\u00a0\u00bb.<\/p>\n","protected":false},"excerpt":{"rendered":"<p>Le point sur ce qu&rsquo;il faut retenir de la conf\u00e9rence de presse d&rsquo;Emmanuel Macron Emmanuel Macron a expos\u00e9 mercredi sa volont\u00e9 de faire gagner ceux qui disent \u00ab&nbsp;non aux extr\u00eames&nbsp;\u00bb, autour du bloc central, lan\u00e7ant un appel au \u00ab&nbsp;rassemblement&nbsp;\u00bb \u00e0 18 jours de l\u00e9gislatives anticip\u00e9es d\u00e9crites comme une \u00ab&nbsp;bataille des valeurs&nbsp;\u00bb. Apr\u00e8s sa d\u00e9cision dimanche [&hellip;]<\/p>\n","protected":false},"author":2,"featured_media":28517,"comment_status":"open","ping_status":"open","sticky":false,"template":"","format":"standard","meta":{"_jetpack_memberships_contains_paid_content":false,"footnotes":"","jetpack_publicize_message":"","jetpack_publicize_feature_enabled":true,"jetpack_social_post_already_shared":true,"jetpack_social_options":{"image_generator_settings":{"template":"highway","default_image_id":0,"font":"","enabled":false},"version":2},"_wpas_customize_per_network":false},"categories":[405],"tags":[],"class_list":["post-28516","post","type-post","status-publish","format-standard","has-post-thumbnail","hentry","category-actu-france-monde"],"jetpack_publicize_connections":[],"jetpack_featured_media_url":"https:\/\/i0.wp.com\/www.iceagetv.com\/radiosite\/wp-content\/uploads\/2024\/06\/Legislatives-Emmanuel-Macron.jpg?fit=679%2C293&ssl=1","jetpack_sharing_enabled":true,"_links":{"self":[{"href":"https:\/\/www.iceagetv.com\/radiosite\/wp-json\/wp\/v2\/posts\/28516","targetHints":{"allow":["GET"]}}],"collection":[{"href":"https:\/\/www.iceagetv.com\/radiosite\/wp-json\/wp\/v2\/posts"}],"about":[{"href":"https:\/\/www.iceagetv.com\/radiosite\/wp-json\/wp\/v2\/types\/post"}],"author":[{"embeddable":true,"href":"https:\/\/www.iceagetv.com\/radiosite\/wp-json\/wp\/v2\/users\/2"}],"replies":[{"embeddable":true,"href":"https:\/\/www.iceagetv.com\/radiosite\/wp-json\/wp\/v2\/comments?post=28516"}],"version-history":[{"count":1,"href":"https:\/\/www.iceagetv.com\/radiosite\/wp-json\/wp\/v2\/posts\/28516\/revisions"}],"predecessor-version":[{"id":28518,"href":"https:\/\/www.iceagetv.com\/radiosite\/wp-json\/wp\/v2\/posts\/28516\/revisions\/28518"}],"wp:featuredmedia":[{"embeddable":true,"href":"https:\/\/www.iceagetv.com\/radiosite\/wp-json\/wp\/v2\/media\/28517"}],"wp:attachment":[{"href":"https:\/\/www.iceagetv.com\/radiosite\/wp-json\/wp\/v2\/media?parent=28516"}],"wp:term":[{"taxonomy":"category","embeddable":true,"href":"https:\/\/www.iceagetv.com\/radiosite\/wp-json\/wp\/v2\/categories?post=28516"},{"taxonomy":"post_tag","embeddable":true,"href":"https:\/\/www.iceagetv.com\/radiosite\/wp-json\/wp\/v2\/tags?post=28516"}],"curies":[{"name":"wp","href":"https:\/\/api.w.org\/{rel}","templated":true}]}}