{"id":28532,"date":"2024-06-12T18:32:29","date_gmt":"2024-06-12T18:32:29","guid":{"rendered":"https:\/\/www.iceagetv.com\/radiosite\/?p=28532"},"modified":"2024-06-12T18:32:29","modified_gmt":"2024-06-12T18:32:29","slug":"appel-a-la-greve-samedi-a-bfm-tv-et-rmc-pour-protester-contre-lextreme-droite-cessons-de-feindre-lindifference-derriere-une-neutralite-de-confort-lancent-la-cgt-et-le-syndicat-national-des","status":"publish","type":"post","link":"https:\/\/www.iceagetv.com\/radiosite\/appel-a-la-greve-samedi-a-bfm-tv-et-rmc-pour-protester-contre-lextreme-droite-cessons-de-feindre-lindifference-derriere-une-neutralite-de-confort-lancent-la-cgt-et-le-syndicat-national-des\/","title":{"rendered":"Appel \u00e0 la gr\u00e8ve samedi \u00e0 BFM TV et RMC pour protester contre l&rsquo;extr\u00eame-droite : \u00ab\u00a0Cessons de feindre l&rsquo;indiff\u00e9rence derri\u00e8re une neutralit\u00e9 de confort\u00a0\u00bb, lancent la CGT et le Syndicat National des Journalistes"},"content":{"rendered":"\n<p class=\"\">Les syndicats CGT et SNJ d&rsquo;Altice Media, maison m\u00e8re de BFMTV et RMC, appellent \u00e0 la gr\u00e8ve samedi pour permettre aux salari\u00e9s du groupe de prendre leur \u00ab\u00a0part contre l&rsquo;extr\u00eame droite\u00a0\u00bb et participer aux manifestations pr\u00e9vues \u00e0 l&rsquo;appel d&rsquo;une intersyndicale et de la gauche.<\/p>\n\n\n\n<p class=\"\">\u00ab\u00a0Cessons de feindre l&rsquo;indiff\u00e9rence derri\u00e8re une neutralit\u00e9 de confort\u00a0\u00bb, lancent la CGT et le SNJ (Syndicat national des journalistes) d&rsquo;Altice Media dans un tract publi\u00e9 sur X, rappelant aux \u00ab\u00a0journalistes\u00a0\u00bb, \u00ab\u00a0techniciens\u00a0\u00bb et autres \u00ab\u00a0employ\u00e9s\u00a0\u00bb qu&rsquo;ils sont \u00e9galement \u00ab\u00a0citoyens\u00a0\u00bb. \u00ab\u00a0Nous connaissons collectivement la dangerosit\u00e9 de l&rsquo;arriv\u00e9e de l&rsquo;extr\u00eame droite \u00e0 la t\u00eate du gouvernement\u00a0\u00bb, \u00e9crivent les syndicats, citant \u00ab\u00a0la chasse raciste d&rsquo;un +ennemi de l&rsquo;int\u00e9rieur+, le renforcement du patriarcat et de la haine anti-LGBT, la concentration accrue des m\u00e9dias et la casse de nos droits sociaux\u00a0\u00bb.<\/p>\n\n\n\n<p class=\"\">\u00ab\u00a0Parce que nous les observons, parce que nous enqu\u00eatons sur eux, nous savons qu&rsquo;un gouvernement d&rsquo;extr\u00eame droite serait d&rsquo;une toute autre nature que tout ce que nous avons connu\u00a0\u00bb, poursuivent-ils, alors que le RN se pr\u00e9sentera en position de force aux l\u00e9gislatives anticip\u00e9es des 30 juin et 7 juillet, apr\u00e8s sa large victoire aux europ\u00e9ennes.<\/p>\n\n\n\n<p class=\"\">\u00ab\u00a0Nous qui travaillons dans les m\u00e9dias, avons le devoir de rejoindre le sursaut populaire et de la jeunesse en cours\u00a0\u00bb, estiment-ils. \u00ab\u00a0Face \u00e0 l&rsquo;urgence de la situation\u00a0\u00bb, ils appellent \u00ab\u00a0donc \u00e0 la gr\u00e8ve samedi\u00a0\u00bb pour permettre la mobilisation des salari\u00e9s du groupe \u00ab\u00a0\u00e0 Paris et en r\u00e9gion\u00a0\u00bb.<\/p>\n\n\n\n<p class=\"\">Lundi, cinq organisations syndicales (la CFDT, la CGT, l&rsquo;UNSA, la FSU et Solidaires) ont appel\u00e9 \u00e0 manifester le week-end prochain, rejointes par le Parti socialiste, le Parti communiste, les \u00c9cologistes et La France insoumise, \u00ab\u00a0pour porter la n\u00e9cessit\u00e9 d&rsquo;alternatives de progr\u00e8s pour le monde du travail\u00a0\u00bb.<\/p>\n\n\n\n<p class=\"\">Le m\u00eame jour, des milliers de personnes, dont de tr\u00e8s nombreux jeunes, s&rsquo;\u00e9taient d\u00e9j\u00e0 rassembl\u00e9es dans plusieurs villes de France pour dire leur opposition \u00e0 l&rsquo;extr\u00eame droite, \u00ab\u00a0aux portes du pouvoir\u00a0\u00bb.<\/p>\n","protected":false},"excerpt":{"rendered":"<p>Les syndicats CGT et SNJ d&rsquo;Altice Media, maison m\u00e8re de BFMTV et RMC, appellent \u00e0 la gr\u00e8ve samedi pour permettre aux salari\u00e9s du groupe de prendre leur \u00ab\u00a0part contre l&rsquo;extr\u00eame droite\u00a0\u00bb et participer aux manifestations pr\u00e9vues \u00e0 l&rsquo;appel d&rsquo;une intersyndicale et de la gauche. \u00ab\u00a0Cessons de feindre l&rsquo;indiff\u00e9rence derri\u00e8re une neutralit\u00e9 de confort\u00a0\u00bb, lancent la [&hellip;]<\/p>\n","protected":false},"author":2,"featured_media":28533,"comment_status":"open","ping_status":"open","sticky":false,"template":"","format":"standard","meta":{"_jetpack_memberships_contains_paid_content":false,"footnotes":"","jetpack_publicize_message":"","jetpack_publicize_feature_enabled":true,"jetpack_social_post_already_shared":true,"jetpack_social_options":{"image_generator_settings":{"template":"highway","default_image_id":0,"font":"","enabled":false},"version":2},"_wpas_customize_per_network":false},"categories":[405],"tags":[],"class_list":["post-28532","post","type-post","status-publish","format-standard","has-post-thumbnail","hentry","category-actu-france-monde"],"jetpack_publicize_connections":[],"jetpack_featured_media_url":"https:\/\/i0.wp.com\/www.iceagetv.com\/radiosite\/wp-content\/uploads\/2024\/06\/Appel-a-la-greve-samedi-a-BFM-TV-et-RMC.jpg?fit=679%2C293&ssl=1","jetpack_sharing_enabled":true,"_links":{"self":[{"href":"https:\/\/www.iceagetv.com\/radiosite\/wp-json\/wp\/v2\/posts\/28532","targetHints":{"allow":["GET"]}}],"collection":[{"href":"https:\/\/www.iceagetv.com\/radiosite\/wp-json\/wp\/v2\/posts"}],"about":[{"href":"https:\/\/www.iceagetv.com\/radiosite\/wp-json\/wp\/v2\/types\/post"}],"author":[{"embeddable":true,"href":"https:\/\/www.iceagetv.com\/radiosite\/wp-json\/wp\/v2\/users\/2"}],"replies":[{"embeddable":true,"href":"https:\/\/www.iceagetv.com\/radiosite\/wp-json\/wp\/v2\/comments?post=28532"}],"version-history":[{"count":1,"href":"https:\/\/www.iceagetv.com\/radiosite\/wp-json\/wp\/v2\/posts\/28532\/revisions"}],"predecessor-version":[{"id":28534,"href":"https:\/\/www.iceagetv.com\/radiosite\/wp-json\/wp\/v2\/posts\/28532\/revisions\/28534"}],"wp:featuredmedia":[{"embeddable":true,"href":"https:\/\/www.iceagetv.com\/radiosite\/wp-json\/wp\/v2\/media\/28533"}],"wp:attachment":[{"href":"https:\/\/www.iceagetv.com\/radiosite\/wp-json\/wp\/v2\/media?parent=28532"}],"wp:term":[{"taxonomy":"category","embeddable":true,"href":"https:\/\/www.iceagetv.com\/radiosite\/wp-json\/wp\/v2\/categories?post=28532"},{"taxonomy":"post_tag","embeddable":true,"href":"https:\/\/www.iceagetv.com\/radiosite\/wp-json\/wp\/v2\/tags?post=28532"}],"curies":[{"name":"wp","href":"https:\/\/api.w.org\/{rel}","templated":true}]}}