{"id":28540,"date":"2024-06-13T14:03:15","date_gmt":"2024-06-13T14:03:15","guid":{"rendered":"https:\/\/www.iceagetv.com\/radiosite\/?p=28540"},"modified":"2024-06-13T14:03:15","modified_gmt":"2024-06-13T14:03:15","slug":"le-senateur-reconquete-des-bouches-du-rhone-stephane-ravier-apporte-son-soutien-a-marion-marechal-dans-son-conflit-ouvert-avec-eric-zemmour-nous-naurions-jamais-du-en-arriver-la","status":"publish","type":"post","link":"https:\/\/www.iceagetv.com\/radiosite\/le-senateur-reconquete-des-bouches-du-rhone-stephane-ravier-apporte-son-soutien-a-marion-marechal-dans-son-conflit-ouvert-avec-eric-zemmour-nous-naurions-jamais-du-en-arriver-la\/","title":{"rendered":"Le s\u00e9nateur Reconqu\u00eate! des Bouches-du-Rh\u00f4ne St\u00e9phane Ravier apporte son soutien \u00e0 Marion Mar\u00e9chal dans son conflit ouvert avec Eric Zemmour: \u00ab\u00a0Nous n&rsquo;aurions jamais d\u00fb en arriver l\u00e0!\u00a0\u00bb"},"content":{"rendered":"\n<p class=\"\">Apr\u00e8s Marion Mar\u00e9chal, qui a \u00e9t\u00e9 exclue du parti d\u2019Eric Zemmour pour avoir pr\u00f4n\u00e9 l\u2019alliance avec le Rassemblement national, St\u00e9phane Ravier appelle dans un communiqu\u00e9 de presse&nbsp;son parti Reconqu\u00eate \u00e0 ne pas pr\u00e9senter de candidats face \u00e0 la \u00ab\u00a0coalition des droites\u00a0\u00bb.&nbsp;<\/p>\n\n\n\n<p class=\"\">Le s\u00e9nateur&nbsp;Bouches-du-Rh\u00f4ne indique: \u00ab\u00a0J&rsquo;ai pris acte de l&rsquo;exclusion de Marion Mar\u00e9chal de Reconqu\u00eate! et je la regrette.<\/p>\n\n\n\n<p class=\"\">Nous n&rsquo;aurions jamais d\u00fb en arriver l\u00e0, \u00e0 cet immense g\u00e2chis. \u00c0 ma modeste mesure, j&rsquo;ai \u00e0 plusieurs reprises tent\u00e9 d&rsquo;apaiser les tensions avec Eric Zemmour.\u00a0\u00bb<\/p>\n\n\n\n<p class=\"\">Et d&rsquo;ajouter: \u00ab\u00a0Sans Reconqu\u00eate! et son pr\u00e9sident, jamais la formidable recomposition politique \u00e0 laquelle nous assistons n&rsquo;aurait eu lieu.<\/p>\n\n\n\n<p class=\"\">Cette recomposition donne une chance historique \u00e0 une coalition des droites d&rsquo;\u00eatre majoritaire \u00e0 l&rsquo;Assembl\u00e9e nationale. Des millions de Fran\u00e7ais nous regardent, esp\u00e9rant que cette fois, pour la premi\u00e8re fois, l&rsquo;alternative politique \u00e0 laquelle ils aspirent depuis des d\u00e9cennies advienne. Ce rendez-vous, nous ne pouvons pas le manquer.\u00a0\u00bb<\/p>\n\n\n\n<p class=\"\">Avant de poursuivre: \u00ab\u00a0C&rsquo;est pourquoi je m&rsquo;inscris dans la d\u00e9marche de Marion Mar\u00e9chal de soutenir l&rsquo;Union nationale, quel qu&rsquo;en soit le prix: les Fran\u00e7ais l&rsquo;attendent, la France le m\u00e9rite. A l&rsquo;heure des plus grands p\u00e9rils, les h\u00e9sitations et les atermoiements n&rsquo;ont plus lieu d&rsquo;\u00eatre. Tout doit \u00eatre mis en \u0153uvre pour porter une majorit\u00e9 patriote au Parlement.\u00a0\u00bb<\/p>\n\n\n\n<p class=\"\">\u00ab\u00a0J&rsquo;appelle donc aussi \u00e0 voter pour l&rsquo;int\u00e9gralit\u00e9 des candidats de cette coalition des droites, et Reconqu\u00eate! \u00e0 ne pas pr\u00e9senter de candidats.\u00a0\u00bb, a-t-il indiqu\u00e9.<\/p>\n\n\n\n<p class=\"\">\u00ab\u00a0Je renouvelle enfin mon admiration et mes remerciements pour les militants de Reconqu\u00eate! qui, depuis deux ans, n&rsquo;ont jamais cess\u00e9 de militer et ont port\u00e9 haut et fort leur espoir de voir enfin na\u00eetre l&rsquo;union des droites.<\/p>\n\n\n\n<p class=\"\">R\u00e9jouissez-vous : elle est l\u00e0, pour Marseille et pour la France.\u00a0\u00bb, a-t-il conclu.<\/p>\n","protected":false},"excerpt":{"rendered":"<p>Apr\u00e8s Marion Mar\u00e9chal, qui a \u00e9t\u00e9 exclue du parti d\u2019Eric Zemmour pour avoir pr\u00f4n\u00e9 l\u2019alliance avec le Rassemblement national, St\u00e9phane Ravier appelle dans un communiqu\u00e9 de presse&nbsp;son parti Reconqu\u00eate \u00e0 ne pas pr\u00e9senter de candidats face \u00e0 la \u00ab\u00a0coalition des droites\u00a0\u00bb.&nbsp; Le s\u00e9nateur&nbsp;Bouches-du-Rh\u00f4ne indique: \u00ab\u00a0J&rsquo;ai pris acte de l&rsquo;exclusion de Marion Mar\u00e9chal de Reconqu\u00eate! et [&hellip;]<\/p>\n","protected":false},"author":2,"featured_media":28542,"comment_status":"open","ping_status":"open","sticky":false,"template":"","format":"standard","meta":{"_jetpack_memberships_contains_paid_content":false,"footnotes":"","jetpack_publicize_message":"","jetpack_publicize_feature_enabled":true,"jetpack_social_post_already_shared":true,"jetpack_social_options":{"image_generator_settings":{"template":"highway","default_image_id":0,"font":"","enabled":false},"version":2},"_wpas_customize_per_network":false},"categories":[405],"tags":[],"class_list":["post-28540","post","type-post","status-publish","format-standard","has-post-thumbnail","hentry","category-actu-france-monde"],"jetpack_publicize_connections":[],"jetpack_featured_media_url":"https:\/\/i0.wp.com\/www.iceagetv.com\/radiosite\/wp-content\/uploads\/2024\/06\/Le-senateur-Reconquete-des-Bouches-du-Rhone.jpg?fit=679%2C293&ssl=1","jetpack_sharing_enabled":true,"_links":{"self":[{"href":"https:\/\/www.iceagetv.com\/radiosite\/wp-json\/wp\/v2\/posts\/28540","targetHints":{"allow":["GET"]}}],"collection":[{"href":"https:\/\/www.iceagetv.com\/radiosite\/wp-json\/wp\/v2\/posts"}],"about":[{"href":"https:\/\/www.iceagetv.com\/radiosite\/wp-json\/wp\/v2\/types\/post"}],"author":[{"embeddable":true,"href":"https:\/\/www.iceagetv.com\/radiosite\/wp-json\/wp\/v2\/users\/2"}],"replies":[{"embeddable":true,"href":"https:\/\/www.iceagetv.com\/radiosite\/wp-json\/wp\/v2\/comments?post=28540"}],"version-history":[{"count":1,"href":"https:\/\/www.iceagetv.com\/radiosite\/wp-json\/wp\/v2\/posts\/28540\/revisions"}],"predecessor-version":[{"id":28543,"href":"https:\/\/www.iceagetv.com\/radiosite\/wp-json\/wp\/v2\/posts\/28540\/revisions\/28543"}],"wp:featuredmedia":[{"embeddable":true,"href":"https:\/\/www.iceagetv.com\/radiosite\/wp-json\/wp\/v2\/media\/28542"}],"wp:attachment":[{"href":"https:\/\/www.iceagetv.com\/radiosite\/wp-json\/wp\/v2\/media?parent=28540"}],"wp:term":[{"taxonomy":"category","embeddable":true,"href":"https:\/\/www.iceagetv.com\/radiosite\/wp-json\/wp\/v2\/categories?post=28540"},{"taxonomy":"post_tag","embeddable":true,"href":"https:\/\/www.iceagetv.com\/radiosite\/wp-json\/wp\/v2\/tags?post=28540"}],"curies":[{"name":"wp","href":"https:\/\/api.w.org\/{rel}","templated":true}]}}