{"id":28579,"date":"2024-06-16T07:55:22","date_gmt":"2024-06-16T07:55:22","guid":{"rendered":"https:\/\/www.iceagetv.com\/radiosite\/?p=28579"},"modified":"2024-06-16T07:55:22","modified_gmt":"2024-06-16T07:55:22","slug":"legislatives-face-aux-polemiques-de-plus-en-plus-virulentes-le-depute-sortant-adrien-quatennens-investi-par-lfi-dans-le-nord-annonce-retirer-sa-candidature","status":"publish","type":"post","link":"https:\/\/www.iceagetv.com\/radiosite\/legislatives-face-aux-polemiques-de-plus-en-plus-virulentes-le-depute-sortant-adrien-quatennens-investi-par-lfi-dans-le-nord-annonce-retirer-sa-candidature\/","title":{"rendered":"L\u00e9gislatives : Face aux pol\u00e9miques de plus en plus virulentes, le d\u00e9put\u00e9 sortant Adrien Quatennens, investi par LFI dans le Nord, annonce retirer sa candidature"},"content":{"rendered":"\n<p class=\"\">Le d\u00e9put\u00e9 sortant Adrien Quatennens, investi par LFI dans le Nord, annonce retirer sa candidature aux l\u00e9gislatives anticip\u00e9es, lors d&rsquo;une conf\u00e9rence de presse qu&rsquo;il tient depuis 9h ce matin et qui est retransmise en direct sur les r\u00e9seaux sociaux.<\/p>\n\n\n\n<p class=\"\">\u00ab\u00a0J&rsquo;ai la conviction intime que ma situation n&rsquo;est qu&rsquo;un pr\u00e9texte utilis\u00e9 pour faire de la politique, j&rsquo;ai le droit de le penser. J&rsquo;aurais pr\u00e9f\u00e9r\u00e9 que l&rsquo;on m&rsquo;affronte loyalement, avec des bulletins de vote\u00a0\u00bb affirme&nbsp; Adrien Quatennens, se disant la cible de \u00ab pressions \u00bb pour se mettre en retrait.<\/p>\n\n\n\n<p class=\"\">Il a aussi \u00e9voqu\u00e9 de nombreux soutiens selon lesquels \u00ab les r\u00e9seaux sociaux ni personne ne doit rendre la justice apr\u00e8s qu&rsquo;elle a \u00e9t\u00e9 rendue \u00bb.<\/p>\n\n\n\n<p class=\"\">\u00ab\u00a0Ma vie priv\u00e9e et mon engagement politique se sont percut\u00e9s pour produire ce qu&rsquo;on a appel\u00e9 l&rsquo;affaire Quatennens \u00bb, poursuit le d\u00e9put\u00e9 sortant du Nord. \u00ab\u00a0Cette gifle, je l&rsquo;ai imm\u00e9diatement regrett\u00e9e. (\u2026) J&rsquo;ai pris la d\u00e9cision de ne pas me d\u00e9rober, de reconna\u00eetre ma faute. J&rsquo;ai \u00e9t\u00e9 sanctionn\u00e9 par mon groupe parlementaire \u00bb avant de pouvoir le r\u00e9int\u00e9grer, rappelle Adrien Quatennens. Avoir \u00e9t\u00e9 investi fait honneur \u00e0 \u00ab l&rsquo;id\u00e9e de justice r\u00e9habilitative, qu&rsquo;un \u00eatre humain n&rsquo;est pas parfait, qu&rsquo;un individu ne peut pas \u00eatre r\u00e9sum\u00e9 \u00e0 sa faute. J&rsquo;ai compris, r\u00e9fl\u00e9chi, appris. Je sais que j&rsquo;ai d\u00e9\u00e7u.\u00a0\u00bb<\/p>\n\n\n\n<p class=\"\">Concernant le cas Adrien Quatennens, Jean-Luc M\u00e9lenchon estimait hier qu&rsquo;il \u00ab\u00a0a \u00e9t\u00e9 jug\u00e9 et il s&rsquo;est acquitt\u00e9 de sa peine\u00a0\u00bb en \u00e9tant en parall\u00e8le \u00ab\u00a0puni dans le groupe [insoumis \u00e0 l&rsquo;Assembl\u00e9e nationale, NDLR] et dans le mouvement\u00a0\u00bb. \u00ab\u00a0\u00c0 pr\u00e9sent d\u2019aucuns y ajoutent une peine d\u2019in\u00e9ligibilit\u00e9 sous la menace de faire perdre tout le monde. Je suis constern\u00e9\u00a0\u00bb.<\/p>\n\n\n\n<p class=\"\">Son investiture \u00e9tait d\u00e9nonc\u00e9e \u00e0 gauche, notamment chez les socialistes et \u00e9cologistes. L&rsquo;\u00e9lu avait \u00e9t\u00e9 condamn\u00e9 en 2022 \u00e0 quatre mois d&#8217;emprisonnement avec sursis pour violences conjugales. Amy Bah, du collectif f\u00e9ministe NousToutes, avait annonc\u00e9 sa candidature face \u00e0 Adrien Quatennens, le qualifiant de \u00ab\u00a0talon d&rsquo;Achille de la gauche\u00a0\u00bb.<\/p>\n","protected":false},"excerpt":{"rendered":"<p>Le d\u00e9put\u00e9 sortant Adrien Quatennens, investi par LFI dans le Nord, annonce retirer sa candidature aux l\u00e9gislatives anticip\u00e9es, lors d&rsquo;une conf\u00e9rence de presse qu&rsquo;il tient depuis 9h ce matin et qui est retransmise en direct sur les r\u00e9seaux sociaux. \u00ab\u00a0J&rsquo;ai la conviction intime que ma situation n&rsquo;est qu&rsquo;un pr\u00e9texte utilis\u00e9 pour faire de la politique, [&hellip;]<\/p>\n","protected":false},"author":2,"featured_media":28580,"comment_status":"open","ping_status":"open","sticky":false,"template":"","format":"standard","meta":{"_jetpack_memberships_contains_paid_content":false,"footnotes":"","jetpack_publicize_message":"","jetpack_publicize_feature_enabled":true,"jetpack_social_post_already_shared":true,"jetpack_social_options":{"image_generator_settings":{"template":"highway","default_image_id":0,"font":"","enabled":false},"version":2},"_wpas_customize_per_network":false},"categories":[405],"tags":[],"class_list":["post-28579","post","type-post","status-publish","format-standard","has-post-thumbnail","hentry","category-actu-france-monde"],"jetpack_publicize_connections":[],"jetpack_featured_media_url":"https:\/\/i0.wp.com\/www.iceagetv.com\/radiosite\/wp-content\/uploads\/2024\/06\/le-depute-sortant-Adrien-Quatennens.jpg?fit=679%2C293&ssl=1","jetpack_sharing_enabled":true,"_links":{"self":[{"href":"https:\/\/www.iceagetv.com\/radiosite\/wp-json\/wp\/v2\/posts\/28579","targetHints":{"allow":["GET"]}}],"collection":[{"href":"https:\/\/www.iceagetv.com\/radiosite\/wp-json\/wp\/v2\/posts"}],"about":[{"href":"https:\/\/www.iceagetv.com\/radiosite\/wp-json\/wp\/v2\/types\/post"}],"author":[{"embeddable":true,"href":"https:\/\/www.iceagetv.com\/radiosite\/wp-json\/wp\/v2\/users\/2"}],"replies":[{"embeddable":true,"href":"https:\/\/www.iceagetv.com\/radiosite\/wp-json\/wp\/v2\/comments?post=28579"}],"version-history":[{"count":1,"href":"https:\/\/www.iceagetv.com\/radiosite\/wp-json\/wp\/v2\/posts\/28579\/revisions"}],"predecessor-version":[{"id":28581,"href":"https:\/\/www.iceagetv.com\/radiosite\/wp-json\/wp\/v2\/posts\/28579\/revisions\/28581"}],"wp:featuredmedia":[{"embeddable":true,"href":"https:\/\/www.iceagetv.com\/radiosite\/wp-json\/wp\/v2\/media\/28580"}],"wp:attachment":[{"href":"https:\/\/www.iceagetv.com\/radiosite\/wp-json\/wp\/v2\/media?parent=28579"}],"wp:term":[{"taxonomy":"category","embeddable":true,"href":"https:\/\/www.iceagetv.com\/radiosite\/wp-json\/wp\/v2\/categories?post=28579"},{"taxonomy":"post_tag","embeddable":true,"href":"https:\/\/www.iceagetv.com\/radiosite\/wp-json\/wp\/v2\/tags?post=28579"}],"curies":[{"name":"wp","href":"https:\/\/api.w.org\/{rel}","templated":true}]}}