{"id":28589,"date":"2024-06-16T15:07:28","date_gmt":"2024-06-16T15:07:28","guid":{"rendered":"https:\/\/www.iceagetv.com\/radiosite\/?p=28589"},"modified":"2024-06-16T15:07:28","modified_gmt":"2024-06-16T15:07:28","slug":"the-voice-apres-des-audiences-decevantes-tf1-va-faire-des-gros-changements","status":"publish","type":"post","link":"https:\/\/www.iceagetv.com\/radiosite\/the-voice-apres-des-audiences-decevantes-tf1-va-faire-des-gros-changements\/","title":{"rendered":"The Voice\u00a0\u00bb\u00a0: apr\u00e8s des audiences d\u00e9cevantes, TF1 va faire des gros changements"},"content":{"rendered":"\n<p class=\"\">Comme la saison 12, la saison 13 de \u00ab&nbsp;The Voice&nbsp;\u00bb, qui s\u2019est achev\u00e9e avec la victoire d\u2019Alphonse, a connu des audiences plut\u00f4t faibles pour le programme qui am\u00e8nent TF1 et la production \u00e0 r\u00e9fl\u00e9chir \u00e0 des changements.<\/p>\n\n\n\n<p class=\"\">La saison 14 est d\u2019ores et d\u00e9j\u00e0 confirm\u00e9e, et la nouvelle saison de \u00ab\u00a0The Voice Kids\u00a0\u00bb est en bo\u00eete et sera pr\u00e9sent\u00e9e \u00e0 la presse cette semaine. La franchise \u00ab\u00a0The Voice\u00a0\u00bb a encore de l\u2019avenir. Mais face \u00e0 une \u00e9rosion des audiences qui s\u2019acc\u00e9l\u00e8rent depuis deux ans, la production doit trouver comment redynamiser le programme.<\/p>\n\n\n\n<p class=\"\">\u00ab&nbsp;<em>M\u00eame si les scores sur les cibles restent corrects, la direction estime que les r\u00e9sultats faiblissent trop, une fois les auditions \u00e0 l\u2019aveugle termin\u00e9es<\/em>&nbsp;\u00bb a confi\u00e9 un salari\u00e9 de&nbsp;<a href=\"https:\/\/www.leparisien.fr\/culture-loisirs\/tv\/the-voice-cherche-une-nouvelle-voie-sur-tf1-nous-travaillons-sur-une-edition-de-renouvellement-15-06-2024-GXGLIPWHFFDPLDFFSFT44IOOGM.php\" target=\"_blank\" rel=\"noreferrer noopener\">la cha\u00eene au Parisien<\/a>. Selon un producteur, la cha\u00eene aurait donc d\u00e9cid\u00e9 de simplifier la m\u00e9canique de jeu.<\/p>\n\n\n\n<p class=\"\">Actuellement les auditions \u00e0 l\u2019aveugle sont diffus\u00e9es pendant sept semaines. Puis les coachs all\u00e8gent leurs \u00e9quipes via les \u00ab&nbsp;battles&nbsp;\u00bb (2 candidats de la m\u00eame \u00e9quipe chantent ensemble, le coach en garde un seul), pendant trois \u00e9missions. C\u2019est ensuite le tour des \u00ab&nbsp;cross battles&nbsp;\u00bb (2 \u00e9missions), o\u00f9 le sort des talents est entre les mains du public, ou plut\u00f4t des 201 personnes pr\u00e9sentes dans le studio. L\u00e0-dessus s\u2019ajoutent les \u00ab&nbsp;super cross battles&nbsp;\u00bb avec, depuis deux saisons, l\u2019intervention d\u2019un 5e coach invit\u00e9. Place ensuite \u00e0 la demi-finale puis \u00e0 la finale, seule \u00e9tape en direct. C\u2019est long et c\u2019est compliqu\u00e9.<\/p>\n\n\n\n<h2 class=\"wp-block-heading\">Nouveaux coachs&nbsp;?<\/h2>\n\n\n\n<p class=\"\">Pour relancer la machine, il faudrait sans doute raccourcir le programme et simplifier les \u00e9tapes en supprimant les \u00ab&nbsp;super cross battles&nbsp;\u00bb, ou en formant des \u00e9quipes plus petites au d\u00e9but. Comme chez les kids.<\/p>\n\n\n\n<p class=\"\">Le succ\u00e8s de la \u00ab\u00a0Star Ac\u00a0\u00bb et des votes du public en direct pourrait aussi faire r\u00e9fl\u00e9chir la cha\u00eene \u00e0 remettre plus d\u2019\u00e9missions en direct. Leur nombre s\u2019est en effet r\u00e9duit d\u2019ann\u00e9e en ann\u00e9e pour s\u2019aligner sur \u00ab\u00a0The Voice Kids\u00a0\u00bb avec uniquement la finale en direct.<\/p>\n\n\n\n<p class=\"\">Du c\u00f4t\u00e9 des coachs, il pourrait y avoir un grand chambardement. D\u2019apr\u00e8s les infos du Parisien, il y aurait beaucoup de renouvellements et Juliette Armanet a \u00e9t\u00e9 approch\u00e9e.<\/p>\n\n\n\n<p class=\"\">En tout cas, avec plusieurs millions d\u2019euros investis dans l\u2019ouverture de caf\u00e9s reproduisant l\u2019univers de l\u2019\u00e9mission, ce n\u2019est pas le moment de fragiliser la marque. Le premier de ces \u00e9tablissements ouvre dans le Nord<a href=\"https:\/\/www.lavoixdunord.fr\/1468790\/article\/2024-06-04\/festif-et-musical-le-tout-premier-voice-cafe-va-ouvrir-pres-de-lille\" target=\"_blank\" rel=\"noreferrer noopener\">&nbsp;le 27 juin prochain \u00e0 Villeneuve d\u2019Ascq<\/a>, pr\u00e8s de Lille.<\/p>\n","protected":false},"excerpt":{"rendered":"<p>Comme la saison 12, la saison 13 de \u00ab&nbsp;The Voice&nbsp;\u00bb, qui s\u2019est achev\u00e9e avec la victoire d\u2019Alphonse, a connu des audiences plut\u00f4t faibles pour le programme qui am\u00e8nent TF1 et la production \u00e0 r\u00e9fl\u00e9chir \u00e0 des changements. La saison 14 est d\u2019ores et d\u00e9j\u00e0 confirm\u00e9e, et la nouvelle saison de \u00ab\u00a0The Voice Kids\u00a0\u00bb est en [&hellip;]<\/p>\n","protected":false},"author":2,"featured_media":28590,"comment_status":"open","ping_status":"open","sticky":false,"template":"","format":"standard","meta":{"_jetpack_memberships_contains_paid_content":false,"footnotes":"","jetpack_publicize_message":"","jetpack_publicize_feature_enabled":true,"jetpack_social_post_already_shared":true,"jetpack_social_options":{"image_generator_settings":{"template":"highway","default_image_id":0,"font":"","enabled":false},"version":2},"_wpas_customize_per_network":false},"categories":[68],"tags":[],"class_list":["post-28589","post","type-post","status-publish","format-standard","has-post-thumbnail","hentry","category-actu-culturelle"],"jetpack_publicize_connections":[],"jetpack_featured_media_url":"https:\/\/i0.wp.com\/www.iceagetv.com\/radiosite\/wp-content\/uploads\/2024\/06\/The-Voice-apres-des-audiences-decevantes-TF1-va-faire-des-gros-changements.jpg?fit=679%2C382&ssl=1","jetpack_sharing_enabled":true,"_links":{"self":[{"href":"https:\/\/www.iceagetv.com\/radiosite\/wp-json\/wp\/v2\/posts\/28589","targetHints":{"allow":["GET"]}}],"collection":[{"href":"https:\/\/www.iceagetv.com\/radiosite\/wp-json\/wp\/v2\/posts"}],"about":[{"href":"https:\/\/www.iceagetv.com\/radiosite\/wp-json\/wp\/v2\/types\/post"}],"author":[{"embeddable":true,"href":"https:\/\/www.iceagetv.com\/radiosite\/wp-json\/wp\/v2\/users\/2"}],"replies":[{"embeddable":true,"href":"https:\/\/www.iceagetv.com\/radiosite\/wp-json\/wp\/v2\/comments?post=28589"}],"version-history":[{"count":1,"href":"https:\/\/www.iceagetv.com\/radiosite\/wp-json\/wp\/v2\/posts\/28589\/revisions"}],"predecessor-version":[{"id":28591,"href":"https:\/\/www.iceagetv.com\/radiosite\/wp-json\/wp\/v2\/posts\/28589\/revisions\/28591"}],"wp:featuredmedia":[{"embeddable":true,"href":"https:\/\/www.iceagetv.com\/radiosite\/wp-json\/wp\/v2\/media\/28590"}],"wp:attachment":[{"href":"https:\/\/www.iceagetv.com\/radiosite\/wp-json\/wp\/v2\/media?parent=28589"}],"wp:term":[{"taxonomy":"category","embeddable":true,"href":"https:\/\/www.iceagetv.com\/radiosite\/wp-json\/wp\/v2\/categories?post=28589"},{"taxonomy":"post_tag","embeddable":true,"href":"https:\/\/www.iceagetv.com\/radiosite\/wp-json\/wp\/v2\/tags?post=28589"}],"curies":[{"name":"wp","href":"https:\/\/api.w.org\/{rel}","templated":true}]}}