{"id":28607,"date":"2024-06-17T16:10:29","date_gmt":"2024-06-17T16:10:29","guid":{"rendered":"https:\/\/www.iceagetv.com\/radiosite\/?p=28607"},"modified":"2024-06-17T16:10:29","modified_gmt":"2024-06-17T16:10:29","slug":"attaque-au-couteau-a-metz-cinq-personnes-ont-ete-blessees-a-larme-blanche-dont-deux-tres-grievement-le-pronostic-vital-de-lun-deux-engage-le-ou-les-auteurs-sont-en-fuite","status":"publish","type":"post","link":"https:\/\/www.iceagetv.com\/radiosite\/attaque-au-couteau-a-metz-cinq-personnes-ont-ete-blessees-a-larme-blanche-dont-deux-tres-grievement-le-pronostic-vital-de-lun-deux-engage-le-ou-les-auteurs-sont-en-fuite\/","title":{"rendered":"Attaque au couteau \u00e0 Metz : Cinq personnes ont \u00e9t\u00e9 bless\u00e9es \u00e0 l&rsquo;arme blanche dont deux tr\u00e8s gri\u00e8vement &#8211; Le pronostic vital de l&rsquo;un d&rsquo;eux engag\u00e9 &#8211; Le ou les auteurs sont en fuite"},"content":{"rendered":"\n<p class=\"\"><strong>LE POINT SUR CE QUE L&rsquo;ON SAIT<\/strong><\/p>\n\n\n\n<p class=\"\">Cinq personnes ont \u00e9t\u00e9 bless\u00e9es dont deux tr\u00e8s gri\u00e8vement lundi \u00e0 Metz mais le parquet a exclu \u00e0 ce stade l&rsquo;hypoth\u00e8se terroriste. L&rsquo;hypoth\u00e8se terroriste est exclue \u00e0 ce stade, a pr\u00e9cis\u00e9 \u00e0 l&rsquo;AFP le procureur de la R\u00e9publique de Metz, Yves Badorc, qui n&rsquo;a pas pu donner d&rsquo;autres \u00e9l\u00e9ments dans l&rsquo;imm\u00e9diat. Les pompiers ont indiqu\u00e9 avoir pris en charge quatre bless\u00e9s \u00e0 l&rsquo;arme blanche, dont un l\u00e9ger, qui ont \u00e9t\u00e9 emmen\u00e9s \u00e0 l&rsquo;h\u00f4pital Mercy de Metz. Une autre personne bless\u00e9e s&rsquo;est rendue \u00e0 l&rsquo;h\u00f4pital par ses propres moyens.<\/p>\n\n\n\n<p class=\"\">Les victimes sont \u00e2g\u00e9es d&rsquo;une trentaine d&rsquo;ann\u00e9es environ, ont pr\u00e9cis\u00e9 les pompiers. Ces derniers ont d\u00e9ploy\u00e9 quatre ambulances et une quinzaine d&rsquo;homme sur les lieux de l&rsquo;agression. Les bless\u00e9s sont cinq hommes, a indiqu\u00e9 \u00e0 l&rsquo;AFP une source polici\u00e8re. Les faits se sont d\u00e9roul\u00e9s \u00e0 11 heures lundi matin dans la rue devant un commerce, a encore indiqu\u00e9 une autre source polici\u00e8re.<\/p>\n\n\n\n<p class=\"\">L&rsquo;attaque s&rsquo;est produite \u00e0 proximit\u00e9 d&rsquo;une sup\u00e9rette du quartier Borny \u00e0 Metz, selon Le R\u00e9publicain Lorrain, qui \u00e9voque un possible r\u00e8glement de comptes. Marie, une infirmi\u00e8re dont le cabinet est install\u00e9 \u00e0 proximit\u00e9, qui n&rsquo;a pas souhait\u00e9 donner son nom de famille, a \u00e9voqu\u00e9 des tensions dans le quartier. \u00ab\u00a0Il y a de l&rsquo;ins\u00e9curit\u00e9, il y a du trafic du drogue, c&rsquo;est connu, on n&rsquo;est pas du tout en s\u00e9curit\u00e9. Il y a quelques mois un jeune de 17 ans s&rsquo;\u00e9tait fait tirer dessus juste \u00e0 c\u00f4t\u00e9, boulevard d&rsquo;Alsace, la rue parall\u00e8le. Il y a des tensions palpables entre clans\u00a0\u00bb, a-t-elle d\u00e9clar\u00e9 \u00e0 l&rsquo;AFP. \u00ab\u00a0Ce qui s&rsquo;est pass\u00e9 ce matin, selon les dires d&rsquo;un voisin, c&rsquo;est par rapport \u00e0 la sup\u00e9rette, un clan veut la r\u00e9cup\u00e9rer\u00a0\u00bb, a-t-elle ajout\u00e9.<\/p>\n\n\n\n<p class=\"\">Lundi, un p\u00e9rim\u00e8tre de s\u00e9curit\u00e9 a \u00e9t\u00e9 mis en place dans le quartier. \u00ab\u00a0Je n&rsquo;ai pas pu travailler, les gens n&rsquo;avaient pas le droit de rentrer dans l&rsquo;immeuble\u00a0\u00bb, a expliqu\u00e9 une orthophoniste qui exerce \u00e0 proximit\u00e9 et a souhait\u00e9 garder l&rsquo;anonymat. \u00ab\u00a0J&rsquo;ai vu des bless\u00e9s, des gens qui se tapaient, et quelqu&rsquo;un courir avec une hache apr\u00e8s une voiture. C&rsquo;\u00e9tait des jeunes. Apr\u00e8s, les policiers et les pompiers sont arriv\u00e9s, mais je n&rsquo;en sais pas plus. Ce sont sans doute des r\u00e8glements de compte. Il y a des trafics de drogue ici, m\u00eame si dans la journ\u00e9e, on ne voit pas grand-chose\u00a0\u00bb, a-t-elle ajout\u00e9.<\/p>\n\n\n\n<p class=\"\">Borny est un quartier prioritaire de la politique de la ville de Metz qui avait \u00e9t\u00e9 durement touch\u00e9 l&rsquo;ann\u00e9e pass\u00e9e lors des \u00e9meutes survenues apr\u00e8s la mort du jeune Nahel, tu\u00e9 \u00e0 Nanterre lors d&rsquo;un contr\u00f4le policier. La m\u00e9diath\u00e8que du quartier avait \u00e9t\u00e9 incendi\u00e9e, au grand dam des \u00e9lus et des habitants. La mairie du quartier avait \u00e9galement \u00e9t\u00e9 partiellement incendi\u00e9e.<\/p>\n","protected":false},"excerpt":{"rendered":"<p>LE POINT SUR CE QUE L&rsquo;ON SAIT Cinq personnes ont \u00e9t\u00e9 bless\u00e9es dont deux tr\u00e8s gri\u00e8vement lundi \u00e0 Metz mais le parquet a exclu \u00e0 ce stade l&rsquo;hypoth\u00e8se terroriste. L&rsquo;hypoth\u00e8se terroriste est exclue \u00e0 ce stade, a pr\u00e9cis\u00e9 \u00e0 l&rsquo;AFP le procureur de la R\u00e9publique de Metz, Yves Badorc, qui n&rsquo;a pas pu donner d&rsquo;autres [&hellip;]<\/p>\n","protected":false},"author":2,"featured_media":28608,"comment_status":"open","ping_status":"open","sticky":false,"template":"","format":"standard","meta":{"_jetpack_memberships_contains_paid_content":false,"footnotes":"","jetpack_publicize_message":"","jetpack_publicize_feature_enabled":true,"jetpack_social_post_already_shared":true,"jetpack_social_options":{"image_generator_settings":{"template":"highway","default_image_id":0,"font":"","enabled":false},"version":2},"_wpas_customize_per_network":false},"categories":[405],"tags":[],"class_list":["post-28607","post","type-post","status-publish","format-standard","has-post-thumbnail","hentry","category-actu-france-monde"],"jetpack_publicize_connections":[],"jetpack_featured_media_url":"https:\/\/i0.wp.com\/www.iceagetv.com\/radiosite\/wp-content\/uploads\/2024\/06\/Attaque-au-couteau-a-Metz.jpg?fit=679%2C293&ssl=1","jetpack_sharing_enabled":true,"_links":{"self":[{"href":"https:\/\/www.iceagetv.com\/radiosite\/wp-json\/wp\/v2\/posts\/28607","targetHints":{"allow":["GET"]}}],"collection":[{"href":"https:\/\/www.iceagetv.com\/radiosite\/wp-json\/wp\/v2\/posts"}],"about":[{"href":"https:\/\/www.iceagetv.com\/radiosite\/wp-json\/wp\/v2\/types\/post"}],"author":[{"embeddable":true,"href":"https:\/\/www.iceagetv.com\/radiosite\/wp-json\/wp\/v2\/users\/2"}],"replies":[{"embeddable":true,"href":"https:\/\/www.iceagetv.com\/radiosite\/wp-json\/wp\/v2\/comments?post=28607"}],"version-history":[{"count":1,"href":"https:\/\/www.iceagetv.com\/radiosite\/wp-json\/wp\/v2\/posts\/28607\/revisions"}],"predecessor-version":[{"id":28609,"href":"https:\/\/www.iceagetv.com\/radiosite\/wp-json\/wp\/v2\/posts\/28607\/revisions\/28609"}],"wp:featuredmedia":[{"embeddable":true,"href":"https:\/\/www.iceagetv.com\/radiosite\/wp-json\/wp\/v2\/media\/28608"}],"wp:attachment":[{"href":"https:\/\/www.iceagetv.com\/radiosite\/wp-json\/wp\/v2\/media?parent=28607"}],"wp:term":[{"taxonomy":"category","embeddable":true,"href":"https:\/\/www.iceagetv.com\/radiosite\/wp-json\/wp\/v2\/categories?post=28607"},{"taxonomy":"post_tag","embeddable":true,"href":"https:\/\/www.iceagetv.com\/radiosite\/wp-json\/wp\/v2\/tags?post=28607"}],"curies":[{"name":"wp","href":"https:\/\/api.w.org\/{rel}","templated":true}]}}