{"id":28610,"date":"2024-06-18T11:18:13","date_gmt":"2024-06-18T11:18:13","guid":{"rendered":"https:\/\/www.iceagetv.com\/radiosite\/?p=28610"},"modified":"2024-06-18T11:18:13","modified_gmt":"2024-06-18T11:18:13","slug":"lactrice-francaise-anouk-aimee-heroine-du-film-un-homme-et-une-femme-en-1966-est-decedee-ce-matin-a-lage-de-92-ans-annonce-sa-fille","status":"publish","type":"post","link":"https:\/\/www.iceagetv.com\/radiosite\/lactrice-francaise-anouk-aimee-heroine-du-film-un-homme-et-une-femme-en-1966-est-decedee-ce-matin-a-lage-de-92-ans-annonce-sa-fille\/","title":{"rendered":"L&rsquo;actrice fran\u00e7aise Anouk Aim\u00e9e, h\u00e9ro\u00efne du film \u00ab\u00a0Un homme et une femme\u00a0\u00bb en 1966, est d\u00e9c\u00e9d\u00e9e ce matin \u00e0 l&rsquo;\u00e2ge de 92 ans, annonce sa fille"},"content":{"rendered":"\n<p class=\"\">L\u2019actrice Anouk Aim\u00e9e, l\u2019un des visages les plus c\u00e9l\u00e8bres du cin\u00e9ma fran\u00e7ais du XXe si\u00e8cle, est d\u00e9c\u00e9d\u00e9e mardi, chez elle \u00e0 Paris, \u00e0 l\u2019\u00e2ge de 92 ans, ont annonc\u00e9 son agent et sa famille. L\u2019actrice de&nbsp;\u00ab Un homme et une femme \u00bb,&nbsp;\u00ab Lola \u00bb&nbsp;et&nbsp;\u00ab La Dolce Vita \u00bb&nbsp;est&nbsp;\u00ab partie ce matin \u00bb, a annonc\u00e9 \u00e0 l\u2019AFP l\u2019agent S\u00e9bastien Perrolat, de l\u2019agence TimeArt.<\/p>\n\n\n\n<p class=\"\">Manuela Papatakis, la fille d\u2019Anouk Aim\u00e9e et du r\u00e9alisateur Nico Papatakis, a \u00e9galement fait part de son d\u00e9c\u00e8s. \u00ab Avec ma fille, Galaad, et ma petite fille, Mila, nous avons l\u2019immense tristesse de vous annoncer le d\u00e9part de ma maman Anouk Aim\u00e9e. J\u2019\u00e9tais tout aupr\u00e8s d\u2019elle lorsqu\u2019elle s\u2019est \u00e9teinte ce matin, chez elle, \u00e0 Paris \u00bb, a-t-elle \u00e9crit sur son compte Instagram.<\/p>\n\n\n\n<p class=\"\">N\u00e9e Fran\u00e7oise Dreyfus le 27 avril 1932 \u00e0 Paris, Anouk Aim\u00e9e a acc\u00e9d\u00e9 \u00e0 une notori\u00e9t\u00e9 internationale en partageant l\u2019\u00e9cran avec Jean-Louis Trintignant dans le mythique&nbsp;\u00ab Un homme et une femme \u00bb&nbsp;de Claude Lelouch, Palme d\u2019or en 1966. Le r\u00f4le lui vaudra le Golden Globe de la meilleure actrice et une nomination \u00e0 l\u2019Oscar.<\/p>\n\n\n\n<p class=\"\">Anouk Aim\u00e9e aura tourn\u00e9 avec les plus grands du cin\u00e9ma franco-italien: Jacques Demy ( \u00bbLola \u00bb), Federico Fellini ( \u00bbLa Dolce vita \u00bb et&nbsp;\u00ab Huit et demi \u00bb), Marco Bellocchio, Jacques Becker ou Andr\u00e9 Cayatte, qui la lance en 1949 dans&nbsp;\u00ab Les amants de V\u00e9rone \u00bb. Elle s\u2019\u00e9tait fait plus rare r\u00e9cemment.<\/p>\n\n\n\n<p class=\"\">Mais elle avait fait un retour \u00e9mouvant en 2019 \u00e0 Cannes, pour reformer le couple mythique de&nbsp;\u00ab Un homme et une femme \u00bb, dans une suite tourn\u00e9e par Claude Lelouch,&nbsp;\u00ab Les Plus belles ann\u00e9es d\u2019une vie \u00bb.<\/p>\n","protected":false},"excerpt":{"rendered":"<p>L\u2019actrice Anouk Aim\u00e9e, l\u2019un des visages les plus c\u00e9l\u00e8bres du cin\u00e9ma fran\u00e7ais du XXe si\u00e8cle, est d\u00e9c\u00e9d\u00e9e mardi, chez elle \u00e0 Paris, \u00e0 l\u2019\u00e2ge de 92 ans, ont annonc\u00e9 son agent et sa famille. L\u2019actrice de&nbsp;\u00ab Un homme et une femme \u00bb,&nbsp;\u00ab Lola \u00bb&nbsp;et&nbsp;\u00ab La Dolce Vita \u00bb&nbsp;est&nbsp;\u00ab partie ce matin \u00bb, a annonc\u00e9 \u00e0 [&hellip;]<\/p>\n","protected":false},"author":2,"featured_media":28611,"comment_status":"open","ping_status":"open","sticky":false,"template":"","format":"standard","meta":{"_jetpack_memberships_contains_paid_content":false,"footnotes":"","jetpack_publicize_message":"","jetpack_publicize_feature_enabled":true,"jetpack_social_post_already_shared":true,"jetpack_social_options":{"image_generator_settings":{"template":"highway","default_image_id":0,"font":"","enabled":false},"version":2},"_wpas_customize_per_network":false},"categories":[405],"tags":[],"class_list":["post-28610","post","type-post","status-publish","format-standard","has-post-thumbnail","hentry","category-actu-france-monde"],"jetpack_publicize_connections":[],"jetpack_featured_media_url":"https:\/\/i0.wp.com\/www.iceagetv.com\/radiosite\/wp-content\/uploads\/2024\/06\/Lactrice-francaise-Anouk-Aimee.jpg?fit=679%2C293&ssl=1","jetpack_sharing_enabled":true,"_links":{"self":[{"href":"https:\/\/www.iceagetv.com\/radiosite\/wp-json\/wp\/v2\/posts\/28610","targetHints":{"allow":["GET"]}}],"collection":[{"href":"https:\/\/www.iceagetv.com\/radiosite\/wp-json\/wp\/v2\/posts"}],"about":[{"href":"https:\/\/www.iceagetv.com\/radiosite\/wp-json\/wp\/v2\/types\/post"}],"author":[{"embeddable":true,"href":"https:\/\/www.iceagetv.com\/radiosite\/wp-json\/wp\/v2\/users\/2"}],"replies":[{"embeddable":true,"href":"https:\/\/www.iceagetv.com\/radiosite\/wp-json\/wp\/v2\/comments?post=28610"}],"version-history":[{"count":1,"href":"https:\/\/www.iceagetv.com\/radiosite\/wp-json\/wp\/v2\/posts\/28610\/revisions"}],"predecessor-version":[{"id":28612,"href":"https:\/\/www.iceagetv.com\/radiosite\/wp-json\/wp\/v2\/posts\/28610\/revisions\/28612"}],"wp:featuredmedia":[{"embeddable":true,"href":"https:\/\/www.iceagetv.com\/radiosite\/wp-json\/wp\/v2\/media\/28611"}],"wp:attachment":[{"href":"https:\/\/www.iceagetv.com\/radiosite\/wp-json\/wp\/v2\/media?parent=28610"}],"wp:term":[{"taxonomy":"category","embeddable":true,"href":"https:\/\/www.iceagetv.com\/radiosite\/wp-json\/wp\/v2\/categories?post=28610"},{"taxonomy":"post_tag","embeddable":true,"href":"https:\/\/www.iceagetv.com\/radiosite\/wp-json\/wp\/v2\/tags?post=28610"}],"curies":[{"name":"wp","href":"https:\/\/api.w.org\/{rel}","templated":true}]}}