{"id":28626,"date":"2024-06-19T08:54:36","date_gmt":"2024-06-19T08:54:36","guid":{"rendered":"https:\/\/www.iceagetv.com\/radiosite\/?p=28626"},"modified":"2024-06-19T08:54:36","modified_gmt":"2024-06-19T08:54:36","slug":"le-ministre-de-linterieur-gerald-darmanin-va-proposer-la-dissolution-du-groupe-dultradroite-gud","status":"publish","type":"post","link":"https:\/\/www.iceagetv.com\/radiosite\/le-ministre-de-linterieur-gerald-darmanin-va-proposer-la-dissolution-du-groupe-dultradroite-gud\/","title":{"rendered":"Le ministre de l&rsquo;Int\u00e9rieur, G\u00e9rald Darmanin, \u00ab\u00a0va proposer\u00a0\u00bb la dissolution du groupe d&rsquo;ultradroite GUD"},"content":{"rendered":"\n<p class=\"\">G\u00e9rald Darmanin va proposer\u00a0<em>\u00ab\u00a0au pr\u00e9sident de la R\u00e9publique la dissolution du GUD\u00a0\u00bb<\/em>,\u00a0<a href=\"https:\/\/www.francetvinfo.fr\/enquetes-franceinfo\/enquete-franceinfo-au-c-ur-de-la-mouvance-de-l-ultradroite_6508208.html\">le\u00a0Groupe union d\u00e9fense<\/a>, un syndicat d&rsquo;\u00e9tudiants d&rsquo;extr\u00eame droite, a-t-il annonc\u00e9 mercredi 19\u00a0juin sur\u00a0<a href=\"https:\/\/www.bfmtv.com\/politique\/elections\/legislatives\/direct-legislatives-macron-fustige-le-programme-totalement-immigrationniste-du-nouveau-front-populaire_LN-202406190044.html#article_295683\" target=\"_blank\" rel=\"noreferrer noopener\">BFMTV<\/a>. Cette proposition interviendra\u00a0<em>\u00ab\u00a0tr\u00e8s bient\u00f4t\u00a0\u00bb<\/em>, a pr\u00e9cis\u00e9 le ministre de l&rsquo;Int\u00e9rieur, qui a d\u00e9crit\u00a0<em>\u00ab\u00a0un groupe d&rsquo;ultradroite tr\u00e8s ami\u00a0\u00bb\u00a0<\/em>avec\u00a0<em>\u00ab\u00a0les dirigeants du Rassemblement national\u00a0\u00bb. \u00ab\u00a0Ce sont des gens qui pensent qu&rsquo;il y a une supr\u00e9matie blanche, qui portent des propos antis\u00e9mites extr\u00eamement graves\u00a0\u00bb,\u00a0<\/em>a ajout\u00e9 le ministre de l&rsquo;Int\u00e9rieur, pr\u00e9cisant travailler sur ce dossier depuis\u00a0<em>\u00ab\u00a0neuf mois\u00a0\u00bb<\/em>.Une semaine avant cette annonce,\u00a0<a href=\"https:\/\/www.francetvinfo.fr\/faits-divers\/paris-quatre-militants-d-ultradroite-condamnes-pour-une-agression-homophobe_6600231.html\">quatre militants d&rsquo;ultradroite avaient \u00e9t\u00e9 condamn\u00e9s<\/a>\u00a0\u00e0 des peines allant de six mois de prison avec sursis \u00e0 sept mois ferme pour leur participation \u00e0 une agression homophobe \u00e0 Paris, alors qu&rsquo;ils<em>\u00a0\u00ab\u00a0f\u00eataient\u00a0\u00bb\u00a0<\/em>la victoire du RN aux \u00e9lections europ\u00e9ennes.\u00a0En garde \u00e0 vue, ces quatre jeunes hommes avaient affirm\u00e9 des<em>\u00a0\u00ab\u00a0revendications paramilitaires et d&rsquo;affiliation au GUD et au Rassemblement national\u00a0\u00bb<\/em>, selon le parquet.<\/p>\n","protected":false},"excerpt":{"rendered":"<p>G\u00e9rald Darmanin va proposer\u00a0\u00ab\u00a0au pr\u00e9sident de la R\u00e9publique la dissolution du GUD\u00a0\u00bb,\u00a0le\u00a0Groupe union d\u00e9fense, un syndicat d&rsquo;\u00e9tudiants d&rsquo;extr\u00eame droite, a-t-il annonc\u00e9 mercredi 19\u00a0juin sur\u00a0BFMTV. Cette proposition interviendra\u00a0\u00ab\u00a0tr\u00e8s bient\u00f4t\u00a0\u00bb, a pr\u00e9cis\u00e9 le ministre de l&rsquo;Int\u00e9rieur, qui a d\u00e9crit\u00a0\u00ab\u00a0un groupe d&rsquo;ultradroite tr\u00e8s ami\u00a0\u00bb\u00a0avec\u00a0\u00ab\u00a0les dirigeants du Rassemblement national\u00a0\u00bb. \u00ab\u00a0Ce sont des gens qui pensent qu&rsquo;il y a une [&hellip;]<\/p>\n","protected":false},"author":2,"featured_media":28627,"comment_status":"open","ping_status":"open","sticky":false,"template":"","format":"standard","meta":{"_jetpack_memberships_contains_paid_content":false,"footnotes":"","jetpack_publicize_message":"","jetpack_publicize_feature_enabled":true,"jetpack_social_post_already_shared":true,"jetpack_social_options":{"image_generator_settings":{"template":"highway","default_image_id":0,"font":"","enabled":false},"version":2},"_wpas_customize_per_network":false},"categories":[405],"tags":[],"class_list":["post-28626","post","type-post","status-publish","format-standard","has-post-thumbnail","hentry","category-actu-france-monde"],"jetpack_publicize_connections":[],"jetpack_featured_media_url":"https:\/\/i0.wp.com\/www.iceagetv.com\/radiosite\/wp-content\/uploads\/2024\/06\/Le-ministre-de-lInterieur-Gerald-Darmanin-va-proposer-la-dissolution-du-groupe-dultradroite-GUD.jpg?fit=775%2C493&ssl=1","jetpack_sharing_enabled":true,"_links":{"self":[{"href":"https:\/\/www.iceagetv.com\/radiosite\/wp-json\/wp\/v2\/posts\/28626","targetHints":{"allow":["GET"]}}],"collection":[{"href":"https:\/\/www.iceagetv.com\/radiosite\/wp-json\/wp\/v2\/posts"}],"about":[{"href":"https:\/\/www.iceagetv.com\/radiosite\/wp-json\/wp\/v2\/types\/post"}],"author":[{"embeddable":true,"href":"https:\/\/www.iceagetv.com\/radiosite\/wp-json\/wp\/v2\/users\/2"}],"replies":[{"embeddable":true,"href":"https:\/\/www.iceagetv.com\/radiosite\/wp-json\/wp\/v2\/comments?post=28626"}],"version-history":[{"count":1,"href":"https:\/\/www.iceagetv.com\/radiosite\/wp-json\/wp\/v2\/posts\/28626\/revisions"}],"predecessor-version":[{"id":28628,"href":"https:\/\/www.iceagetv.com\/radiosite\/wp-json\/wp\/v2\/posts\/28626\/revisions\/28628"}],"wp:featuredmedia":[{"embeddable":true,"href":"https:\/\/www.iceagetv.com\/radiosite\/wp-json\/wp\/v2\/media\/28627"}],"wp:attachment":[{"href":"https:\/\/www.iceagetv.com\/radiosite\/wp-json\/wp\/v2\/media?parent=28626"}],"wp:term":[{"taxonomy":"category","embeddable":true,"href":"https:\/\/www.iceagetv.com\/radiosite\/wp-json\/wp\/v2\/categories?post=28626"},{"taxonomy":"post_tag","embeddable":true,"href":"https:\/\/www.iceagetv.com\/radiosite\/wp-json\/wp\/v2\/tags?post=28626"}],"curies":[{"name":"wp","href":"https:\/\/api.w.org\/{rel}","templated":true}]}}