{"id":28642,"date":"2024-06-20T05:15:05","date_gmt":"2024-06-20T05:15:05","guid":{"rendered":"https:\/\/www.iceagetv.com\/radiosite\/?p=28642"},"modified":"2024-06-20T05:15:05","modified_gmt":"2024-06-20T05:15:05","slug":"lete-debute-ce-jeudi-20-juin-mais-pourquoi-ne-commence-t-il-pas-le-21-comme-les-autres-annees-on-fait-le-point","status":"publish","type":"post","link":"https:\/\/www.iceagetv.com\/radiosite\/lete-debute-ce-jeudi-20-juin-mais-pourquoi-ne-commence-t-il-pas-le-21-comme-les-autres-annees-on-fait-le-point\/","title":{"rendered":"L&rsquo;\u00e9t\u00e9 d\u00e9bute ce jeudi 20 juin, mais pourquoi ne commence-t-il pas le 21 comme les autres ann\u00e9es ? On fait le point"},"content":{"rendered":"\n<p class=\"\"><strong>Ce jeudi 20\u00a0juin 2024 marque le d\u00e9but officiel de l\u2019\u00e9t\u00e9 puisque nous changeons de saisons\u00a0: pourquoi cette ann\u00e9e ce n\u2019est pas le 21\u00a0?<\/strong><\/p>\n\n\n\n<p class=\"\">Si dans certaines r\u00e9gions de France on ne se croirait toujours pas en \u00e9t\u00e9, ce jeudi nous entrons pourtant bel et bien dans la saison estivale. Effectivement, ce 20&nbsp;juin marque le solstice d\u2019\u00e9t\u00e9, \u00e0 22&nbsp;h&nbsp;51, plus pr\u00e9cis\u00e9ment, indique&nbsp;<a href=\"https:\/\/www.imcce.fr\/newsletter\/html\/newsletter.html#current-article1\" target=\"_blank\" rel=\"noreferrer noopener\">la lettre d\u2019information de l\u2019Institut de m\u00e9canique c\u00e9leste et de calcul des \u00e9ph\u00e9m\u00e9rides<\/a>&nbsp;(IMCCE) de l\u2019Observatoire de Paris, relay\u00e9 par&nbsp;<a href=\"https:\/\/www.lepoint.fr\/astronomie\/pourquoi-l-ete-commence-t-il-le-20-juin-cette-annee-18-06-2024-2563332_1925.php\" target=\"_blank\" rel=\"noreferrer noopener\"><em>Le Point<\/em><\/a>.<\/p>\n\n\n\n<h2 class=\"wp-block-heading\">Pourquoi&nbsp;?<\/h2>\n\n\n\n<p class=\"\">Si pour de nombreuses personnes l\u2019\u00e9t\u00e9 d\u00e9bute le 21\u00a0juin, et bien c\u2019est une fausse id\u00e9e. Ce jour de d\u00e9but peut varier, comme en 1975, il a eu lieu le 22\u00a0juin ou encore un 19\u00a0juin, comme ce sera le cas dans plusieurs si\u00e8cles, en 2488 plus pr\u00e9cis\u00e9ment. Mais pourquoi ces dates peuvent-elles varier\u00a0? On fait le point.Elle peut changer car la Terre ne tourne pas autour du Soleil en 365 jours, mais en\u00a0365 jours, 5\u00a0heures, 48 minutes et 45 secondes tr\u00e8s exactement, souligne le magazine. Il faut donc comprendre que l\u2019ann\u00e9e civile est alors plus courte que la solaire. Afin de ne pas avoir un trop grand d\u00e9calage, le 29\u00a0f\u00e9vrier se rajoute tous les 4 ans, ainsi, les ann\u00e9es bissextiles, le solstice d\u2019\u00e9t\u00e9 se produit bien souvent le 20\u00a0juin.<\/p>\n\n\n\n<h2 class=\"wp-block-heading\">Le jour le plus long<\/h2>\n\n\n\n<p class=\"\">Mais ce jeudi est \u00e9galement un jour tr\u00e8s sp\u00e9cial, puisqu\u2019il sera le plus long de l\u2019ann\u00e9e. Pour rappel, le solstice est un \u00e9v\u00e9nement astronomique qui a lieu seulement deux fois par an qui correspond \u00e0 une inclinaison maximale entre les deux p\u00f4les par rapport \u00e0 l\u2019\u00e9quateur.<\/p>\n\n\n\n<p class=\"\">C\u2019est alors que ces deux jours-l\u00e0 seront pour l\u2019un la journ\u00e9e la plus longue, et pour l\u2019autre la journ\u00e9e la plus courte.<\/p>\n","protected":false},"excerpt":{"rendered":"<p>Ce jeudi 20\u00a0juin 2024 marque le d\u00e9but officiel de l\u2019\u00e9t\u00e9 puisque nous changeons de saisons\u00a0: pourquoi cette ann\u00e9e ce n\u2019est pas le 21\u00a0? Si dans certaines r\u00e9gions de France on ne se croirait toujours pas en \u00e9t\u00e9, ce jeudi nous entrons pourtant bel et bien dans la saison estivale. Effectivement, ce 20&nbsp;juin marque le solstice [&hellip;]<\/p>\n","protected":false},"author":2,"featured_media":28643,"comment_status":"open","ping_status":"open","sticky":false,"template":"","format":"standard","meta":{"_jetpack_memberships_contains_paid_content":false,"footnotes":"","jetpack_publicize_message":"","jetpack_publicize_feature_enabled":true,"jetpack_social_post_already_shared":true,"jetpack_social_options":{"image_generator_settings":{"template":"highway","default_image_id":0,"font":"","enabled":false},"version":2},"_wpas_customize_per_network":false},"categories":[405],"tags":[],"class_list":["post-28642","post","type-post","status-publish","format-standard","has-post-thumbnail","hentry","category-actu-france-monde"],"jetpack_publicize_connections":[],"jetpack_featured_media_url":"https:\/\/i0.wp.com\/www.iceagetv.com\/radiosite\/wp-content\/uploads\/2024\/06\/image.jpg?fit=435%2C325&ssl=1","jetpack_sharing_enabled":true,"_links":{"self":[{"href":"https:\/\/www.iceagetv.com\/radiosite\/wp-json\/wp\/v2\/posts\/28642","targetHints":{"allow":["GET"]}}],"collection":[{"href":"https:\/\/www.iceagetv.com\/radiosite\/wp-json\/wp\/v2\/posts"}],"about":[{"href":"https:\/\/www.iceagetv.com\/radiosite\/wp-json\/wp\/v2\/types\/post"}],"author":[{"embeddable":true,"href":"https:\/\/www.iceagetv.com\/radiosite\/wp-json\/wp\/v2\/users\/2"}],"replies":[{"embeddable":true,"href":"https:\/\/www.iceagetv.com\/radiosite\/wp-json\/wp\/v2\/comments?post=28642"}],"version-history":[{"count":1,"href":"https:\/\/www.iceagetv.com\/radiosite\/wp-json\/wp\/v2\/posts\/28642\/revisions"}],"predecessor-version":[{"id":28644,"href":"https:\/\/www.iceagetv.com\/radiosite\/wp-json\/wp\/v2\/posts\/28642\/revisions\/28644"}],"wp:featuredmedia":[{"embeddable":true,"href":"https:\/\/www.iceagetv.com\/radiosite\/wp-json\/wp\/v2\/media\/28643"}],"wp:attachment":[{"href":"https:\/\/www.iceagetv.com\/radiosite\/wp-json\/wp\/v2\/media?parent=28642"}],"wp:term":[{"taxonomy":"category","embeddable":true,"href":"https:\/\/www.iceagetv.com\/radiosite\/wp-json\/wp\/v2\/categories?post=28642"},{"taxonomy":"post_tag","embeddable":true,"href":"https:\/\/www.iceagetv.com\/radiosite\/wp-json\/wp\/v2\/tags?post=28642"}],"curies":[{"name":"wp","href":"https:\/\/api.w.org\/{rel}","templated":true}]}}