{"id":28667,"date":"2024-06-21T14:34:11","date_gmt":"2024-06-21T14:34:11","guid":{"rendered":"https:\/\/www.iceagetv.com\/radiosite\/?p=28667"},"modified":"2024-06-21T14:34:11","modified_gmt":"2024-06-21T14:34:11","slug":"le-ministre-de-linterieur-gerald-darmanin-annonce-quapres-les-elections-legislatives-il-ne-sera-pas-ministre-un-jour-de-plus","status":"publish","type":"post","link":"https:\/\/www.iceagetv.com\/radiosite\/le-ministre-de-linterieur-gerald-darmanin-annonce-quapres-les-elections-legislatives-il-ne-sera-pas-ministre-un-jour-de-plus\/","title":{"rendered":"Le ministre de l&rsquo;Int\u00e9rieur G\u00e9rald Darmanin annonce qu&rsquo;apr\u00e8s les \u00e9lections l\u00e9gislatives, il ne sera \u00ab\u00a0pas ministre un jour de plus\u00a0\u00bb"},"content":{"rendered":"\n<p class=\"\">Aujourd&rsquo;hui, le ministre de l&rsquo;Int\u00e9rieur G\u00e9rald Darmanin est en d\u00e9placement dans le Nord o\u00f9 il est candidat Ensemble dans la 10e circonscription du Nord pour les l\u00e9gislatives.&nbsp;<a href=\"https:\/\/www.radiofrance.fr\/franceinter\/podcasts\/l-info-de-france-inter\/l-info-de-france-inter-2066662\" target=\"_blank\" rel=\"noreferrer noopener\">France Inter<\/a>&nbsp;rapporte que, quand on lui demande s&rsquo;il restera ministre au lendemain du second tour des l\u00e9gislatives, il r\u00e9pond \u00ab\u00a0non\u00a0\u00bb.<\/p>\n\n\n\n<p class=\"\">\u00ab\u00a0Si je suis battu, je d\u00e9missionnerai \u00e9videmment le soir m\u00eame. S&rsquo;il y a une majorit\u00e9, le pr\u00e9sident de la R\u00e9publique choisira son gouvernement, et si l&rsquo;ultra-gauche ou l&rsquo;ultra-droite gagne, il est \u00e9vident que d\u00e8s le lundi matin je ne serai plus ministre\u00a0\u00bb, a d\u00e9clar\u00e9 G\u00e9rald Darmanin.<\/p>\n\n\n\n<p class=\"\">Et d&rsquo;ajouter : \u00ab\u00a0Le Pr\u00e9sident d\u00e9cidera ce qu&rsquo;il fera, mais moi je ne serai pas ministre un jour de plus\u00a0\u00bb. Alors que les Jeux Olympiques de Paris seront lanc\u00e9s quelques jours apr\u00e8s le scrutin, l&rsquo;\u00e9quipe du ministre de l&rsquo;Int\u00e9rieur assure aupr\u00e8s de France Inter que \u00ab\u00a0tout est pr\u00eat\u00a0\u00bb pour la s\u00e9curit\u00e9 de l&rsquo;\u00e9v\u00e9nement.<\/p>\n","protected":false},"excerpt":{"rendered":"<p>Aujourd&rsquo;hui, le ministre de l&rsquo;Int\u00e9rieur G\u00e9rald Darmanin est en d\u00e9placement dans le Nord o\u00f9 il est candidat Ensemble dans la 10e circonscription du Nord pour les l\u00e9gislatives.&nbsp;France Inter&nbsp;rapporte que, quand on lui demande s&rsquo;il restera ministre au lendemain du second tour des l\u00e9gislatives, il r\u00e9pond \u00ab\u00a0non\u00a0\u00bb. \u00ab\u00a0Si je suis battu, je d\u00e9missionnerai \u00e9videmment le soir [&hellip;]<\/p>\n","protected":false},"author":2,"featured_media":28668,"comment_status":"open","ping_status":"open","sticky":false,"template":"","format":"standard","meta":{"_jetpack_memberships_contains_paid_content":false,"footnotes":"","jetpack_publicize_message":"","jetpack_publicize_feature_enabled":true,"jetpack_social_post_already_shared":true,"jetpack_social_options":{"image_generator_settings":{"template":"highway","default_image_id":0,"font":"","enabled":false},"version":2},"_wpas_customize_per_network":false},"categories":[405],"tags":[],"class_list":["post-28667","post","type-post","status-publish","format-standard","has-post-thumbnail","hentry","category-actu-france-monde"],"jetpack_publicize_connections":[],"jetpack_featured_media_url":"https:\/\/i0.wp.com\/www.iceagetv.com\/radiosite\/wp-content\/uploads\/2024\/06\/Le-ministre-de-lInterieur-Gerald-Darmanin.jpg?fit=679%2C293&ssl=1","jetpack_sharing_enabled":true,"_links":{"self":[{"href":"https:\/\/www.iceagetv.com\/radiosite\/wp-json\/wp\/v2\/posts\/28667","targetHints":{"allow":["GET"]}}],"collection":[{"href":"https:\/\/www.iceagetv.com\/radiosite\/wp-json\/wp\/v2\/posts"}],"about":[{"href":"https:\/\/www.iceagetv.com\/radiosite\/wp-json\/wp\/v2\/types\/post"}],"author":[{"embeddable":true,"href":"https:\/\/www.iceagetv.com\/radiosite\/wp-json\/wp\/v2\/users\/2"}],"replies":[{"embeddable":true,"href":"https:\/\/www.iceagetv.com\/radiosite\/wp-json\/wp\/v2\/comments?post=28667"}],"version-history":[{"count":1,"href":"https:\/\/www.iceagetv.com\/radiosite\/wp-json\/wp\/v2\/posts\/28667\/revisions"}],"predecessor-version":[{"id":28669,"href":"https:\/\/www.iceagetv.com\/radiosite\/wp-json\/wp\/v2\/posts\/28667\/revisions\/28669"}],"wp:featuredmedia":[{"embeddable":true,"href":"https:\/\/www.iceagetv.com\/radiosite\/wp-json\/wp\/v2\/media\/28668"}],"wp:attachment":[{"href":"https:\/\/www.iceagetv.com\/radiosite\/wp-json\/wp\/v2\/media?parent=28667"}],"wp:term":[{"taxonomy":"category","embeddable":true,"href":"https:\/\/www.iceagetv.com\/radiosite\/wp-json\/wp\/v2\/categories?post=28667"},{"taxonomy":"post_tag","embeddable":true,"href":"https:\/\/www.iceagetv.com\/radiosite\/wp-json\/wp\/v2\/tags?post=28667"}],"curies":[{"name":"wp","href":"https:\/\/api.w.org\/{rel}","templated":true}]}}