{"id":28675,"date":"2024-06-22T06:43:40","date_gmt":"2024-06-22T06:43:40","guid":{"rendered":"https:\/\/www.iceagetv.com\/radiosite\/?p=28675"},"modified":"2024-06-22T06:43:40","modified_gmt":"2024-06-22T06:43:40","slug":"apres-la-polemique-la-direction-decide-enfin-de-reagir-cinq-journalistes-de-france-3-national-mis-en-retrait-pour-avoir-appele-a-voter-front-populaire-et-contre-le-rn","status":"publish","type":"post","link":"https:\/\/www.iceagetv.com\/radiosite\/apres-la-polemique-la-direction-decide-enfin-de-reagir-cinq-journalistes-de-france-3-national-mis-en-retrait-pour-avoir-appele-a-voter-front-populaire-et-contre-le-rn\/","title":{"rendered":"Apr\u00e8s la pol\u00e9mique, la direction d\u00e9cide (enfin) de r\u00e9agir : Cinq journalistes de France 3 National \u00ab\u00a0mis en retrait\u00a0\u00bb pour avoir appel\u00e9 \u00e0 voter Front Populaire et contre le RN"},"content":{"rendered":"\n<p class=\"\">Cinq journalistes de la r\u00e9daction de France T\u00e9l\u00e9visions ont \u00e9t\u00e9 \u00ab\u00a0mis en retrait\u00a0\u00bb jusqu&rsquo;au 8 juillet par leur direction, pour avoir sign\u00e9 une tribune appelant \u00e0 faire \u00ab\u00a0front commun contre l&rsquo;extr\u00eame droite, a-t-on appris aupr\u00e8s de la direction vendredi. Ces cinq journalistes \u00ab\u00a0ne traitent plus des sujets qui couvrent la campagne\u00a0\u00bb \u00e9lectorale, mais ils \u00ab\u00a0sont au planning\u00a0\u00bb, a pr\u00e9cis\u00e9 France TV, qui leur reproche de ne pas s&rsquo;\u00eatre conform\u00e9s au guide des pratiques professionnelles pr\u00f4nant la neutralit\u00e9 politique.<\/p>\n\n\n\n<p class=\"\">Mercredi, ces cinq membres qui se revendiquent de la Soci\u00e9t\u00e9 des journalistes (SDJ) de France 3 r\u00e9daction nationale, avaient sign\u00e9 une tribune de 90 m\u00e9dias, dont Mediapart ou L&rsquo;Humanit\u00e9, appelant \u00e0 faire \u00ab\u00a0front commun\u00a0\u00bb contre l&rsquo;extr\u00eame droite qui menace, selon eux, \u00ab\u00a0la libert\u00e9 de la presse\u00a0\u00bb.<\/p>\n\n\n\n<p class=\"\">\u00ab\u00a0Cet appel au vote s&rsquo;av\u00e8re incompatible avec le traitement de la campagne \u00e9lectorale sur l&rsquo;ensemble des supports de France T\u00e9l\u00e9visions\u00a0\u00bb, est-il notifi\u00e9 aux int\u00e9ress\u00e9s, selon le courrier de la direction dont l&rsquo;AFP a eu copie. \u00ab\u00a0Il en va de l&rsquo;image d&rsquo;impartialit\u00e9 des r\u00e9dactions de France T\u00e9l\u00e9visions\u00a0\u00bb, ajoute le courrier.<\/p>\n\n\n\n<p class=\"\">Selon la direction, cette SDJ n&rsquo;est plus repr\u00e9sentative depuis la fusion des r\u00e9dactions.<\/p>\n\n\n\n<p class=\"\">La SDJ de la r\u00e9daction nationale de France T\u00e9l\u00e9visions, qui regroupe des journalistes de France2 et France 3, avait d&rsquo;ailleurs indiqu\u00e9, sur le r\u00e9seau social X, n&rsquo;avoir \u00ab\u00a0pas \u00e9t\u00e9 sollicit\u00e9s\u00a0\u00bb, ni avoir \u00ab\u00a0sign\u00e9 cette tribune\u00a0\u00bb.<\/p>\n","protected":false},"excerpt":{"rendered":"<p>Cinq journalistes de la r\u00e9daction de France T\u00e9l\u00e9visions ont \u00e9t\u00e9 \u00ab\u00a0mis en retrait\u00a0\u00bb jusqu&rsquo;au 8 juillet par leur direction, pour avoir sign\u00e9 une tribune appelant \u00e0 faire \u00ab\u00a0front commun contre l&rsquo;extr\u00eame droite, a-t-on appris aupr\u00e8s de la direction vendredi. Ces cinq journalistes \u00ab\u00a0ne traitent plus des sujets qui couvrent la campagne\u00a0\u00bb \u00e9lectorale, mais ils \u00ab\u00a0sont [&hellip;]<\/p>\n","protected":false},"author":2,"featured_media":28676,"comment_status":"open","ping_status":"open","sticky":false,"template":"","format":"standard","meta":{"_jetpack_memberships_contains_paid_content":false,"footnotes":"","jetpack_publicize_message":"","jetpack_publicize_feature_enabled":true,"jetpack_social_post_already_shared":true,"jetpack_social_options":{"image_generator_settings":{"template":"highway","default_image_id":0,"font":"","enabled":false},"version":2},"_wpas_customize_per_network":false},"categories":[405],"tags":[],"class_list":["post-28675","post","type-post","status-publish","format-standard","has-post-thumbnail","hentry","category-actu-france-monde"],"jetpack_publicize_connections":[],"jetpack_featured_media_url":"https:\/\/i0.wp.com\/www.iceagetv.com\/radiosite\/wp-content\/uploads\/2024\/06\/Cinq-journalistes-de-France-3-National.jpg?fit=679%2C293&ssl=1","jetpack_sharing_enabled":true,"_links":{"self":[{"href":"https:\/\/www.iceagetv.com\/radiosite\/wp-json\/wp\/v2\/posts\/28675","targetHints":{"allow":["GET"]}}],"collection":[{"href":"https:\/\/www.iceagetv.com\/radiosite\/wp-json\/wp\/v2\/posts"}],"about":[{"href":"https:\/\/www.iceagetv.com\/radiosite\/wp-json\/wp\/v2\/types\/post"}],"author":[{"embeddable":true,"href":"https:\/\/www.iceagetv.com\/radiosite\/wp-json\/wp\/v2\/users\/2"}],"replies":[{"embeddable":true,"href":"https:\/\/www.iceagetv.com\/radiosite\/wp-json\/wp\/v2\/comments?post=28675"}],"version-history":[{"count":1,"href":"https:\/\/www.iceagetv.com\/radiosite\/wp-json\/wp\/v2\/posts\/28675\/revisions"}],"predecessor-version":[{"id":28677,"href":"https:\/\/www.iceagetv.com\/radiosite\/wp-json\/wp\/v2\/posts\/28675\/revisions\/28677"}],"wp:featuredmedia":[{"embeddable":true,"href":"https:\/\/www.iceagetv.com\/radiosite\/wp-json\/wp\/v2\/media\/28676"}],"wp:attachment":[{"href":"https:\/\/www.iceagetv.com\/radiosite\/wp-json\/wp\/v2\/media?parent=28675"}],"wp:term":[{"taxonomy":"category","embeddable":true,"href":"https:\/\/www.iceagetv.com\/radiosite\/wp-json\/wp\/v2\/categories?post=28675"},{"taxonomy":"post_tag","embeddable":true,"href":"https:\/\/www.iceagetv.com\/radiosite\/wp-json\/wp\/v2\/tags?post=28675"}],"curies":[{"name":"wp","href":"https:\/\/api.w.org\/{rel}","templated":true}]}}