{"id":28689,"date":"2024-06-23T08:50:54","date_gmt":"2024-06-23T08:50:54","guid":{"rendered":"https:\/\/www.iceagetv.com\/radiosite\/?p=28689"},"modified":"2024-06-23T08:50:54","modified_gmt":"2024-06-23T08:50:54","slug":"la-cote-de-popularite-demmanuel-macron-seffondre-en-juin-avec-une-chute-de-5-points-pour-atteindre-le-niveau-le-plus-bas-depuis-2017-selon-un-sondage-ifop-pour-le-journal-du-dimanche","status":"publish","type":"post","link":"https:\/\/www.iceagetv.com\/radiosite\/la-cote-de-popularite-demmanuel-macron-seffondre-en-juin-avec-une-chute-de-5-points-pour-atteindre-le-niveau-le-plus-bas-depuis-2017-selon-un-sondage-ifop-pour-le-journal-du-dimanche\/","title":{"rendered":"La cote de popularit\u00e9 d&rsquo;Emmanuel Macron s&rsquo;effondre en juin avec une chute de 5 points, pour atteindre le niveau le plus bas depuis 2017, selon un sondage Ifop pour Le Journal du Dimanche"},"content":{"rendered":"\n<p class=\"\">Emmanuel Macron voit sa cote de popularit\u00e9 s&rsquo;effondrer de cinq points&nbsp; par rapport \u00e0 mai, avec 26% de Fran\u00e7ais satisfaits de son action, et celle de Gabriel Attal r\u00e9trograder de quatre points, \u00e0 41% de satisfaits, selon un sondage Ifop pour Le Journal du Dimanche .<\/p>\n\n\n\n<p class=\"\">D&rsquo;apr\u00e8s cette enqu\u00eate men\u00e9e apr\u00e8s la d\u00e9cision de dissolution de l&rsquo;Assembl\u00e9e prise par le chef de l&rsquo;\u00c9tat, ce dernier tombe \u00e0 l&rsquo;un de ses niveaux de popularit\u00e9 les plus bas depuis 2017. Il avait atteint une cote similaire lors de la r\u00e9forme des retraites en 2023 ou encore lors de la crise des \u00abgilets jaunes\u00bb \u00e0 l&rsquo;automne 2018.<\/p>\n\n\n\n<p class=\"\">\u00abTrois mots reviennent en boucle chez 95 % des sond\u00e9s \u00e0 propos de la dissolution : &lsquo;Incompr\u00e9hensible\u00a0\u00bb, \u00a0\u00bbirr\u00e9fl\u00e9chie\u00a0\u00bb, \u00a0\u00bbirresponsable\u00a0\u00bb \u00bb, a ainsi d\u00e9crypt\u00e9 le patron de l&rsquo;Ifop Fr\u00e9d\u00e9ric Dabi aupr\u00e8s de nos confr\u00e8res du JDD.<\/p>\n\n\n\n<p class=\"\">Le pr\u00e9sident aurait donc perdu une partie du respect que lui conf\u00e9rait naturellement sa fonction, lib\u00e9rant la parole des Fran\u00e7ais : \u00abc&rsquo;est le pi\u00e8ge machiav\u00e9lique d&rsquo;un petit monsieur, bien \u00e9loign\u00e9 des pr\u00e9occupations des Fran\u00e7ais\u00bb, \u00abcompl\u00e8tement fou\u00bb, \u00ab un homme seul qui n&rsquo;\u00e9coute rien\u00bb, \u00abun gamin\u00bb\u2026<\/p>\n\n\n\n<p class=\"\">La chute se constate surtout aupr\u00e8s de son \u00e9lectorat : il perd ainsi 7 points aupr\u00e8s des sympathisants Renaissance ou encore 11 points aupr\u00e8s de ses \u00e9lecteurs du premier tour en 2022. Sym\u00e9triquement, Gabriel Attal, qui m\u00e8ne la campagne du camp macroniste pour les l\u00e9gislatives du 30 juin, voit sa popularit\u00e9 \u00e9galement s&rsquo;affaisser mais reste \u00e0 un niveau nettement sup\u00e9rieur \u00e0 celui du chef de l&rsquo;\u00c9tat.<\/p>\n","protected":false},"excerpt":{"rendered":"<p>Emmanuel Macron voit sa cote de popularit\u00e9 s&rsquo;effondrer de cinq points&nbsp; par rapport \u00e0 mai, avec 26% de Fran\u00e7ais satisfaits de son action, et celle de Gabriel Attal r\u00e9trograder de quatre points, \u00e0 41% de satisfaits, selon un sondage Ifop pour Le Journal du Dimanche . D&rsquo;apr\u00e8s cette enqu\u00eate men\u00e9e apr\u00e8s la d\u00e9cision de dissolution [&hellip;]<\/p>\n","protected":false},"author":2,"featured_media":28690,"comment_status":"open","ping_status":"open","sticky":false,"template":"","format":"standard","meta":{"_jetpack_memberships_contains_paid_content":false,"footnotes":"","jetpack_publicize_message":"","jetpack_publicize_feature_enabled":true,"jetpack_social_post_already_shared":true,"jetpack_social_options":{"image_generator_settings":{"template":"highway","default_image_id":0,"font":"","enabled":false},"version":2},"_wpas_customize_per_network":false},"categories":[405],"tags":[],"class_list":["post-28689","post","type-post","status-publish","format-standard","has-post-thumbnail","hentry","category-actu-france-monde"],"jetpack_publicize_connections":[],"jetpack_featured_media_url":"https:\/\/i0.wp.com\/www.iceagetv.com\/radiosite\/wp-content\/uploads\/2024\/06\/La-cote-de-popularite-dEmmanuel-Macron-seffondre-en-juin.jpg?fit=679%2C293&ssl=1","jetpack_sharing_enabled":true,"_links":{"self":[{"href":"https:\/\/www.iceagetv.com\/radiosite\/wp-json\/wp\/v2\/posts\/28689","targetHints":{"allow":["GET"]}}],"collection":[{"href":"https:\/\/www.iceagetv.com\/radiosite\/wp-json\/wp\/v2\/posts"}],"about":[{"href":"https:\/\/www.iceagetv.com\/radiosite\/wp-json\/wp\/v2\/types\/post"}],"author":[{"embeddable":true,"href":"https:\/\/www.iceagetv.com\/radiosite\/wp-json\/wp\/v2\/users\/2"}],"replies":[{"embeddable":true,"href":"https:\/\/www.iceagetv.com\/radiosite\/wp-json\/wp\/v2\/comments?post=28689"}],"version-history":[{"count":1,"href":"https:\/\/www.iceagetv.com\/radiosite\/wp-json\/wp\/v2\/posts\/28689\/revisions"}],"predecessor-version":[{"id":28691,"href":"https:\/\/www.iceagetv.com\/radiosite\/wp-json\/wp\/v2\/posts\/28689\/revisions\/28691"}],"wp:featuredmedia":[{"embeddable":true,"href":"https:\/\/www.iceagetv.com\/radiosite\/wp-json\/wp\/v2\/media\/28690"}],"wp:attachment":[{"href":"https:\/\/www.iceagetv.com\/radiosite\/wp-json\/wp\/v2\/media?parent=28689"}],"wp:term":[{"taxonomy":"category","embeddable":true,"href":"https:\/\/www.iceagetv.com\/radiosite\/wp-json\/wp\/v2\/categories?post=28689"},{"taxonomy":"post_tag","embeddable":true,"href":"https:\/\/www.iceagetv.com\/radiosite\/wp-json\/wp\/v2\/tags?post=28689"}],"curies":[{"name":"wp","href":"https:\/\/api.w.org\/{rel}","templated":true}]}}