{"id":28692,"date":"2024-06-23T13:59:51","date_gmt":"2024-06-23T13:59:51","guid":{"rendered":"https:\/\/www.iceagetv.com\/radiosite\/?p=28692"},"modified":"2024-06-23T13:59:51","modified_gmt":"2024-06-23T13:59:51","slug":"le-journaliste-star-philippe-bouvard-94-ans-annonce-ce-matin-quil-arretera-definitivement-lantenne-en-janvier-a-loccasion-de-son-soixantieme-anniversaire-dans-le-metier","status":"publish","type":"post","link":"https:\/\/www.iceagetv.com\/radiosite\/le-journaliste-star-philippe-bouvard-94-ans-annonce-ce-matin-quil-arretera-definitivement-lantenne-en-janvier-a-loccasion-de-son-soixantieme-anniversaire-dans-le-metier\/","title":{"rendered":"Le journaliste star, Philippe Bouvard, 94 ans, annonce ce matin qu&rsquo;il arr\u00eatera d\u00e9finitivement l&rsquo;antenne en janvier, \u00e0 l&rsquo;occasion de son soixanti\u00e8me anniversaire dans le m\u00e9tier\u00a0"},"content":{"rendered":"\n<p class=\"\">Le journaliste star, Philippe Bouvard, 94 ans, qui tient toujours une chronique hebdomadaire sur RTL, annonce ce matin qu&rsquo;il arr\u00eatera l&rsquo;antenne en janvier, \u00e0 l&rsquo;occasion de son soixanti\u00e8me anniversaire \u00e0 l&rsquo;antenne, \u00ab\u00a0un record mondial\u00a0\u00bb, selon la station.<\/p>\n\n\n\n<p class=\"\">\u00ab\u00a0Il y a une tentation, qui n&rsquo;est pas une tentation de paresse, mais une tentation de record, c&rsquo;est d&rsquo;aller jusqu&rsquo;au 1er janvier, ce sera d\u00e9j\u00e0 pas mal, et ensuite d&rsquo;\u00e9couter les autres et de faire silence\u00a0\u00bb, a expliqu\u00e9 Philippe Bouvard dimanche sur RTL, en r\u00e9f\u00e9rence \u00e0 la retraite qu&rsquo;il a longtemps refus\u00e9e.<\/p>\n\n\n\n<p class=\"\">\u00ab\u00a0Parce que le 1er janvier, j&rsquo;aurai \u00e9tabli le double record que j&rsquo;esp\u00e9rais, c&rsquo;est-\u00e0-dire 60 ans de radio et 60 ans de RTL\u00a0\u00bb a justifi\u00e9 celui qui a d\u00e9marr\u00e9 en 1965 \u00e0 Radio Luxembourg, devenue RTL en 1966, avant d&rsquo;y lancer \u00ab\u00a0Les Grosses t\u00eates\u00a0\u00bb en 1977 et d&rsquo;en faire l&rsquo;\u00e9mission la plus \u00e9cout\u00e9e de France.<\/p>\n\n\n\n<p class=\"\">\u00ab\u00a0J&rsquo;aimerais bien avoir celui-l\u00e0 (ce record, ndlr), parce que, je ne vous le cache pas, j&rsquo;ai beaucoup aim\u00e9 la radio, et la radio me l&rsquo;a bien rendu\u00a0\u00bb, a ajout\u00e9 le journaliste qui revient sur des moments ayant forg\u00e9 sa carri\u00e8re dans \u00ab\u00a0Les portraits de Philippe Bouvard\u00a0\u00bb, le dimanche \u00e0 6H40 sur RTL.<\/p>\n\n\n\n<p class=\"\">Dans un communiqu\u00e9, la radio du groupe M6 a salu\u00e9 sa figure embl\u00e9matique et son \u00ab\u00a0record mondial\u00a0\u00bb de \u00ab\u00a0l&rsquo;animateur ayant fait le plus de saisons sur une station\u00a0\u00bb. Sa carri\u00e8re a \u00ab\u00a0r\u00e9volutionn\u00e9 la radio\u00a0\u00bb, a estim\u00e9 le pr\u00e9sident de RTL, R\u00e9gis Ravanas, cit\u00e9 dans le communiqu\u00e9.<\/p>\n\n\n\n<p class=\"\">\u00ab\u00a0Nous comprenons son choix, mais (&#8230;) Philippe sait qu&rsquo;il appartient pour toujours \u00e0 la famille RTL\u00a0\u00bb, a-t-il fait valoir. Le directeur des programmes, Gauthier Hourcade, a quant \u00e0 lui rendu hommage \u00e0 un \u00ab\u00a0pionnier \u00e9rudit de l&rsquo;humour sur les ondes\u00a0\u00bb \u00e0 l'\u00a0\u00bbesprit vif, ind\u00e9pendant et impertinent\u00a0\u00bb.<\/p>\n\n\n\n<p class=\"\">Apr\u00e8s 37 ans \u00e0 animer les \u00ab\u00a0Grosses t\u00eates\u00a0\u00bb, Philippe Bouvard avait laiss\u00e9 sa place \u00e0 contrecoeur en 2014 \u00e0 Laurent Ruquier, appel\u00e9 pour rajeunir l&rsquo;\u00e9mission, qu&rsquo;il n&rsquo;a \u00ab\u00a0jamais \u00e9cout\u00e9e depuis\u00a0\u00bb, comme il l&rsquo;expliquait en d\u00e9cembre \u00e0 Var-Matin. RTL lui avait ensuite confi\u00e9 \u00ab\u00a0All\u00f4 Bouvard\u00a0\u00bb, diffus\u00e9 le week-end jusqu&rsquo;\u00e0 l&rsquo;\u00e9t\u00e9 2020.<\/p>\n\n\n\n<p class=\"\">Philippe Bouvard tient \u00e9galement depuis quatre ans une chronique dans le mensuel VSD et pr\u00e9pare un 70e livre, titr\u00e9 \u00ab\u00a0La retraite ? Pas une fin de vie, mais le d\u00e9but d&rsquo;une nouvelle existence\u00a0\u00bb, selon son interview \u00e0 Var-Matin<\/p>\n","protected":false},"excerpt":{"rendered":"<p>Le journaliste star, Philippe Bouvard, 94 ans, qui tient toujours une chronique hebdomadaire sur RTL, annonce ce matin qu&rsquo;il arr\u00eatera l&rsquo;antenne en janvier, \u00e0 l&rsquo;occasion de son soixanti\u00e8me anniversaire \u00e0 l&rsquo;antenne, \u00ab\u00a0un record mondial\u00a0\u00bb, selon la station. \u00ab\u00a0Il y a une tentation, qui n&rsquo;est pas une tentation de paresse, mais une tentation de record, c&rsquo;est [&hellip;]<\/p>\n","protected":false},"author":2,"featured_media":28693,"comment_status":"open","ping_status":"open","sticky":false,"template":"","format":"standard","meta":{"_jetpack_memberships_contains_paid_content":false,"footnotes":"","jetpack_publicize_message":"","jetpack_publicize_feature_enabled":true,"jetpack_social_post_already_shared":true,"jetpack_social_options":{"image_generator_settings":{"template":"highway","default_image_id":0,"font":"","enabled":false},"version":2},"_wpas_customize_per_network":false},"categories":[68],"tags":[],"class_list":["post-28692","post","type-post","status-publish","format-standard","has-post-thumbnail","hentry","category-actu-culturelle"],"jetpack_publicize_connections":[],"jetpack_featured_media_url":"https:\/\/i0.wp.com\/www.iceagetv.com\/radiosite\/wp-content\/uploads\/2024\/06\/Le-journaliste-star-Philippe-Bouvard-94-ans-annonce-ce-matin-quil-arretera-definitivement-lantenne-en-janvier-a-loccasion-de-son-soixantieme-anniversaire-dans-le-metier-.jpg?fit=321%2C140&ssl=1","jetpack_sharing_enabled":true,"_links":{"self":[{"href":"https:\/\/www.iceagetv.com\/radiosite\/wp-json\/wp\/v2\/posts\/28692","targetHints":{"allow":["GET"]}}],"collection":[{"href":"https:\/\/www.iceagetv.com\/radiosite\/wp-json\/wp\/v2\/posts"}],"about":[{"href":"https:\/\/www.iceagetv.com\/radiosite\/wp-json\/wp\/v2\/types\/post"}],"author":[{"embeddable":true,"href":"https:\/\/www.iceagetv.com\/radiosite\/wp-json\/wp\/v2\/users\/2"}],"replies":[{"embeddable":true,"href":"https:\/\/www.iceagetv.com\/radiosite\/wp-json\/wp\/v2\/comments?post=28692"}],"version-history":[{"count":1,"href":"https:\/\/www.iceagetv.com\/radiosite\/wp-json\/wp\/v2\/posts\/28692\/revisions"}],"predecessor-version":[{"id":28694,"href":"https:\/\/www.iceagetv.com\/radiosite\/wp-json\/wp\/v2\/posts\/28692\/revisions\/28694"}],"wp:featuredmedia":[{"embeddable":true,"href":"https:\/\/www.iceagetv.com\/radiosite\/wp-json\/wp\/v2\/media\/28693"}],"wp:attachment":[{"href":"https:\/\/www.iceagetv.com\/radiosite\/wp-json\/wp\/v2\/media?parent=28692"}],"wp:term":[{"taxonomy":"category","embeddable":true,"href":"https:\/\/www.iceagetv.com\/radiosite\/wp-json\/wp\/v2\/categories?post=28692"},{"taxonomy":"post_tag","embeddable":true,"href":"https:\/\/www.iceagetv.com\/radiosite\/wp-json\/wp\/v2\/tags?post=28692"}],"curies":[{"name":"wp","href":"https:\/\/api.w.org\/{rel}","templated":true}]}}