{"id":28713,"date":"2024-06-24T15:14:08","date_gmt":"2024-06-24T15:14:08","guid":{"rendered":"https:\/\/www.iceagetv.com\/radiosite\/?p=28713"},"modified":"2024-06-24T15:14:08","modified_gmt":"2024-06-24T15:14:08","slug":"inondation-impressionnante-de-ce-village-disere-le-point-sur-la-situation","status":"publish","type":"post","link":"https:\/\/www.iceagetv.com\/radiosite\/inondation-impressionnante-de-ce-village-disere-le-point-sur-la-situation\/","title":{"rendered":"Inondation impressionnante de ce village d&rsquo;Is\u00e8re : le point sur la situation"},"content":{"rendered":"\n<p class=\"\">Le calme apr\u00e8s la temp\u00eate. Apr\u00e8s les&nbsp;<a href=\"https:\/\/actu.fr\/auvergne-rhone-alpes\/saint-christophe-en-oisans_38375\/isere-les-images-impressionnantes-de-ce-petit-village-des-alpes-sous-les-eaux_61239742.html\">impressionnantes crues<\/a>&nbsp;qui ont touch\u00e9 plusieurs communes et lieux-dits la semaine derni\u00e8re sont le hameau de la B\u00e9rarde, la pr\u00e9fecture de&nbsp;<a href=\"https:\/\/actu.fr\/auvergne-rhone-alpes\/isere_38\/\">l\u2019Is\u00e8re<\/a>&nbsp;a fait un point sur la situation.&nbsp;<\/p>\n\n\n\n<p class=\"\"><strong>Plus aucune situation \u00ab&nbsp;pr\u00e9occupantes&nbsp;\u00bb parmi les personnes \u00e9vacu\u00e9es<\/strong><\/p>\n\n\n\n<p class=\"\">Dans un communiqu\u00e9 de presse publi\u00e9 ce dimanche soir, la pr\u00e9fecture de l\u2019Is\u00e8re a tenu a rassurer ses citoyens. \u00ab&nbsp;Concernant l\u2019ensemble des personnes impliqu\u00e9es par l\u2019\u00e9v\u00e8nement,&nbsp;<strong>plus aucune situation n\u2019est pr\u00e9occupante<\/strong>&nbsp;\u00bb indique le communiqu\u00e9, qui pr\u00e9cise par ailleurs qu\u2019une cellule psychologique est activ\u00e9e \u00ab&nbsp;pour toute personne qui en fait la demande&nbsp;\u00bb.&nbsp;&nbsp;<\/p>\n\n\n\n<p class=\"\">Le pr\u00e9fet de l\u2019Is\u00e8re Louis Laugier \u00ab\u00a0maintient l\u2019activation du centre op\u00e9rationnel d\u00e9partemental\u00a0\u00bb dans le but de \u00ab\u00a0suivre au plus pr\u00e8s\u00a0\u00bb la situation.<\/p>\n\n\n\n<h2 class=\"wp-block-heading\">Des d\u00e9g\u00e2ts mat\u00e9riels \u00ab&nbsp;en cours&nbsp;\u00bb d\u2019\u00e9valuation<\/h2>\n\n\n\n<p class=\"\">Si par chance, il n\u2019y a eu aucun d\u00e9c\u00e8s \u00e0 d\u00e9plorer, en revanche, de nombreux d\u00e9g\u00e2ts mat\u00e9riels ont \u00e9t\u00e9 engendr\u00e9s par cette catastrophe. \u00ab&nbsp;Le diagnostic des b\u00e2timents et ouvrages sur la zone sinistr\u00e9e est en cours&nbsp;\u00bb indique le m\u00eame communiqu\u00e9 de la pr\u00e9fecture de l\u2019Is\u00e8re.&nbsp;<\/p>\n\n\n\n<p class=\"\">Malgr\u00e9 les nombreux d\u00e9g\u00e2ts, la totalit\u00e9 des zones actuellement habit\u00e9es \u00ab\u00a0sont accessibles aux secours\u00a0\u00bb.<\/p>\n\n\n\n<h2 class=\"wp-block-heading\">Cr\u00e9ation d\u2019une \u00ab&nbsp;zone d\u2019exclusion et d\u2019interdiction&nbsp;\u00bb<\/h2>\n\n\n\n<p class=\"\">N\u00e9anmoins, pour des raisons de s\u00e9curit\u00e9 et \u00e0 cause de \u00ab&nbsp;l\u2019instabilit\u00e9 des zones sinistr\u00e9es&nbsp;\u00bb,&nbsp;<strong>une zone d\u2019exclusion et d\u2019interdiction<\/strong>&nbsp;a \u00e9t\u00e9 \u00e9tablie. Elle est en vigueur depuis ce dimanche 23 juin et jusqu\u2019\u00e0 nouvel ordre, note les services de l\u2019\u00c9tat.&nbsp;<\/p>\n\n\n\n<p class=\"\">Un arr\u00eat\u00e9 pr\u00e9fectoral \u00ab&nbsp;interdit l\u2019acc\u00e8s sur la RD530 depuis le lieu-dit \u00ab Les Ougiers \u00bb pour tout type de v\u00e9hicule ainsi que pour les pi\u00e9tons et les cycles&nbsp;\u00bb indique la pr\u00e9fecture de l\u2019Is\u00e8re sur X.<\/p>\n\n\n\n<p class=\"\">\u00a0<\/p>\n","protected":false},"excerpt":{"rendered":"<p>Le calme apr\u00e8s la temp\u00eate. Apr\u00e8s les&nbsp;impressionnantes crues&nbsp;qui ont touch\u00e9 plusieurs communes et lieux-dits la semaine derni\u00e8re sont le hameau de la B\u00e9rarde, la pr\u00e9fecture de&nbsp;l\u2019Is\u00e8re&nbsp;a fait un point sur la situation.&nbsp; Plus aucune situation \u00ab&nbsp;pr\u00e9occupantes&nbsp;\u00bb parmi les personnes \u00e9vacu\u00e9es Dans un communiqu\u00e9 de presse publi\u00e9 ce dimanche soir, la pr\u00e9fecture de l\u2019Is\u00e8re a tenu [&hellip;]<\/p>\n","protected":false},"author":2,"featured_media":28714,"comment_status":"open","ping_status":"open","sticky":false,"template":"","format":"standard","meta":{"_jetpack_memberships_contains_paid_content":false,"footnotes":"","jetpack_publicize_message":"","jetpack_publicize_feature_enabled":true,"jetpack_social_post_already_shared":true,"jetpack_social_options":{"image_generator_settings":{"template":"highway","default_image_id":0,"font":"","enabled":false},"version":2},"_wpas_customize_per_network":false},"categories":[14],"tags":[],"class_list":["post-28713","post","type-post","status-publish","format-standard","has-post-thumbnail","hentry","category-actu-meteo"],"jetpack_publicize_connections":[],"jetpack_featured_media_url":"https:\/\/i0.wp.com\/www.iceagetv.com\/radiosite\/wp-content\/uploads\/2024\/06\/Inondation-impressionnante-de-ce-village-dIsere.jpeg?fit=960%2C606&ssl=1","jetpack_sharing_enabled":true,"_links":{"self":[{"href":"https:\/\/www.iceagetv.com\/radiosite\/wp-json\/wp\/v2\/posts\/28713","targetHints":{"allow":["GET"]}}],"collection":[{"href":"https:\/\/www.iceagetv.com\/radiosite\/wp-json\/wp\/v2\/posts"}],"about":[{"href":"https:\/\/www.iceagetv.com\/radiosite\/wp-json\/wp\/v2\/types\/post"}],"author":[{"embeddable":true,"href":"https:\/\/www.iceagetv.com\/radiosite\/wp-json\/wp\/v2\/users\/2"}],"replies":[{"embeddable":true,"href":"https:\/\/www.iceagetv.com\/radiosite\/wp-json\/wp\/v2\/comments?post=28713"}],"version-history":[{"count":1,"href":"https:\/\/www.iceagetv.com\/radiosite\/wp-json\/wp\/v2\/posts\/28713\/revisions"}],"predecessor-version":[{"id":28715,"href":"https:\/\/www.iceagetv.com\/radiosite\/wp-json\/wp\/v2\/posts\/28713\/revisions\/28715"}],"wp:featuredmedia":[{"embeddable":true,"href":"https:\/\/www.iceagetv.com\/radiosite\/wp-json\/wp\/v2\/media\/28714"}],"wp:attachment":[{"href":"https:\/\/www.iceagetv.com\/radiosite\/wp-json\/wp\/v2\/media?parent=28713"}],"wp:term":[{"taxonomy":"category","embeddable":true,"href":"https:\/\/www.iceagetv.com\/radiosite\/wp-json\/wp\/v2\/categories?post=28713"},{"taxonomy":"post_tag","embeddable":true,"href":"https:\/\/www.iceagetv.com\/radiosite\/wp-json\/wp\/v2\/tags?post=28713"}],"curies":[{"name":"wp","href":"https:\/\/api.w.org\/{rel}","templated":true}]}}