{"id":28719,"date":"2024-06-26T06:26:38","date_gmt":"2024-06-26T06:26:38","guid":{"rendered":"https:\/\/www.iceagetv.com\/radiosite\/?p=28719"},"modified":"2024-06-26T06:26:38","modified_gmt":"2024-06-26T06:26:38","slug":"que-faut-il-retenir-du-debat-dhier-soir-sur-tf1-largement-domine-par-jordan-bardella-et-gabriel-attal-face-a-un-manuel-bompard-hors-course-sur-leconomie-et-linsecurite","status":"publish","type":"post","link":"https:\/\/www.iceagetv.com\/radiosite\/que-faut-il-retenir-du-debat-dhier-soir-sur-tf1-largement-domine-par-jordan-bardella-et-gabriel-attal-face-a-un-manuel-bompard-hors-course-sur-leconomie-et-linsecurite\/","title":{"rendered":"Que faut-il retenir du d\u00e9bat d&rsquo;hier soir sur TF1, largement domin\u00e9 par Jordan Bardella et Gabriel Attal, face \u00e0 un Manuel Bompard hors course sur l&rsquo;\u00e9conomie et l&rsquo;ins\u00e9curit\u00e9 ?"},"content":{"rendered":"\n<p class=\"\">Le Premier ministre, Gabriel Attal, le pr\u00e9sident du RN, Jordan Bardella, et le coordinateur de la France insoumise, Manuel Bompard, ont d\u00e9battu ce hier soir sur TF 1. Un d\u00e9bat domin\u00e9 sur le plan des propositions par Jordan Bardella et Gabriel Attal, le repr\u00e9sentant des Insoumis Manuel Bompard, semblant avoir un peu de mal sur le plan \u00e9conomique et peinant \u00e0 fournir des \u00e9l\u00e9ments s\u00e9rieux sur l&rsquo;ins\u00e9curit\u00e9.&nbsp;<\/p>\n\n\n\n<p class=\"\"><strong>Retraites<\/strong>&nbsp;: Jordan Bardella et Manuel Bompard sont tous deux d\u2019accord pour revenir sur la r\u00e9forme portant l\u2019\u00e2ge l\u00e9gal de d\u00e9part \u00e0 la retraite \u00e0 64 ans. Jordan Bardella a tout de m\u00eame mentionn\u00e9 la possibilit\u00e9 d\u2019un d\u00e9part \u00e0 66 ans pour certains travailleurs qui auraient commenc\u00e9 \u00e0 travailler \u00e0 l\u2019\u00e2ge de 24 ans.<\/p>\n\n\n\n<p class=\"\">Gabriel Attal persiste et signe. \u00ab Nous d\u00e9fendons la r\u00e9forme actuelle des retraites pour assurer la soutenabilit\u00e9 financi\u00e8re \u00e0 long terme. \u00bb explique le Premier Ministre.<\/p>\n\n\n\n<p class=\"\">Les trois hommes se sont aussi affront\u00e9s sur le sujet des retraites, Jordan Bardella et Manuel Bompard souhaitant revenir sur la r\u00e9forme portant \u00e0 64 ans l\u2019\u00e2ge l\u00e9gal de d\u00e9part. Jordan Bardella \u00e9voquant un possible d\u00e9part \u00e0 66 ans pour un Fran\u00e7ais ayant commenc\u00e9 \u00e0 travailler \u00e0 24 ans.<\/p>\n\n\n\n<p class=\"\"><strong>Pouvoir d&rsquo;achat :<\/strong>&nbsp;\u00ab&nbsp;On peut agir pour le pouvoir d\u2019achat \u00bb, a lanc\u00e9 d\u2019embl\u00e9e le pr\u00e9sident du Rassemblement national, qui a fait de ce sujet son cheval de bataille avec, notamment, une promesse de baisse imm\u00e9diate de la TVA \u00e0 5,5&nbsp;% sur les carburants, l\u2019\u00e9lectricit\u00e9 et le gaz.&nbsp;\u00ab&nbsp;Combien \u00e7a co\u00fbte et comment vous le financez&nbsp;?&nbsp;\u00bb, a ripost\u00e9 le Premier ministre, se posant en d\u00e9fenseur du s\u00e9rieux budg\u00e9taire pour ce premier grand affrontement t\u00e9l\u00e9vis\u00e9 entre les trois blocs, dans la derni\u00e8re ligne droite de cette campagne \u00e9clair. \u00ab&nbsp;J\u2019ai pas envie de leur faire croire \u00e0 la lune&nbsp;\u00bb, a ajout\u00e9 Gabriel Attal, en proposant de son c\u00f4t\u00e9 des mesures pour \u00ab&nbsp;gagner plus et d\u00e9penser moins&nbsp;\u00bb.<\/p>\n\n\n\n<p class=\"\"><strong>Restreindre certains postes aux bi-nationaux :<\/strong>&nbsp;Gabriel Attal a vivement critiqu\u00e9 cette id\u00e9e, la qualifiant d\u2019\u00ab insultante \u00bb pour les 3,5 millions de Fran\u00e7ais binationaux : \u00ab La stigmatisation des Fran\u00e7ais binationaux est inacceptable. Le message que vous faites passer, c&rsquo;est que quand on est binational, on est demi-national, on ne serait pas digne de confiance pour occuper des postes \u00e0 responsabilit\u00e9. \u00bb<\/p>\n\n\n\n<p class=\"\"><strong>La s\u00e9curit\u00e9 :&nbsp;<\/strong>&nbsp;Jordan Bardella a vivement critiqu\u00e9 les mesures de Gabriel Attal, accusant le gouvernement de manquer d&rsquo;efficacit\u00e9 : \u00ab Vous promettez, monsieur Attal, mais vous avez fait quoi ? Il n\u2019y a plus un seul Fran\u00e7ais qui ne craint pas pour sa s\u00e9curit\u00e9 dans l\u2019espace public. \u00bb<\/p>\n\n\n\n<p class=\"\">Jordan Bardella a plaid\u00e9 pour le r\u00e9tablissement des peines planchers et la suspension des allocations familiales pour les parents de mineurs r\u00e9cidivistes, insistant sur des sanctions plus s\u00e9v\u00e8res.<\/p>\n","protected":false},"excerpt":{"rendered":"<p>Le Premier ministre, Gabriel Attal, le pr\u00e9sident du RN, Jordan Bardella, et le coordinateur de la France insoumise, Manuel Bompard, ont d\u00e9battu ce hier soir sur TF 1. Un d\u00e9bat domin\u00e9 sur le plan des propositions par Jordan Bardella et Gabriel Attal, le repr\u00e9sentant des Insoumis Manuel Bompard, semblant avoir un peu de mal sur [&hellip;]<\/p>\n","protected":false},"author":2,"featured_media":28720,"comment_status":"open","ping_status":"open","sticky":false,"template":"","format":"standard","meta":{"_jetpack_memberships_contains_paid_content":false,"footnotes":"","jetpack_publicize_message":"","jetpack_publicize_feature_enabled":true,"jetpack_social_post_already_shared":true,"jetpack_social_options":{"image_generator_settings":{"template":"highway","default_image_id":0,"font":"","enabled":false},"version":2},"_wpas_customize_per_network":false},"categories":[405],"tags":[],"class_list":["post-28719","post","type-post","status-publish","format-standard","has-post-thumbnail","hentry","category-actu-france-monde"],"jetpack_publicize_connections":[],"jetpack_featured_media_url":"https:\/\/i0.wp.com\/www.iceagetv.com\/radiosite\/wp-content\/uploads\/2024\/06\/Que-faut-il-retenir-du-debat-dhier-soir-sur-TF1.jpg?fit=899%2C388&ssl=1","jetpack_sharing_enabled":true,"_links":{"self":[{"href":"https:\/\/www.iceagetv.com\/radiosite\/wp-json\/wp\/v2\/posts\/28719","targetHints":{"allow":["GET"]}}],"collection":[{"href":"https:\/\/www.iceagetv.com\/radiosite\/wp-json\/wp\/v2\/posts"}],"about":[{"href":"https:\/\/www.iceagetv.com\/radiosite\/wp-json\/wp\/v2\/types\/post"}],"author":[{"embeddable":true,"href":"https:\/\/www.iceagetv.com\/radiosite\/wp-json\/wp\/v2\/users\/2"}],"replies":[{"embeddable":true,"href":"https:\/\/www.iceagetv.com\/radiosite\/wp-json\/wp\/v2\/comments?post=28719"}],"version-history":[{"count":1,"href":"https:\/\/www.iceagetv.com\/radiosite\/wp-json\/wp\/v2\/posts\/28719\/revisions"}],"predecessor-version":[{"id":28721,"href":"https:\/\/www.iceagetv.com\/radiosite\/wp-json\/wp\/v2\/posts\/28719\/revisions\/28721"}],"wp:featuredmedia":[{"embeddable":true,"href":"https:\/\/www.iceagetv.com\/radiosite\/wp-json\/wp\/v2\/media\/28720"}],"wp:attachment":[{"href":"https:\/\/www.iceagetv.com\/radiosite\/wp-json\/wp\/v2\/media?parent=28719"}],"wp:term":[{"taxonomy":"category","embeddable":true,"href":"https:\/\/www.iceagetv.com\/radiosite\/wp-json\/wp\/v2\/categories?post=28719"},{"taxonomy":"post_tag","embeddable":true,"href":"https:\/\/www.iceagetv.com\/radiosite\/wp-json\/wp\/v2\/tags?post=28719"}],"curies":[{"name":"wp","href":"https:\/\/api.w.org\/{rel}","templated":true}]}}