{"id":28723,"date":"2024-06-26T14:33:24","date_gmt":"2024-06-26T14:33:24","guid":{"rendered":"https:\/\/www.iceagetv.com\/radiosite\/?p=28723"},"modified":"2024-06-26T14:33:24","modified_gmt":"2024-06-26T14:33:24","slug":"lancien-collaborateur-de-lelysee-alexandre-benalla-definitivement-condamne-a-1-an-de-prison-ferme-pour-des-violences-commises-sur-des-manifestants-le-1er-mai-2018jassume-mes-responsabi","status":"publish","type":"post","link":"https:\/\/www.iceagetv.com\/radiosite\/lancien-collaborateur-de-lelysee-alexandre-benalla-definitivement-condamne-a-1-an-de-prison-ferme-pour-des-violences-commises-sur-des-manifestants-le-1er-mai-2018jassume-mes-responsabi\/","title":{"rendered":"L&rsquo;ancien collaborateur de l&rsquo;Elys\u00e9e Alexandre Benalla d\u00e9finitivement condamn\u00e9 \u00e0 1 an de prison ferme pour des violences commises sur des manifestants le 1er mai 2018:\u00a0\u00bbJ\u2019assume mes responsabilit\u00e9s, et je vais purger ma peine comme tout justiciable condamn\u00e9"},"content":{"rendered":"\n<p class=\"\">Sur le r\u00e9seau social X, Alexandre Benalla r\u00e9agit: \u00ab\u00a0La Justice a tranch\u00e9, les faits commis le 1er Mai 2018 sont des d\u00e9lits, j\u2019assume mes responsabilit\u00e9s, et je vais purger ma peine comme tout justiciable condamn\u00e9.<\/p>\n\n\n\n<p class=\"\">Merci \u00e0 mes avocats (Jacqueline Laffont, feu Pierre Ha\u00efk, Fran\u00e7ois Artuphel, Charles Chambenois, et tous les collaborateurs du cabinet) qui m\u2019ont d\u00e9fendu du d\u00e9but \u00e0 la fin.\u00a0\u00bb<\/p>\n\n\n\n<p class=\"\">La Cour de cassation a rejet\u00e9 mercredi le pourvoi form\u00e9 par l\u2019ex-charg\u00e9 de mission de l\u2019Elys\u00e9e Alexandre Benalla, rendant d\u00e9finitive sa condamnation \u00e0 un an de prison ferme dans l\u2019affaire des violences du 1er-Mai 2018.<\/p>\n\n\n\n<p class=\"\">Six ans apr\u00e8s ce scandale qui a secou\u00e9 le premier quinquennat d\u2019Emmanuel Macron, la d\u00e9cision de la plus haute juridiction judiciaire confirme la condamnation en appel d\u2019Alexandre Benalla \u00e0 trois ans de prison dont un an ferme, prononc\u00e9e le 29 septembre 2023 par la cour d\u2019appel de Paris.<\/p>\n\n\n\n<p class=\"\">Alexandre Benalla, 32 ans, n\u2019ira pas en prison: la cour d\u2019appel avait en effet am\u00e9nag\u00e9 la partie ferme de sa peine. C\u2019est un juge d\u2019application des peines (JAP) qui en d\u00e9terminera les conditions (par exemple sous bracelet \u00e9lectronique).<\/p>\n\n\n\n<p class=\"\">Les images d\u2019Alexandre Benalla place de la Contrescarpe \u00e0 Paris le 1er-Mai 2018 avaient d\u00e9clench\u00e9 une temp\u00eate politique en juillet de la m\u00eame ann\u00e9e, quand le quotidien Le Monde avait identifi\u00e9, sous un casque des forces de l\u2019ordre, ce proche d\u2019Emmanuel Macron.<\/p>\n\n\n\n<p class=\"\">En septembre 2023, la cour d\u2019appel de Paris avait condamn\u00e9 Alexandre Benalla, ainsi que Vincent Crase, ex-r\u00e9serviste de la gendarmerie, pour des violences sur plusieurs personnes dans le Quartier latin, en marge de la manifestation parisienne \u00e0 laquelle ils n\u2019assistaient qu\u2019en tant qu\u2019observateurs. Le pourvoi en cassation de Vincent Crase a \u00e9galement \u00e9t\u00e9 rejet\u00e9.<\/p>\n\n\n\n<p class=\"\">Comme en premi\u00e8re instance, l\u2019ex-charg\u00e9 de mission avait en outre \u00e9t\u00e9 sanctionn\u00e9 pour avoir frauduleusement us\u00e9 de ses passeports diplomatiques apr\u00e8s son licenciement, fabriqu\u00e9 un faux document pour obtenir un passeport de service et port\u00e9 ill\u00e9galement une arme en 2017.<\/p>\n\n\n\n<p class=\"\">Depuis l\u2019origine, Alexandre Benalla soutient qu\u2019il a voulu, par \u00ab&nbsp;r\u00e9flexe citoyen&nbsp;\u00bb, \u00ab&nbsp;interpeller&nbsp;\u00bb des \u00ab&nbsp;agresseurs&nbsp;\u00bb de policiers lors d\u2019une manifestation \u00e9maill\u00e9e d\u2019incidents, parlant de \u00ab&nbsp;gestes techniques rat\u00e9s&nbsp;\u00bb.<\/p>\n\n\n\n<p class=\"\">La cour d\u2019appel a estim\u00e9 au contraire, comme le tribunal, qu\u2019il \u00e9tait coupable de violences volontaires en r\u00e9union et d\u2019immixtion dans la fonction de policier.<\/p>\n\n\n\n<p class=\"\">Elle a ainsi \u00e9cart\u00e9 l\u2019argument-phare de la d\u00e9fense, qui invoquait l\u2019article 73 du code de proc\u00e9dure p\u00e9nale, autorisant un citoyen \u00e0 appr\u00e9hender l\u2019auteur d\u2019un d\u00e9lit flagrant dans certaines circonstances.<\/p>\n","protected":false},"excerpt":{"rendered":"<p>Sur le r\u00e9seau social X, Alexandre Benalla r\u00e9agit: \u00ab\u00a0La Justice a tranch\u00e9, les faits commis le 1er Mai 2018 sont des d\u00e9lits, j\u2019assume mes responsabilit\u00e9s, et je vais purger ma peine comme tout justiciable condamn\u00e9. Merci \u00e0 mes avocats (Jacqueline Laffont, feu Pierre Ha\u00efk, Fran\u00e7ois Artuphel, Charles Chambenois, et tous les collaborateurs du cabinet) qui [&hellip;]<\/p>\n","protected":false},"author":2,"featured_media":28724,"comment_status":"open","ping_status":"open","sticky":false,"template":"","format":"standard","meta":{"_jetpack_memberships_contains_paid_content":false,"footnotes":"","jetpack_publicize_message":"","jetpack_publicize_feature_enabled":true,"jetpack_social_post_already_shared":true,"jetpack_social_options":{"image_generator_settings":{"template":"highway","default_image_id":0,"font":"","enabled":false},"version":2},"_wpas_customize_per_network":false},"categories":[405],"tags":[],"class_list":["post-28723","post","type-post","status-publish","format-standard","has-post-thumbnail","hentry","category-actu-france-monde"],"jetpack_publicize_connections":[],"jetpack_featured_media_url":"https:\/\/i0.wp.com\/www.iceagetv.com\/radiosite\/wp-content\/uploads\/2024\/06\/ld54YV8j.jpg?fit=899%2C388&ssl=1","jetpack_sharing_enabled":true,"_links":{"self":[{"href":"https:\/\/www.iceagetv.com\/radiosite\/wp-json\/wp\/v2\/posts\/28723","targetHints":{"allow":["GET"]}}],"collection":[{"href":"https:\/\/www.iceagetv.com\/radiosite\/wp-json\/wp\/v2\/posts"}],"about":[{"href":"https:\/\/www.iceagetv.com\/radiosite\/wp-json\/wp\/v2\/types\/post"}],"author":[{"embeddable":true,"href":"https:\/\/www.iceagetv.com\/radiosite\/wp-json\/wp\/v2\/users\/2"}],"replies":[{"embeddable":true,"href":"https:\/\/www.iceagetv.com\/radiosite\/wp-json\/wp\/v2\/comments?post=28723"}],"version-history":[{"count":1,"href":"https:\/\/www.iceagetv.com\/radiosite\/wp-json\/wp\/v2\/posts\/28723\/revisions"}],"predecessor-version":[{"id":28725,"href":"https:\/\/www.iceagetv.com\/radiosite\/wp-json\/wp\/v2\/posts\/28723\/revisions\/28725"}],"wp:featuredmedia":[{"embeddable":true,"href":"https:\/\/www.iceagetv.com\/radiosite\/wp-json\/wp\/v2\/media\/28724"}],"wp:attachment":[{"href":"https:\/\/www.iceagetv.com\/radiosite\/wp-json\/wp\/v2\/media?parent=28723"}],"wp:term":[{"taxonomy":"category","embeddable":true,"href":"https:\/\/www.iceagetv.com\/radiosite\/wp-json\/wp\/v2\/categories?post=28723"},{"taxonomy":"post_tag","embeddable":true,"href":"https:\/\/www.iceagetv.com\/radiosite\/wp-json\/wp\/v2\/tags?post=28723"}],"curies":[{"name":"wp","href":"https:\/\/api.w.org\/{rel}","templated":true}]}}