{"id":28727,"date":"2024-06-27T05:00:18","date_gmt":"2024-06-27T05:00:18","guid":{"rendered":"https:\/\/www.iceagetv.com\/radiosite\/?p=28727"},"modified":"2024-06-27T05:00:18","modified_gmt":"2024-06-27T05:00:18","slug":"confusion-en-bolivie-des-militaires-et-des-blindes-devant-la-presidence","status":"publish","type":"post","link":"https:\/\/www.iceagetv.com\/radiosite\/confusion-en-bolivie-des-militaires-et-des-blindes-devant-la-presidence\/","title":{"rendered":"Confusion en Bolivie, des militaires et des blind\u00e9s devant la pr\u00e9sidence"},"content":{"rendered":"\n<p class=\"\">La situation est confuse \u00e0 La Paz o\u00f9 des troupes et des v\u00e9hicules de l&rsquo;arm\u00e9e ont pris position mercredi devant la pr\u00e9sidence, a constat\u00e9 l&rsquo;AFP, le pr\u00e9sident bolivien Luis Arce appelant \u00e0 ce que \u00ab\u00a0la d\u00e9mocratie soit respect\u00e9e\u00a0\u00bb.<\/p>\n\n\n\n<p class=\"\">\u00ab\u00a0Nous d\u00e9non\u00e7ons les mouvements irr\u00e9guliers de certaines unit\u00e9s de l&rsquo;arm\u00e9e bolivienne. La d\u00e9mocratie doit \u00eatre respect\u00e9e\u00a0\u00bb, a \u00e9crit le pr\u00e9sident sur le r\u00e9seau social X.<\/p>\n\n\n\n<p class=\"\">Selon l&rsquo;ex-pr\u00e9sident Evo Morales (2006-2019) sur X, \u00ab\u00a0un coup d&rsquo;Etat se pr\u00e9pare<\/p>\n\n\n\n<p class=\"\">Des images sur les r\u00e9seaux sociaux prises par les habitants montrent des unit\u00e9s de l&rsquo;arm\u00e9e avan\u00e7ant dans les rues en rangs serr\u00e9s, et des v\u00e9hicules blind\u00e9s, ainsi qu&rsquo;un char stationn\u00e9s sur la place Murillo, o\u00f9 des militaires ont \u00e9t\u00e9 vus entrer au Palacio Quemado, le si\u00e8ge de la pr\u00e9sidence.<\/p>\n\n\n\n<p class=\"\">Selon la t\u00e9l\u00e9vision bolivienne, le chef de l&rsquo;arm\u00e9e, le g\u00e9n\u00e9ral Zuniga, est entr\u00e9 bri\u00e8vement dans le palais pr\u00e9sidentiel.<\/p>\n\n\n\n<p class=\"\">Il n&rsquo;\u00e9tait pas possible de savoir dans l&rsquo;imm\u00e9diat si le pr\u00e9sident Arce, \u00e9lu en 2020, se trouvait dans le palais.<\/p>\n\n\n\n<p class=\"\">Des rumeurs circulent depuis mardi selon lesquelles le g\u00e9n\u00e9ral Zuniga, en poste depuis novembre 2022, pourrait \u00eatre d\u00e9mis de ses fonctions.<\/p>\n\n\n\n<p class=\"\">Il aurait outrepass\u00e9 sa fonction en faisant des d\u00e9clarations contre M. Morales, autrefois alli\u00e9 d&rsquo;Arce et aujourd&rsquo;hui son plus grand adversaire politique en vue des \u00e9lections pr\u00e9sidentielles de 2025.<\/p>\n\n\n\n<p class=\"\">Dans une interview accord\u00e9e lundi \u00e0 une cha\u00eene de t\u00e9l\u00e9vision, le chef de l&rsquo;arm\u00e9e a affirm\u00e9 qu&rsquo;il arr\u00eaterait M. Morales s&rsquo;il poursuivait son dessein de se repr\u00e9senter, alors qu&rsquo;il ne peut plus \u00eatre candidat selon une d\u00e9cision de justice.<\/p>\n\n\n\n<p class=\"\">\u00ab\u00a0L\u00e9galement, il est disqualifi\u00e9, il ne peut plus \u00eatre pr\u00e9sident de ce pays\u00a0\u00bb, a d\u00e9clar\u00e9 M. Zuniga. Les forces arm\u00e9es \u00ab\u00a0sont le bras arm\u00e9 du pays et nous allons d\u00e9fendre la Constitution \u00e0 tout prix\u00a0\u00bb, a-t-il ajout\u00e9.<\/p>\n\n\n\n<p class=\"\">Le secr\u00e9taire g\u00e9n\u00e9ral de l&rsquo;Organisation des Etats am\u00e9ricains (OEA) Luis Almagro a d\u00e9clar\u00e9 qu'\u00a0\u00bbaucune forme de violation de l&rsquo;ordre constitutionnel ne sera tol\u00e9r\u00e9\u00a0\u00bb en Bolivie, exprimant sa \u00ab\u00a0solidarit\u00e9 avec le pr\u00e9sident Luis Arce\u00a0\u00bb depuis Asunci\u00f3n, o\u00f9 se tient jusqu&rsquo;\u00e0 vendredi l&rsquo;assembl\u00e9e g\u00e9n\u00e9rale de l&rsquo;organisation.<\/p>\n","protected":false},"excerpt":{"rendered":"<p>La situation est confuse \u00e0 La Paz o\u00f9 des troupes et des v\u00e9hicules de l&rsquo;arm\u00e9e ont pris position mercredi devant la pr\u00e9sidence, a constat\u00e9 l&rsquo;AFP, le pr\u00e9sident bolivien Luis Arce appelant \u00e0 ce que \u00ab\u00a0la d\u00e9mocratie soit respect\u00e9e\u00a0\u00bb. \u00ab\u00a0Nous d\u00e9non\u00e7ons les mouvements irr\u00e9guliers de certaines unit\u00e9s de l&rsquo;arm\u00e9e bolivienne. La d\u00e9mocratie doit \u00eatre respect\u00e9e\u00a0\u00bb, a [&hellip;]<\/p>\n","protected":false},"author":2,"featured_media":28728,"comment_status":"open","ping_status":"open","sticky":false,"template":"","format":"standard","meta":{"_jetpack_memberships_contains_paid_content":false,"footnotes":"","jetpack_publicize_message":"","jetpack_publicize_feature_enabled":true,"jetpack_social_post_already_shared":true,"jetpack_social_options":{"image_generator_settings":{"template":"highway","default_image_id":0,"font":"","enabled":false},"version":2},"_wpas_customize_per_network":false},"categories":[405],"tags":[],"class_list":["post-28727","post","type-post","status-publish","format-standard","has-post-thumbnail","hentry","category-actu-france-monde"],"jetpack_publicize_connections":[],"jetpack_featured_media_url":"https:\/\/i0.wp.com\/www.iceagetv.com\/radiosite\/wp-content\/uploads\/2024\/06\/field_media_image-2843199-9b9aa7c76a8d2c2955a7cf41d4853b4a87edbb61.jpg?fit=734%2C488&ssl=1","jetpack_sharing_enabled":true,"_links":{"self":[{"href":"https:\/\/www.iceagetv.com\/radiosite\/wp-json\/wp\/v2\/posts\/28727","targetHints":{"allow":["GET"]}}],"collection":[{"href":"https:\/\/www.iceagetv.com\/radiosite\/wp-json\/wp\/v2\/posts"}],"about":[{"href":"https:\/\/www.iceagetv.com\/radiosite\/wp-json\/wp\/v2\/types\/post"}],"author":[{"embeddable":true,"href":"https:\/\/www.iceagetv.com\/radiosite\/wp-json\/wp\/v2\/users\/2"}],"replies":[{"embeddable":true,"href":"https:\/\/www.iceagetv.com\/radiosite\/wp-json\/wp\/v2\/comments?post=28727"}],"version-history":[{"count":1,"href":"https:\/\/www.iceagetv.com\/radiosite\/wp-json\/wp\/v2\/posts\/28727\/revisions"}],"predecessor-version":[{"id":28729,"href":"https:\/\/www.iceagetv.com\/radiosite\/wp-json\/wp\/v2\/posts\/28727\/revisions\/28729"}],"wp:featuredmedia":[{"embeddable":true,"href":"https:\/\/www.iceagetv.com\/radiosite\/wp-json\/wp\/v2\/media\/28728"}],"wp:attachment":[{"href":"https:\/\/www.iceagetv.com\/radiosite\/wp-json\/wp\/v2\/media?parent=28727"}],"wp:term":[{"taxonomy":"category","embeddable":true,"href":"https:\/\/www.iceagetv.com\/radiosite\/wp-json\/wp\/v2\/categories?post=28727"},{"taxonomy":"post_tag","embeddable":true,"href":"https:\/\/www.iceagetv.com\/radiosite\/wp-json\/wp\/v2\/tags?post=28727"}],"curies":[{"name":"wp","href":"https:\/\/api.w.org\/{rel}","templated":true}]}}