{"id":28733,"date":"2024-06-28T12:36:36","date_gmt":"2024-06-28T12:36:36","guid":{"rendered":"https:\/\/www.iceagetv.com\/radiosite\/?p=28733"},"modified":"2024-06-28T12:36:36","modified_gmt":"2024-06-28T12:36:36","slug":"tour-de-france-2024-voici-le-parcours-complet-de-cette-111e-edition-de-la-grande-boucle","status":"publish","type":"post","link":"https:\/\/www.iceagetv.com\/radiosite\/tour-de-france-2024-voici-le-parcours-complet-de-cette-111e-edition-de-la-grande-boucle\/","title":{"rendered":"Tour de France 2024 : voici le parcours complet de cette 111e \u00e9dition de la Grande boucle"},"content":{"rendered":"\n<p class=\"\">C\u2019est toujours un moment important : le grand d\u00e9part. Cette ann\u00e9e tout particuli\u00e8rement au regard de la premi\u00e8re \u00e9tape<strong>&nbsp;tr\u00e8s difficile<\/strong>&nbsp;attendue par le peloton.&nbsp;<\/p>\n\n\n\n<p class=\"\">Les guiboles sont pr\u00eates \u00e0 gravir des montagnes, les v\u00e9los affut\u00e9s et le top d\u00e9part de la 111\u1d49 \u00e9dition de la Grande boucle sera donn\u00e9 ce samedi 29 juin 2024.\u00a0<\/p>\n\n\n\n<h2 class=\"wp-block-heading\">D\u00e9part italien, la Bourgogne en t\u00eate d\u2019affiche<\/h2>\n\n\n\n<p class=\"\">La grande nouveaut\u00e9 de cette \u00e9dition, c\u2019est \u00e9videmment le d\u00e9part donn\u00e9<strong>&nbsp;depuis Florence, en Italie.&nbsp;<\/strong><\/p>\n\n\n\n<p class=\"\">Grande nation de cyclisme, la Botte accueillera trois \u00e9tapes avant que la Grande boucle retourne en France. Le pays transalpin est donc \u00e0 l\u2019honneur cette ann\u00e9e, mais l\u2019autre star de l\u2019\u00e9preuve, c\u2019est la\u00a0<strong>Bourgogne avec quatre \u00e9tapes<\/strong>, dont la tr\u00e8s belle entre la cit\u00e9 m\u00e9di\u00e9vale de Semur-en-Auxois et Colombey-les-Deux-\u00c9glises.\u00a0<\/p>\n\n\n\n<h2 class=\"wp-block-heading\">Une arriv\u00e9e hors de la capitale<\/h2>\n\n\n\n<p class=\"\"><strong>Les Alpes<\/strong>, avec deux passages, et&nbsp;<strong>les Pyr\u00e9n\u00e9es<\/strong>&nbsp;seront assur\u00e9ment&nbsp;<strong>des moments cl\u00e9s<\/strong>&nbsp;de ce Tour de France, c\u2019est souvent dans les pentes montagneuses que se gagne le maillot Jaune.&nbsp;<\/p>\n\n\n\n<p class=\"\">Comme depuis quelques ann\u00e9es,&nbsp;<strong>le Tour s\u2019annonce tr\u00e8s exigeant<\/strong>&nbsp;et les \u00e9tapes de plaine, d\u00eetes de transition, se font de plus en plus rares.<\/p>\n\n\n\n<p class=\"\">Cette ann\u00e9e, m\u00eame la derni\u00e8re \u00e9tape sera d\u00e9cisive pour la victoire finale. Pas d\u2019arriv\u00e9e sur les pav\u00e9s des Champs-\u00c9lys\u00e9es en raison de&nbsp;<a href=\"https:\/\/actu.fr\/tag\/jo-paris-2024\">la tenue des Jeux olympiques<\/a>&nbsp;une semaine plus tard, mais&nbsp;<strong>un contre-la-montre entre Monaco et Nice<\/strong>.&nbsp;<\/p>\n\n\n\n<p class=\"\">Si la victoire parisienne rel\u00e8ve en g\u00e9n\u00e9ral plus du prestige que de l\u2019int\u00e9r\u00eat pour le classement g\u00e9n\u00e9ral, l\u2019arriv\u00e9e en contre-la-montre pourra changer le destin du Tour en cas d\u2019\u00e9cart assez serr\u00e9 avant le top d\u00e9part de cette derni\u00e8re manche.\u00a0<\/p>\n\n\n\n<h2 class=\"wp-block-heading\">Liste des \u00e9tapes<\/h2>\n\n\n\n<ul class=\"wp-block-list\">\n<li class=\"\">1\u02b3\u1d49 \u00e9tape (29 juin) : Florence \u2013 Rimini (205 km) ;<\/li>\n\n\n\n<li class=\"\">2\u1d49 \u00e9tape (30 juin) : Cesenatico \u2013 Bologne (200 km) ;<\/li>\n\n\n\n<li class=\"\">3\u1d49 \u00e9tape (1\u1d49\u02b3 juillet) : Plaisance \u2013 Turin (225 km) ;<\/li>\n\n\n\n<li class=\"\">4\u1d49 \u00e9tape (2 juillet) :\u00a0<a href=\"https:\/\/actu.fr\/auvergne-rhone-alpes\/valloire_73306\/tour-de-france-2024-quelles-etapes-passeront-par-la-savoie_60253271.html\">\u00a0Pinerolo \u2013 Valloire<\/a>\u00a0(138 km) ;<\/li>\n\n\n\n<li class=\"\">5\u1d49 \u00e9tape (3 juillet) :\u00a0<a href=\"https:\/\/actu.fr\/auvergne-rhone-alpes\/saint-vulbas_01390\/tour-de-france-2024-une-etape-annoncee-pres-de-lyon-voici-le-parcours_60252371.html\">Saint-Jean-de-Maurienne \u2013 Saint-Vulbas<\/a>\u00a0(177 km) ;<\/li>\n\n\n\n<li class=\"\">6\u1d49 \u00e9tape (4 juillet) : M\u00e2con \u2013 Dijon (163 km) ;<\/li>\n\n\n\n<li class=\"\">7\u1d49 \u00e9tape (5 juillet) : Nuits-Saint-Georges \u2013 Gevrey-Chambertin (25 km) (contre-la-montre) ;<\/li>\n\n\n\n<li class=\"\">8\u1d49 \u00e9tape (6 juillet) : Colombey-Les-Deux-\u00c9glises \u2013 Saumur-en-Auxois (176 km) ;<\/li>\n\n\n\n<li class=\"\">9\u1d49 \u00e9tape (7 juillet) : Troyes \u2013 Troyes (199 km) ;<\/li>\n\n\n\n<li class=\"\">Lundi 8 juillet 2024 : Repos.<\/li>\n\n\n\n<li class=\"\">10\u1d49 \u00e9tape (9 juillet) :<a href=\"https:\/\/actu.fr\/centre-val-de-loire\/orleans_45234\/tour-de-france-2024-on-connait-le-parcours-des-coureurs-dans-les-rues-d-orleans_60412764.html\">\u00a0Orl\u00e9ans \u2013 Saint-Amand-Montrond<\/a>\u00a0(196 km) ;<\/li>\n\n\n\n<li class=\"\">11\u1d49 \u00e9tape (10 juillet) :<a href=\"https:\/\/actu.fr\/auvergne-rhone-alpes\/aurillac_15014\/decouvrez-dans-quelles-villes-du-cantal-va-passer-le-tour-de-france-2024_60255805.html\">\u00a0\u00c9vaux-les-Bain -Le Lioran<\/a>\u00a0(211 km) ;<\/li>\n\n\n\n<li class=\"\">12\u1d49 \u00e9tape (11 juillet) : Aurillac \u2013 Villeneuve-sur-Lot (204 km) ;<\/li>\n\n\n\n<li class=\"\">13\u1d49 \u00e9tape (12 juillet) :\u00a0<a href=\"https:\/\/actu.fr\/occitanie\/cazaubon_32096\/le-tour-de-france-n-a-pas-oublie-le-gers-pour-son-edition-2024-voici-ou-il-passera_60256415.html\">Agen \u2013 Pau<\/a>\u00a0(171 km) ;<\/li>\n\n\n\n<li class=\"\">14\u1d49 \u00e9tape (13 juillet) : Pau \u2013 Saint-Larry-Soulan (152 km) ;<\/li>\n\n\n\n<li class=\"\">15\u1d49 \u00e9tape (14 juillet) :\u00a0<a href=\"https:\/\/actu.fr\/sports\/cyclisme\/tour-de-france-2024-une-etape-monstre-entre-hautes-pyrenees-et-ariege-voici-le-profil_60253299.html\">Loudenville \u2013 Plateau de Beille<\/a>\u00a0(198 km) ;<\/li>\n\n\n\n<li class=\"\">Lundi 15 juillet 2024 : Repos.<\/li>\n\n\n\n<li class=\"\">16\u1d49 \u00e9tape (16 juillet) :<a href=\"https:\/\/actu.fr\/occitanie\/gruissan_11170\/tour-de-france-2024-une-ultime-etape-en-occitanie-entre-terre-et-mer_60257221.html\">\u00a0Gruissan \u2013 N\u00eemes (<\/a>187 km) ;<\/li>\n\n\n\n<li class=\"\">17\u1d49 \u00e9tape (17 juillet) :\u00a0<a href=\"https:\/\/actu.fr\/auvergne-rhone-alpes\/saint-paul-trois-chateaux_26324\/tour-de-france-2024-voici-le-parcours-de-la-17e-etape-au-depart-de-saint-paul-trois-chateaux_60258091.html\">Saint-Paul-Trois-Ch\u00e2teaux \u2013 Superd\u00e9voluy<\/a>\u00a0(178 km) ;<\/li>\n\n\n\n<li class=\"\">18\u1d49 \u00e9tape (18 juillet) : Gap \u2013 Bercelonnette (179 km) ;<\/li>\n\n\n\n<li class=\"\">19\u1d49 \u00e9tape (19 juillet) : Embrun \u2013 Isola 200 (145 km) ;<\/li>\n\n\n\n<li class=\"\">20\u1d49 \u00e9tape (20 juillet) : Nice \u2013 Col de la Couillole (132 km)<\/li>\n\n\n\n<li class=\"\">21\u1d49 \u00e9tape (21 juillet) : Monaco \u2013 Nice (35,2 km) (contre-la-montre).<\/li>\n\n\n\n<li class=\"\">Quelques \u00e9tapes \u00e0 ne pas rater<\/li>\n\n\n\n<li class=\"\">Si pleins de belles \u00e9tapes sont au programme,\u00a0<strong>la premi\u00e8re sera d\u00e9j\u00e0 tr\u00e8s difficile<\/strong>\u00a0et il faudra \u00eatre bien en jambe.\u00a0<\/li>\n\n\n\n<li class=\"\">3 6000 m\u00e8tres de d\u00e9nivel\u00e9 positif sont au programme entre Florence et Rimini. Sept c\u00f4tes sont r\u00e9pertori\u00e9es dans les reliefs de Toscane et d\u2019\u00c9milie-Romagne. Il faudra \u00eatre tr\u00e8s costaud pour s\u2019emparer du premier maillot jaune de l\u2019\u00e9dition.<\/li>\n\n\n\n<li class=\"\">\u00ab\u00a0Jamais le Tour n\u2019est mont\u00e9 aussi haut, aussi vite\u00a0\u00bb, rappelait Christian Prudhomme lors de la pr\u00e9sentation de cette quatri\u00e8me \u00e9tape. D\u00e9j\u00e0, de la haute-montagne. Entre Pinerolo et Valloire, les favoris seront d\u00e9j\u00e0 \u00e0 l\u2019attaque avec l\u2019ascension du terrible, mais non moins mythique, col du Galibier (23 km \u00e0 5,1 %). Une arriv\u00e9e au sommet. Prometteur.<\/li>\n<\/ul>\n","protected":false},"excerpt":{"rendered":"<p>C\u2019est toujours un moment important : le grand d\u00e9part. Cette ann\u00e9e tout particuli\u00e8rement au regard de la premi\u00e8re \u00e9tape&nbsp;tr\u00e8s difficile&nbsp;attendue par le peloton.&nbsp; Les guiboles sont pr\u00eates \u00e0 gravir des montagnes, les v\u00e9los affut\u00e9s et le top d\u00e9part de la 111\u1d49 \u00e9dition de la Grande boucle sera donn\u00e9 ce samedi 29 juin 2024.\u00a0 D\u00e9part italien, [&hellip;]<\/p>\n","protected":false},"author":2,"featured_media":28734,"comment_status":"open","ping_status":"open","sticky":false,"template":"","format":"standard","meta":{"_jetpack_memberships_contains_paid_content":false,"footnotes":"","jetpack_publicize_message":"","jetpack_publicize_feature_enabled":true,"jetpack_social_post_already_shared":true,"jetpack_social_options":{"image_generator_settings":{"template":"highway","default_image_id":0,"font":"","enabled":false},"version":2},"_wpas_customize_per_network":false},"categories":[405],"tags":[],"class_list":["post-28733","post","type-post","status-publish","format-standard","has-post-thumbnail","hentry","category-actu-france-monde"],"jetpack_publicize_connections":[],"jetpack_featured_media_url":"https:\/\/i0.wp.com\/www.iceagetv.com\/radiosite\/wp-content\/uploads\/2024\/06\/tour-de-france-24.png?fit=725%2C477&ssl=1","jetpack_sharing_enabled":true,"_links":{"self":[{"href":"https:\/\/www.iceagetv.com\/radiosite\/wp-json\/wp\/v2\/posts\/28733","targetHints":{"allow":["GET"]}}],"collection":[{"href":"https:\/\/www.iceagetv.com\/radiosite\/wp-json\/wp\/v2\/posts"}],"about":[{"href":"https:\/\/www.iceagetv.com\/radiosite\/wp-json\/wp\/v2\/types\/post"}],"author":[{"embeddable":true,"href":"https:\/\/www.iceagetv.com\/radiosite\/wp-json\/wp\/v2\/users\/2"}],"replies":[{"embeddable":true,"href":"https:\/\/www.iceagetv.com\/radiosite\/wp-json\/wp\/v2\/comments?post=28733"}],"version-history":[{"count":1,"href":"https:\/\/www.iceagetv.com\/radiosite\/wp-json\/wp\/v2\/posts\/28733\/revisions"}],"predecessor-version":[{"id":28735,"href":"https:\/\/www.iceagetv.com\/radiosite\/wp-json\/wp\/v2\/posts\/28733\/revisions\/28735"}],"wp:featuredmedia":[{"embeddable":true,"href":"https:\/\/www.iceagetv.com\/radiosite\/wp-json\/wp\/v2\/media\/28734"}],"wp:attachment":[{"href":"https:\/\/www.iceagetv.com\/radiosite\/wp-json\/wp\/v2\/media?parent=28733"}],"wp:term":[{"taxonomy":"category","embeddable":true,"href":"https:\/\/www.iceagetv.com\/radiosite\/wp-json\/wp\/v2\/categories?post=28733"},{"taxonomy":"post_tag","embeddable":true,"href":"https:\/\/www.iceagetv.com\/radiosite\/wp-json\/wp\/v2\/tags?post=28733"}],"curies":[{"name":"wp","href":"https:\/\/api.w.org\/{rel}","templated":true}]}}