{"id":28754,"date":"2024-07-01T11:31:43","date_gmt":"2024-07-01T11:31:43","guid":{"rendered":"https:\/\/www.iceagetv.com\/radiosite\/?p=28754"},"modified":"2024-07-01T11:31:43","modified_gmt":"2024-07-01T11:31:43","slug":"legislatives-jean-luc-melenchon-decline-la-proposition-de-debat-lancee-par-le-president-du-rn-jordan-bardella-il-doit-sadresser-aux-insoumis-premier-mouvement-en-nombre-delus-au-premier-tour","status":"publish","type":"post","link":"https:\/\/www.iceagetv.com\/radiosite\/legislatives-jean-luc-melenchon-decline-la-proposition-de-debat-lancee-par-le-president-du-rn-jordan-bardella-il-doit-sadresser-aux-insoumis-premier-mouvement-en-nombre-delus-au-premier-tour\/","title":{"rendered":"L\u00e9gislatives &#8211; Jean-Luc M\u00e9lenchon d\u00e9cline la proposition de d\u00e9bat lanc\u00e9e par le pr\u00e9sident du RN Jordan Bardella: \u00ab\u00a0Il doit s&rsquo;adresser aux insoumis, premier mouvement en nombre d&rsquo;\u00e9lus au premier tour du Nouveau Front Populaire\u00a0\u00bb"},"content":{"rendered":"\n<p class=\"\"><strong>Le point sur ce que l&rsquo;on sait<\/strong><\/p>\n\n\n\n<p class=\"\">Le leader de La France insoumise Jean-Luc M\u00e9lenchon s\u2019est dit lundi d\u2019accord avec le pr\u00e9sident du RN Jordan Bardella sur la n\u00e9cessit\u00e9 d\u2019un d\u00e9bat entre les deux formations politiques, mais a \u00e9cart\u00e9 sa propre participation, renvoyant vers les dirigeants de LFI.<\/p>\n\n\n\n<p class=\"\">\u00ab&nbsp;Apr\u00e8s ce premier tour, deux choix s\u2019offrent aux Fran\u00e7ais. Soit l\u2019alliance du pire et l\u2019extr\u00eame gauche au pouvoir. Soit l\u2019Union nationale, la R\u00e9publique et ses valeurs. Je suis donc pr\u00eat \u00e0 d\u00e9battre avec Jean-Luc M\u00e9lenchon. Les Fran\u00e7ais veulent de la clart\u00e9&nbsp;\u00bb, avait \u00e9crit un peu t\u00f4t dans la matin\u00e9e sur X, Jordan Bardella.<\/p>\n\n\n\n<p class=\"\">Avant le premier tour, l\u2019eurod\u00e9put\u00e9 RN avait d\u00e9j\u00e0 demand\u00e9 un d\u00e9bat avec Jean-Luc M\u00e9lenchon et le Premier ministre Gabriel Attal, mais avait \u00e9t\u00e9 oppos\u00e9 au coordinateur du mouvement, Manuel Bompard. \u00ab&nbsp;Monsieur Bardella a raison, il y a besoin d\u2019un d\u00e9bat entre les deux projets pour les Fran\u00e7ais. Le candidat du Nouveau Front Populaire pour la primature n\u2019a pas \u00e9t\u00e9 d\u00e9sign\u00e9. Il doit donc s\u2019adresser aux insoumis, premier mouvement en nombre d\u2019\u00e9lus au premier tour du Nouveau Front Populaire&nbsp;\u00bb, a r\u00e9pondu Jean-Luc M\u00e9lenchon lundi matin.<\/p>\n\n\n\n<p class=\"\">Le fondateur de LFI a donc renvoy\u00e9 le pr\u00e9sident du RN une nouvelle fois vers Manuel Bompard, tout en citant d\u2019autres dirigeants insoumis, comme Mathilde Panot ou Cl\u00e9mence Guett\u00e9. La cheffe des Ecologistes, Marine Tondelier, a imm\u00e9diatement fait savoir de son c\u00f4t\u00e9 qu\u2019elle \u00e9tait pr\u00eate elle aussi \u00e0 affronter Jordan Bardella, au nom du Nouveau Front populaire.<\/p>\n\n\n\n<p class=\"\">\u00ab&nbsp;Nous nous sommes r\u00e9parti les d\u00e9bats au sein du Nouveau Front populaire. Apr\u00e8s Manuel Bompard et Olivier Faure, c\u2019est \u00e0 mon tour de repr\u00e9senter notre coalition au 3e d\u00e9bat. Dois-je comprendre que vous n\u2019osez pas d\u00e9battre avec moi?&nbsp;\u00bb, a-t-elle \u00e9crit sur X.<\/p>\n\n\n\n<p class=\"\">Deux jours apr\u00e8s Manuel Bompard, Olivier Faure, le patron du PS, avait en effet \u00e9galement d\u00e9battu avec Jordan Bardella et Gabriel Attal.<\/p>\n","protected":false},"excerpt":{"rendered":"<p>Le point sur ce que l&rsquo;on sait Le leader de La France insoumise Jean-Luc M\u00e9lenchon s\u2019est dit lundi d\u2019accord avec le pr\u00e9sident du RN Jordan Bardella sur la n\u00e9cessit\u00e9 d\u2019un d\u00e9bat entre les deux formations politiques, mais a \u00e9cart\u00e9 sa propre participation, renvoyant vers les dirigeants de LFI. \u00ab&nbsp;Apr\u00e8s ce premier tour, deux choix s\u2019offrent [&hellip;]<\/p>\n","protected":false},"author":2,"featured_media":28756,"comment_status":"open","ping_status":"open","sticky":false,"template":"","format":"standard","meta":{"_jetpack_memberships_contains_paid_content":false,"footnotes":"","jetpack_publicize_message":"","jetpack_publicize_feature_enabled":true,"jetpack_social_post_already_shared":true,"jetpack_social_options":{"image_generator_settings":{"template":"highway","default_image_id":0,"font":"","enabled":false},"version":2},"_wpas_customize_per_network":false},"categories":[405],"tags":[],"class_list":["post-28754","post","type-post","status-publish","format-standard","has-post-thumbnail","hentry","category-actu-france-monde"],"jetpack_publicize_connections":[],"jetpack_featured_media_url":"https:\/\/i0.wp.com\/www.iceagetv.com\/radiosite\/wp-content\/uploads\/2024\/07\/Jean-Luc-Melenchon-decline-la-proposition-de-debat-lancee-par-le-president-du-RN-Jordan-Bardella.jpg?fit=679%2C293&ssl=1","jetpack_sharing_enabled":true,"_links":{"self":[{"href":"https:\/\/www.iceagetv.com\/radiosite\/wp-json\/wp\/v2\/posts\/28754","targetHints":{"allow":["GET"]}}],"collection":[{"href":"https:\/\/www.iceagetv.com\/radiosite\/wp-json\/wp\/v2\/posts"}],"about":[{"href":"https:\/\/www.iceagetv.com\/radiosite\/wp-json\/wp\/v2\/types\/post"}],"author":[{"embeddable":true,"href":"https:\/\/www.iceagetv.com\/radiosite\/wp-json\/wp\/v2\/users\/2"}],"replies":[{"embeddable":true,"href":"https:\/\/www.iceagetv.com\/radiosite\/wp-json\/wp\/v2\/comments?post=28754"}],"version-history":[{"count":1,"href":"https:\/\/www.iceagetv.com\/radiosite\/wp-json\/wp\/v2\/posts\/28754\/revisions"}],"predecessor-version":[{"id":28757,"href":"https:\/\/www.iceagetv.com\/radiosite\/wp-json\/wp\/v2\/posts\/28754\/revisions\/28757"}],"wp:featuredmedia":[{"embeddable":true,"href":"https:\/\/www.iceagetv.com\/radiosite\/wp-json\/wp\/v2\/media\/28756"}],"wp:attachment":[{"href":"https:\/\/www.iceagetv.com\/radiosite\/wp-json\/wp\/v2\/media?parent=28754"}],"wp:term":[{"taxonomy":"category","embeddable":true,"href":"https:\/\/www.iceagetv.com\/radiosite\/wp-json\/wp\/v2\/categories?post=28754"},{"taxonomy":"post_tag","embeddable":true,"href":"https:\/\/www.iceagetv.com\/radiosite\/wp-json\/wp\/v2\/tags?post=28754"}],"curies":[{"name":"wp","href":"https:\/\/api.w.org\/{rel}","templated":true}]}}