{"id":28758,"date":"2024-07-01T15:32:49","date_gmt":"2024-07-01T15:32:49","guid":{"rendered":"https:\/\/www.iceagetv.com\/radiosite\/?p=28758"},"modified":"2024-07-01T15:32:49","modified_gmt":"2024-07-01T15:32:49","slug":"etats-unis-la-cour-supreme-americaine-a-majorite-conservatrice-doit-statuer-sur-limmunite-penale-absolue-invoquee-par-donald-trump-en-tant-quex-president","status":"publish","type":"post","link":"https:\/\/www.iceagetv.com\/radiosite\/etats-unis-la-cour-supreme-americaine-a-majorite-conservatrice-doit-statuer-sur-limmunite-penale-absolue-invoquee-par-donald-trump-en-tant-quex-president\/","title":{"rendered":"Etats-Unis: La Cour supr\u00eame am\u00e9ricaine \u00e0 majorit\u00e9 conservatrice doit statuer sur l\u2019immunit\u00e9 p\u00e9nale absolue invoqu\u00e9e par Donald Trump en tant qu\u2019ex-pr\u00e9sident"},"content":{"rendered":"\n<p class=\"\">La Cour supr\u00eame am\u00e9ricaine \u00e0 majorit\u00e9 conservatrice doit statuer lundi sur l\u2019immunit\u00e9 p\u00e9nale absolue invoqu\u00e9e par Donald Trump en tant qu\u2019ex-pr\u00e9sident, mais sa d\u00e9cision, la plus attendue de cette session, pourrait encore retarder son proc\u00e8s f\u00e9d\u00e9ral \u00e0 Washington.<\/p>\n\n\n\n<p class=\"\">En d\u00e9cidant le 28 f\u00e9vrier de se saisir de cette question, puis en fixant les d\u00e9bats pr\u00e8s de trois mois plus tard, la plus haute juridiction des Etats-Unis a d\u00e9j\u00e0 consid\u00e9rablement diff\u00e9r\u00e9 le proc\u00e8s f\u00e9d\u00e9ral de l\u2019ex-pr\u00e9sident r\u00e9publicain pour tentative d\u2019inverser ill\u00e9galement les r\u00e9sultats de l\u2019\u00e9lection de 2020 remport\u00e9e par son successeur d\u00e9mocrate Joe Biden.<\/p>\n\n\n\n<p class=\"\">L\u2019ensemble de la proc\u00e9dure en vue de ce proc\u00e8s, initialement pr\u00e9vu \u00e0 partir du 4 mars, et report\u00e9 sine die, est donc suspendue depuis quatre mois. Les maigres chances qu\u2019il puisse malgr\u00e9 tout d\u00e9buter avant l\u2019\u00e9lection du 5 novembre opposant Donald Trump \u00e0 Joe Biden d\u00e9pendent enti\u00e8rement de la port\u00e9e et de la formulation de la d\u00e9cision des neuf juges.<\/p>\n\n\n\n<p class=\"\">Ils pourraient notamment renvoyer l\u2019affaire aux juridictions inf\u00e9rieures pour d\u00e9terminer quels actes sont susceptibles d\u2019\u00e9chapper aux poursuites, ce qui entra\u00eenerait in\u00e9vitablement de nouveaux d\u00e9lais, alors que l\u2019organisation du proc\u00e8s, une fois la suspension lev\u00e9e, devrait prendre plus de deux mois.<\/p>\n\n\n\n<p class=\"\">Lors des d\u00e9bats, si les juges se sont montr\u00e9s g\u00e9n\u00e9ralement sceptiques face \u00e0 l\u2019immunit\u00e9 absolue revendiqu\u00e9e par le candidat r\u00e9publicain, plusieurs, en particulier parmi les conservateurs, ont insist\u00e9 sur les r\u00e9percussions \u00e0 long terme de leur d\u00e9cision.<\/p>\n\n\n\n<p class=\"\">\u00ab&nbsp;Nous r\u00e9digeons une r\u00e8gle pour la post\u00e9rit\u00e9&nbsp;\u00bb, a ainsi observ\u00e9 Neil Gorsuch, en r\u00e9f\u00e9rence au caract\u00e8re in\u00e9dit de la question. \u00ab&nbsp;Cette affaire a d\u2019\u00e9normes implications pour l\u2019avenir de la pr\u00e9sidence et du pays&nbsp;\u00bb, a rench\u00e9ri son coll\u00e8gue Brett Kavanaugh.<\/p>\n","protected":false},"excerpt":{"rendered":"<p>La Cour supr\u00eame am\u00e9ricaine \u00e0 majorit\u00e9 conservatrice doit statuer lundi sur l\u2019immunit\u00e9 p\u00e9nale absolue invoqu\u00e9e par Donald Trump en tant qu\u2019ex-pr\u00e9sident, mais sa d\u00e9cision, la plus attendue de cette session, pourrait encore retarder son proc\u00e8s f\u00e9d\u00e9ral \u00e0 Washington. En d\u00e9cidant le 28 f\u00e9vrier de se saisir de cette question, puis en fixant les d\u00e9bats pr\u00e8s [&hellip;]<\/p>\n","protected":false},"author":2,"featured_media":28759,"comment_status":"open","ping_status":"open","sticky":false,"template":"","format":"standard","meta":{"_jetpack_memberships_contains_paid_content":false,"footnotes":"","jetpack_publicize_message":"","jetpack_publicize_feature_enabled":true,"jetpack_social_post_already_shared":true,"jetpack_social_options":{"image_generator_settings":{"template":"highway","default_image_id":0,"font":"","enabled":false},"version":2},"_wpas_customize_per_network":false},"categories":[405],"tags":[],"class_list":["post-28758","post","type-post","status-publish","format-standard","has-post-thumbnail","hentry","category-actu-france-monde"],"jetpack_publicize_connections":[],"jetpack_featured_media_url":"https:\/\/i0.wp.com\/www.iceagetv.com\/radiosite\/wp-content\/uploads\/2024\/07\/Oq9FXa1K.jpg?fit=679%2C293&ssl=1","jetpack_sharing_enabled":true,"_links":{"self":[{"href":"https:\/\/www.iceagetv.com\/radiosite\/wp-json\/wp\/v2\/posts\/28758","targetHints":{"allow":["GET"]}}],"collection":[{"href":"https:\/\/www.iceagetv.com\/radiosite\/wp-json\/wp\/v2\/posts"}],"about":[{"href":"https:\/\/www.iceagetv.com\/radiosite\/wp-json\/wp\/v2\/types\/post"}],"author":[{"embeddable":true,"href":"https:\/\/www.iceagetv.com\/radiosite\/wp-json\/wp\/v2\/users\/2"}],"replies":[{"embeddable":true,"href":"https:\/\/www.iceagetv.com\/radiosite\/wp-json\/wp\/v2\/comments?post=28758"}],"version-history":[{"count":1,"href":"https:\/\/www.iceagetv.com\/radiosite\/wp-json\/wp\/v2\/posts\/28758\/revisions"}],"predecessor-version":[{"id":28760,"href":"https:\/\/www.iceagetv.com\/radiosite\/wp-json\/wp\/v2\/posts\/28758\/revisions\/28760"}],"wp:featuredmedia":[{"embeddable":true,"href":"https:\/\/www.iceagetv.com\/radiosite\/wp-json\/wp\/v2\/media\/28759"}],"wp:attachment":[{"href":"https:\/\/www.iceagetv.com\/radiosite\/wp-json\/wp\/v2\/media?parent=28758"}],"wp:term":[{"taxonomy":"category","embeddable":true,"href":"https:\/\/www.iceagetv.com\/radiosite\/wp-json\/wp\/v2\/categories?post=28758"},{"taxonomy":"post_tag","embeddable":true,"href":"https:\/\/www.iceagetv.com\/radiosite\/wp-json\/wp\/v2\/tags?post=28758"}],"curies":[{"name":"wp","href":"https:\/\/api.w.org\/{rel}","templated":true}]}}