{"id":28767,"date":"2024-07-02T14:33:44","date_gmt":"2024-07-02T14:33:44","guid":{"rendered":"https:\/\/www.iceagetv.com\/radiosite\/?p=28767"},"modified":"2024-07-02T14:33:44","modified_gmt":"2024-07-02T14:33:44","slug":"meteo-france-place-en-alerte-orange-aux-feux-de-forets-le-departement-des-bouches-du-rhone-pour-les-journees-daujourdhui-et-demain-en-raison-de-temperatures-elevees-auxquelles-s","status":"publish","type":"post","link":"https:\/\/www.iceagetv.com\/radiosite\/meteo-france-place-en-alerte-orange-aux-feux-de-forets-le-departement-des-bouches-du-rhone-pour-les-journees-daujourdhui-et-demain-en-raison-de-temperatures-elevees-auxquelles-s\/","title":{"rendered":"M\u00e9t\u00e9o France place en alerte orange aux feux de for\u00eats le d\u00e9partement des Bouches-du-Rh\u00f4ne pour les journ\u00e9es d\u2019aujourd\u2019hui et demain en raison de temp\u00e9ratures \u00e9lev\u00e9es auxquelles s\u2019ajoute un ph\u00e9nom\u00e8ne de s\u00e9cheresse"},"content":{"rendered":"\n<p class=\"\">M\u00e9t\u00e9o France a plac\u00e9 en alerte orange aux feux de for\u00eats le d\u00e9partement des Bouches-du-Rh\u00f4ne, dans le sud-est de la France, pour les journ\u00e9es de mardi et mercredi, en raison de temp\u00e9ratures \u00e9lev\u00e9es auxquelles s\u2019ajoute un ph\u00e9nom\u00e8ne de s\u00e9cheresse.<\/p>\n\n\n\n<p class=\"\">Pour la journ\u00e9e de mercredi, le d\u00e9partement m\u00e9diterran\u00e9en de l\u2019Aude sera \u00e9galement concern\u00e9 par le niveau d\u2019alerte \u00ab&nbsp;\u00e9lev\u00e9&nbsp;\u00bb dans la \u00ab&nbsp;m\u00e9t\u00e9o des for\u00eats&nbsp;\u00bb cr\u00e9\u00e9e en 2023.<\/p>\n\n\n\n<p class=\"\">Ce niveau de danger \u00ab&nbsp;\u00e9lev\u00e9&nbsp;\u00bb est le troisi\u00e8me, sur une \u00e9chelle qui en compte quatre et dont le niveau le plus alarmant est l\u2019alerte rouge, qui signifie que le risque de d\u00e9part de feux est \u00ab&nbsp;tr\u00e8s \u00e9lev\u00e9&nbsp;\u00bb.<\/p>\n\n\n\n<p class=\"\">\u00ab&nbsp;Neuf feux sur dix sont d\u2019origine humaine&nbsp;\u00bb donc la m\u00e9t\u00e9o des for\u00eats vient indiquer que \u00ab&nbsp;les conditions de s\u00e9cheresse et les conditions m\u00e9t\u00e9o qui sont sur le d\u00e9partement entra\u00eenent un niveau de danger \u00e9lev\u00e9 s\u2019il y avait un d\u00e9part de feu&nbsp;\u00bb, a pr\u00e9cis\u00e9 M\u00e9t\u00e9o France \u00e0 l\u2019AFP.<\/p>\n\n\n\n<p class=\"\">Pour mardi et mercredi, plusieurs param\u00e8tres m\u00e9t\u00e9o expliquent le d\u00e9clenchement de l\u2019alerte orange dans les Bouches-du-Rh\u00f4ne: \u00ab&nbsp;le vent, la temp\u00e9rature, l\u2019humidit\u00e9, les derni\u00e8res pr\u00e9cipitations et le niveau de s\u00e9cheresse&nbsp;\u00bb, a d\u00e9taill\u00e9 M\u00e9t\u00e9o France.<\/p>\n\n\n\n<p class=\"\">Il revient ensuite aux pr\u00e9fectures de d\u00e9cider ou non de restrictions sur les acc\u00e8s aux massifs forestiers.<\/p>\n","protected":false},"excerpt":{"rendered":"<p>M\u00e9t\u00e9o France a plac\u00e9 en alerte orange aux feux de for\u00eats le d\u00e9partement des Bouches-du-Rh\u00f4ne, dans le sud-est de la France, pour les journ\u00e9es de mardi et mercredi, en raison de temp\u00e9ratures \u00e9lev\u00e9es auxquelles s\u2019ajoute un ph\u00e9nom\u00e8ne de s\u00e9cheresse. Pour la journ\u00e9e de mercredi, le d\u00e9partement m\u00e9diterran\u00e9en de l\u2019Aude sera \u00e9galement concern\u00e9 par le niveau [&hellip;]<\/p>\n","protected":false},"author":2,"featured_media":28768,"comment_status":"open","ping_status":"open","sticky":false,"template":"","format":"standard","meta":{"_jetpack_memberships_contains_paid_content":false,"footnotes":"","jetpack_publicize_message":"","jetpack_publicize_feature_enabled":true,"jetpack_social_post_already_shared":true,"jetpack_social_options":{"image_generator_settings":{"template":"highway","default_image_id":0,"font":"","enabled":false},"version":2},"_wpas_customize_per_network":false},"categories":[14],"tags":[],"class_list":["post-28767","post","type-post","status-publish","format-standard","has-post-thumbnail","hentry","category-actu-meteo"],"jetpack_publicize_connections":[],"jetpack_featured_media_url":"https:\/\/i0.wp.com\/www.iceagetv.com\/radiosite\/wp-content\/uploads\/2024\/07\/Meteo-France-place-en-alerte-orange-aux-feux-de-forets-le-departement-des-Bouches-du-Rhone.jpg?fit=679%2C293&ssl=1","jetpack_sharing_enabled":true,"_links":{"self":[{"href":"https:\/\/www.iceagetv.com\/radiosite\/wp-json\/wp\/v2\/posts\/28767","targetHints":{"allow":["GET"]}}],"collection":[{"href":"https:\/\/www.iceagetv.com\/radiosite\/wp-json\/wp\/v2\/posts"}],"about":[{"href":"https:\/\/www.iceagetv.com\/radiosite\/wp-json\/wp\/v2\/types\/post"}],"author":[{"embeddable":true,"href":"https:\/\/www.iceagetv.com\/radiosite\/wp-json\/wp\/v2\/users\/2"}],"replies":[{"embeddable":true,"href":"https:\/\/www.iceagetv.com\/radiosite\/wp-json\/wp\/v2\/comments?post=28767"}],"version-history":[{"count":1,"href":"https:\/\/www.iceagetv.com\/radiosite\/wp-json\/wp\/v2\/posts\/28767\/revisions"}],"predecessor-version":[{"id":28769,"href":"https:\/\/www.iceagetv.com\/radiosite\/wp-json\/wp\/v2\/posts\/28767\/revisions\/28769"}],"wp:featuredmedia":[{"embeddable":true,"href":"https:\/\/www.iceagetv.com\/radiosite\/wp-json\/wp\/v2\/media\/28768"}],"wp:attachment":[{"href":"https:\/\/www.iceagetv.com\/radiosite\/wp-json\/wp\/v2\/media?parent=28767"}],"wp:term":[{"taxonomy":"category","embeddable":true,"href":"https:\/\/www.iceagetv.com\/radiosite\/wp-json\/wp\/v2\/categories?post=28767"},{"taxonomy":"post_tag","embeddable":true,"href":"https:\/\/www.iceagetv.com\/radiosite\/wp-json\/wp\/v2\/tags?post=28767"}],"curies":[{"name":"wp","href":"https:\/\/api.w.org\/{rel}","templated":true}]}}