{"id":28770,"date":"2024-07-02T15:38:21","date_gmt":"2024-07-02T15:38:21","guid":{"rendered":"https:\/\/www.iceagetv.com\/radiosite\/?p=28770"},"modified":"2024-07-02T15:38:21","modified_gmt":"2024-07-02T15:38:21","slug":"rumeurs-de-nominations-demain-en-conseil-des-ministres-lelysee-appelle-marine-le-pen-a-garder-son-sang-froid-et-a-la-mesure-face-aux-accusations-de-coup-detat-administratif","status":"publish","type":"post","link":"https:\/\/www.iceagetv.com\/radiosite\/rumeurs-de-nominations-demain-en-conseil-des-ministres-lelysee-appelle-marine-le-pen-a-garder-son-sang-froid-et-a-la-mesure-face-aux-accusations-de-coup-detat-administratif\/","title":{"rendered":"Rumeurs de nominations demain en Conseil des ministres: L&rsquo;Elys\u00e9e appelle Marine le Pen \u00ab\u00a0\u00e0 garder son sang froid\u00a0\u00bb et \u00e0 \u00ab\u00a0la mesure\u00a0\u00bb face aux accusations de \u00ab\u00a0coup d\u2019\u00c9tat administratif\u00a0\u00bb"},"content":{"rendered":"\n<p class=\"\">La cheffe de file des d\u00e9put\u00e9s du Rassemblement national (RN) Marine Le Pen et la \u00ab\u00a0pr\u00e9sidence fran\u00e7aise\u00a0\u00bb ont \u00e9chang\u00e9 mardi des critiques, d\u00e9clench\u00e9es par l&rsquo;accusation de \u00ab\u00a0coup d&rsquo;Etat administratif\u00a0\u00bb \u00e0 l&rsquo;encontre du chef de l&rsquo;Etat.<\/p>\n\n\n\n<p class=\"\">Mme Le Pen a mis en garde mardi matin contre un \u00e9ventuel \u00ab\u00a0coup d&rsquo;Etat administratif\u00a0\u00bb du camp du pr\u00e9sident Emmanuel Macron qui envisagerait, selon elle, une vague de nominations, notamment \u00e0 la t\u00eate de la police et de la gendarmerie, avant une \u00e9ventuelle cohabitation avec un gouvernement RN, si ce dernier gagne les \u00e9lections l\u00e9gislatives.&nbsp;<\/p>\n\n\n\n<p class=\"\">Une salve de nominations est pr\u00e9vue mercredi en conseil des ministres, qui pourrait comprendre notamment des pr\u00e9fets et quelques ambassadeurs, selon plusieurs sources concordantes. Mais son ampleur reste \u00e0 d\u00e9terminer.<\/p>\n\n\n\n<p class=\"\">Mardi dans l&rsquo;apr\u00e8s-midi, la pr\u00e9sidence de la R\u00e9publique, institution fr\u00e9quemment d\u00e9sign\u00e9e en France comme \u00ab\u00a0l&rsquo;Elys\u00e9e\u00a0\u00bb (du nom du palais pr\u00e9sidentiel), a appel\u00e9 Mme Le Pen \u00e0 faire preuve de \u00ab\u00a0sang froid\u00a0\u00bb et de \u00ab\u00a0mesure\u00a0\u00bb.<\/p>\n\n\n\n<p class=\"\">\u00ab\u00a0Il y a depuis 66 ans chaque semaine des nominations et des mouvements, notamment l\u2019\u00e9t\u00e9, ind\u00e9pendamment des moments politiques travers\u00e9s par nos institutions, et il n&rsquo;est aucunement pr\u00e9vu qu\u2019une de ces dispositions puisse changer dans les prochains mois\u00a0\u00bb, a d\u00e9clar\u00e9 la pr\u00e9sidence de la R\u00e9publique dans une mise au point.<\/p>\n\n\n\n<p class=\"\">La p\u00e9riode de 66 ans fait r\u00e9f\u00e9rence \u00e0 la naissance de la Ve R\u00e9publique, en 1958, qui a donn\u00e9 de forts pouvoirs au pr\u00e9sident, y compris en p\u00e9riode dite de \u00ab\u00a0cohabitation\u00a0\u00bb, c&rsquo;est-\u00e0-dire avec un Premier ministre et un gouvernement de bord politique diff\u00e9rent.<\/p>\n\n\n\n<p class=\"\">Selon l&rsquo;article 13 de la Constitution, le pr\u00e9sident \u00ab\u00a0nomme aux emplois civils et militaires de l&rsquo;\u00c9tat\u00a0\u00bb. Pour toute une s\u00e9rie de postes de grands commis de l&rsquo;Etat, il s&rsquo;agit de nominations qui font l&rsquo;objet d&rsquo;un d\u00e9cret pr\u00e9sidentiel pris en Conseil des ministres, mais avec un contreseing du chef du gouvernement ou des ministres.<\/p>\n\n\n\n<p class=\"\">En cas de majorit\u00e9 absolue dimanche soir \u00e0 l&rsquo;issue du second tour des \u00e9lections l\u00e9gislatives anticip\u00e9es, le RN a fait savoir qu&rsquo;il gouvernerait la France, avec le pr\u00e9sident du parti Jordan Bardella comme Premier ministre, ce qui ouvrirait de fait une cohabitation avec M. Macron.<\/p>\n\n\n\n<p class=\"\">La Ve R\u00e9publique a d\u00e9j\u00e0 connu trois p\u00e9riodes de ce type, deux sous les pr\u00e9sidences de Fran\u00e7ois Mitterrand (1986-1988 puis 1993-1995) et une sous la premi\u00e8re pr\u00e9sidence de Jacques Chirac (1997-2002).<\/p>\n","protected":false},"excerpt":{"rendered":"<p>La cheffe de file des d\u00e9put\u00e9s du Rassemblement national (RN) Marine Le Pen et la \u00ab\u00a0pr\u00e9sidence fran\u00e7aise\u00a0\u00bb ont \u00e9chang\u00e9 mardi des critiques, d\u00e9clench\u00e9es par l&rsquo;accusation de \u00ab\u00a0coup d&rsquo;Etat administratif\u00a0\u00bb \u00e0 l&rsquo;encontre du chef de l&rsquo;Etat. Mme Le Pen a mis en garde mardi matin contre un \u00e9ventuel \u00ab\u00a0coup d&rsquo;Etat administratif\u00a0\u00bb du camp du pr\u00e9sident Emmanuel [&hellip;]<\/p>\n","protected":false},"author":2,"featured_media":28771,"comment_status":"open","ping_status":"open","sticky":false,"template":"","format":"standard","meta":{"_jetpack_memberships_contains_paid_content":false,"footnotes":"","jetpack_publicize_message":"","jetpack_publicize_feature_enabled":true,"jetpack_social_post_already_shared":true,"jetpack_social_options":{"image_generator_settings":{"template":"highway","default_image_id":0,"font":"","enabled":false},"version":2},"_wpas_customize_per_network":false},"categories":[405],"tags":[],"class_list":["post-28770","post","type-post","status-publish","format-standard","has-post-thumbnail","hentry","category-actu-france-monde"],"jetpack_publicize_connections":[],"jetpack_featured_media_url":"https:\/\/i0.wp.com\/www.iceagetv.com\/radiosite\/wp-content\/uploads\/2024\/07\/Rumeurs-de-nominations-demain-en-Conseil-des-ministres.jpg?fit=679%2C293&ssl=1","jetpack_sharing_enabled":true,"_links":{"self":[{"href":"https:\/\/www.iceagetv.com\/radiosite\/wp-json\/wp\/v2\/posts\/28770","targetHints":{"allow":["GET"]}}],"collection":[{"href":"https:\/\/www.iceagetv.com\/radiosite\/wp-json\/wp\/v2\/posts"}],"about":[{"href":"https:\/\/www.iceagetv.com\/radiosite\/wp-json\/wp\/v2\/types\/post"}],"author":[{"embeddable":true,"href":"https:\/\/www.iceagetv.com\/radiosite\/wp-json\/wp\/v2\/users\/2"}],"replies":[{"embeddable":true,"href":"https:\/\/www.iceagetv.com\/radiosite\/wp-json\/wp\/v2\/comments?post=28770"}],"version-history":[{"count":1,"href":"https:\/\/www.iceagetv.com\/radiosite\/wp-json\/wp\/v2\/posts\/28770\/revisions"}],"predecessor-version":[{"id":28772,"href":"https:\/\/www.iceagetv.com\/radiosite\/wp-json\/wp\/v2\/posts\/28770\/revisions\/28772"}],"wp:featuredmedia":[{"embeddable":true,"href":"https:\/\/www.iceagetv.com\/radiosite\/wp-json\/wp\/v2\/media\/28771"}],"wp:attachment":[{"href":"https:\/\/www.iceagetv.com\/radiosite\/wp-json\/wp\/v2\/media?parent=28770"}],"wp:term":[{"taxonomy":"category","embeddable":true,"href":"https:\/\/www.iceagetv.com\/radiosite\/wp-json\/wp\/v2\/categories?post=28770"},{"taxonomy":"post_tag","embeddable":true,"href":"https:\/\/www.iceagetv.com\/radiosite\/wp-json\/wp\/v2\/tags?post=28770"}],"curies":[{"name":"wp","href":"https:\/\/api.w.org\/{rel}","templated":true}]}}