{"id":28782,"date":"2024-07-03T14:49:54","date_gmt":"2024-07-03T14:49:54","guid":{"rendered":"https:\/\/www.iceagetv.com\/radiosite\/?p=28782"},"modified":"2024-07-03T14:49:54","modified_gmt":"2024-07-03T14:49:54","slug":"lancien-ministre-et-avocat-roland-dumas-figure-de-la-politique-francaise-est-decede-a-lage-de-101-ans-annonce-le-figaro","status":"publish","type":"post","link":"https:\/\/www.iceagetv.com\/radiosite\/lancien-ministre-et-avocat-roland-dumas-figure-de-la-politique-francaise-est-decede-a-lage-de-101-ans-annonce-le-figaro\/","title":{"rendered":"\u00a0L&rsquo;ancien ministre et avocat Roland Dumas, figure de la politique fran\u00e7aise, est d\u00e9c\u00e9d\u00e9 \u00e0 l&rsquo;\u00e2ge de 101 ans, annonce Le Figaro"},"content":{"rendered":"\n<p class=\"\">Avocat renomm\u00e9, ami et ministre de Fran\u00e7ois Mitterrand et pr\u00e9sident du Conseil constitutionnel, Roland Dumas aura marqu\u00e9 la politique fran\u00e7aise pendant pr\u00e8s de 60 ans. Il est d\u00e9c\u00e9d\u00e9 \u00e0 l\u2019\u00e2ge de 101 ans, annonce&nbsp;<a href=\"https:\/\/www.lefigaro.fr\/politique\/roland-dumas-figure-de-la-politique-francaise-est-mort-20240703\" target=\"_blank\" rel=\"noreferrer noopener\">le Figaro<\/a>.<\/p>\n\n\n\n<p class=\"\"><strong>Biographie:<\/strong>&nbsp;(Source: Gala.fr)<\/p>\n\n\n\n<p class=\"\">Fils d\u2019un fonctionnaire, Roland Dumas est n\u00e9 le 23 ao\u00fbt 1922 \u00e0 Limoges en Haute-Vienne. Pendant la Seconde Guerre Mondiale, Georges Dumas rejoint la SFIO et l\u2019Arm\u00e9e secr\u00e8te. Arr\u00eat\u00e9 par la gestapo, il est fusill\u00e9 le 26 mars 1944 \u00e0 Brant\u00f4me en Dordogne.&nbsp;Tout comme son p\u00e8re, Roland Dumas s\u2019engage dans la r\u00e9sistance et int\u00e8gre le Mouvement unis de la R\u00e9sistance.&nbsp;A la fin de la guerre, il est distingu\u00e9 de La Croix de guerre 1939\u20131945.<\/p>\n\n\n\n<p class=\"\">El\u00e8ve brillant, il effectue des \u00e9tudes de droit \u00e0 Paris et obtient une licence de droit. Il est \u00e9galement dipl\u00f4m\u00e9 de l\u2019Ecole libre des sciences politiques.&nbsp;En 1949, il fait ses d\u00e9buts dans le journalisme et travaille pour l\u2019agence de presse AGEFI (Agence \u00e9conomique et financi\u00e8re).&nbsp;Puis il rejoint les r\u00e9dactions de&nbsp;L\u2019Information&nbsp;et du&nbsp;Nouveau Journal,&nbsp;avec lesquels il collabore jusqu\u2019au milieu des ann\u00e9es 50.<\/p>\n\n\n\n<p class=\"\">Parall\u00e8lement, \u00e0 partir de 1950, il devient avocat \u00e0 la Cour d\u2019appel de Paris.&nbsp;Il d\u00e9fend notamment Fran\u00e7ois Mitterrand, alors ministre de l\u2019Int\u00e9rieur sous la pr\u00e9sidence de Pierre Mend\u00e8s France, lors de l\u2019attentat de l\u2019Observatoire en 1959. Roland Dumas devient alors proche de l\u2019homme politique. Parmi les personnalit\u00e9s qu\u2019il d\u00e9fend, de Francis Jeanson \u00e0 Jacques Lacan, nombreuses d\u2019entre elles sont des artistes\u202f; Marc Chagall, Luciano Pavarotti ou encore Georges Braque.<\/p>\n\n\n\n<p class=\"\">Tr\u00e8s t\u00f4t, Roland Dumas s\u2019investit en politique. En 1956, il est \u00e9lu d\u00e9put\u00e9 UDSR-RDA (Union d\u00e9mocratique et socialiste de la R\u00e9sistance) de la Haute-Vienne. Il conserve son mandat pendant deux ans, puis il est \u00e0 nouveau \u00e9lu en 1967, cette fois comme d\u00e9put\u00e9 FGDS (F\u00e9d\u00e9ration de la Gauche d\u00e9mocrate et socialiste) de la 2\u00e8me circonscription de la Corr\u00e8ze.&nbsp;Dans les ann\u00e9es 80, il se pr\u00e9sente \u00e0 nouveau et d\u00e9croche un nouveau mandat de d\u00e9put\u00e9 sous l\u2019\u00e9tiquette socialiste dans la 1\u00e8re circonscription de la Dordogne (1981\u20131984), pour le d\u00e9partement de la Dordogne (1986\u20131988), dans la 4\u00e8me circonscription de la Dordogne en 1988.<\/p>\n\n\n\n<p class=\"\">Lorsque Fran\u00e7ois Mitterrand est \u00e9lu \u00e0 la pr\u00e9sidence de la R\u00e9publique en 1981 puis r\u00e9\u00e9lu en 1988, il confie \u00e0 Roland Dumas plusieurs postes minist\u00e9riels;&nbsp;ministre d\u00e9l\u00e9gu\u00e9 aux Affaires europ\u00e9ennes (1983\u20131984), ministre des Relations ext\u00e9rieures (1984\u20131986), puis ministre des Affaires \u00e9trang\u00e8res (1988\u20131993).<\/p>\n\n\n\n<p class=\"\">En mars 1995, il est nomm\u00e9 Pr\u00e9sident du Conseil constitutionnel, succ\u00e9dant ainsi \u00e0 Robert Badinter.&nbsp;Mais le 29 f\u00e9vrier 2000, il se retire de la vie politique et d\u00e9missionne du Conseil constitutionnel apr\u00e8s que son nom ait \u00e9t\u00e9 cit\u00e9 dans plusieurs affaires judiciaires dont l\u2019affaire Elf.<\/p>\n\n\n\n<p class=\"\">Roland Dumas est l\u2019auteur de nombreux ouvrages parmi lesquels;&nbsp;Le Droit de l\u2019information, Plaidoyer pour Roger-Gilbert Lecomte, Le peuple assembl\u00e9, ou encore&nbsp;Le Fil et la pelote.<\/p>\n\n\n\n<p class=\"\">C\u00f4t\u00e9 vie priv\u00e9e, en d\u00e9cembre 1951, il \u00e9pouse \u00e0 Paris Th\u00e9odora Voultepsis, une jeune femme d\u2019origine grecque. Mais l\u2019union tourne court rapidement et leur divorce est prononc\u00e9 en 1954. Plus tard, il fait la connaissance d\u2019Anne-Marie Lillet, h\u00e9riti\u00e8re des ap\u00e9ritifs Lillet, de 22 ans sa cadette. Le couple se marie le 22 avril 1961, en Gironde. Le couple a trois enfants; Delphine (n\u00e9e en 1962), David (n\u00e9 en 1964) et Damien (n\u00e9 en 1968). Dans les ann\u00e9es 80, Roland Dumas a une relation avec Christine Deviers-Joncour.<\/p>\n","protected":false},"excerpt":{"rendered":"<p>Avocat renomm\u00e9, ami et ministre de Fran\u00e7ois Mitterrand et pr\u00e9sident du Conseil constitutionnel, Roland Dumas aura marqu\u00e9 la politique fran\u00e7aise pendant pr\u00e8s de 60 ans. Il est d\u00e9c\u00e9d\u00e9 \u00e0 l\u2019\u00e2ge de 101 ans, annonce&nbsp;le Figaro. Biographie:&nbsp;(Source: Gala.fr) Fils d\u2019un fonctionnaire, Roland Dumas est n\u00e9 le 23 ao\u00fbt 1922 \u00e0 Limoges en Haute-Vienne. Pendant la Seconde [&hellip;]<\/p>\n","protected":false},"author":2,"featured_media":28783,"comment_status":"open","ping_status":"open","sticky":false,"template":"","format":"standard","meta":{"_jetpack_memberships_contains_paid_content":false,"footnotes":"","jetpack_publicize_message":"","jetpack_publicize_feature_enabled":true,"jetpack_social_post_already_shared":true,"jetpack_social_options":{"image_generator_settings":{"template":"highway","default_image_id":0,"font":"","enabled":false},"version":2},"_wpas_customize_per_network":false},"categories":[405],"tags":[],"class_list":["post-28782","post","type-post","status-publish","format-standard","has-post-thumbnail","hentry","category-actu-france-monde"],"jetpack_publicize_connections":[],"jetpack_featured_media_url":"https:\/\/i0.wp.com\/www.iceagetv.com\/radiosite\/wp-content\/uploads\/2024\/07\/Lancien-ministre-et-avocat-Roland-Dumas.jpg?fit=679%2C293&ssl=1","jetpack_sharing_enabled":true,"_links":{"self":[{"href":"https:\/\/www.iceagetv.com\/radiosite\/wp-json\/wp\/v2\/posts\/28782","targetHints":{"allow":["GET"]}}],"collection":[{"href":"https:\/\/www.iceagetv.com\/radiosite\/wp-json\/wp\/v2\/posts"}],"about":[{"href":"https:\/\/www.iceagetv.com\/radiosite\/wp-json\/wp\/v2\/types\/post"}],"author":[{"embeddable":true,"href":"https:\/\/www.iceagetv.com\/radiosite\/wp-json\/wp\/v2\/users\/2"}],"replies":[{"embeddable":true,"href":"https:\/\/www.iceagetv.com\/radiosite\/wp-json\/wp\/v2\/comments?post=28782"}],"version-history":[{"count":1,"href":"https:\/\/www.iceagetv.com\/radiosite\/wp-json\/wp\/v2\/posts\/28782\/revisions"}],"predecessor-version":[{"id":28784,"href":"https:\/\/www.iceagetv.com\/radiosite\/wp-json\/wp\/v2\/posts\/28782\/revisions\/28784"}],"wp:featuredmedia":[{"embeddable":true,"href":"https:\/\/www.iceagetv.com\/radiosite\/wp-json\/wp\/v2\/media\/28783"}],"wp:attachment":[{"href":"https:\/\/www.iceagetv.com\/radiosite\/wp-json\/wp\/v2\/media?parent=28782"}],"wp:term":[{"taxonomy":"category","embeddable":true,"href":"https:\/\/www.iceagetv.com\/radiosite\/wp-json\/wp\/v2\/categories?post=28782"},{"taxonomy":"post_tag","embeddable":true,"href":"https:\/\/www.iceagetv.com\/radiosite\/wp-json\/wp\/v2\/tags?post=28782"}],"curies":[{"name":"wp","href":"https:\/\/api.w.org\/{rel}","templated":true}]}}