{"id":28789,"date":"2024-07-04T06:46:59","date_gmt":"2024-07-04T06:46:59","guid":{"rendered":"https:\/\/www.iceagetv.com\/radiosite\/?p=28789"},"modified":"2024-07-04T06:46:59","modified_gmt":"2024-07-04T06:46:59","slug":"meudon-la-foret-la-porte-parole-du-gouvernement-prisca-thevenot-affirme-avoir-ete-victime-dune-agression-lors-dune-operation-de-collage-hier-soir-la-ministre-na-pas-ete-blessee-quat","status":"publish","type":"post","link":"https:\/\/www.iceagetv.com\/radiosite\/meudon-la-foret-la-porte-parole-du-gouvernement-prisca-thevenot-affirme-avoir-ete-victime-dune-agression-lors-dune-operation-de-collage-hier-soir-la-ministre-na-pas-ete-blessee-quat\/","title":{"rendered":"Meudon-la-for\u00eat : La porte-parole du gouvernement Prisca Thevenot affirme avoir \u00e9t\u00e9 victime d\u2019une agression lors d&rsquo;une op\u00e9ration de collage hier soir &#8211; La Ministre n&rsquo;a pas \u00e9t\u00e9 bless\u00e9e &#8211; Quatre personnes interpell\u00e9es"},"content":{"rendered":"\n<p class=\"\">La porte-parole du gouvernement Prisca Thevenot et son \u00e9quipe affirment avoir \u00e9t\u00e9 victimes d\u2019une agression lors d&rsquo;une op\u00e9ration de collage d&rsquo;affiches \u00e9lectorales hier soir \u00e0 Meudon-la-for\u00eat, \u00e0 quatre jours du deuxi\u00e8me tour des l\u00e9gislatives, a annonc\u00e9 l&rsquo;entourage de la ministre \u00e0 l&rsquo;AFP.<\/p>\n\n\n\n<p class=\"\">\u00abLes forces de l&rsquo;ordre sont intervenues rapidement\u00bb, a-t-on encore indiqu\u00e9 de m\u00eame source.<\/p>\n\n\n\n<p class=\"\">\u00abLa ministre a pu d\u00e9poser plainte\u00bb et \u00abcontinuera sa campagne sur le terrain comme pr\u00e9vu jusqu&rsquo;\u00e0 vendredi soir\u00bb. L&rsquo;entourage de la ministre n&rsquo;a pas souhait\u00e9 fournir davantage de d\u00e9tails sur les circonstances de cette agression.<\/p>\n\n\n\n<p class=\"\">Selon une source proche du dossier, Prisca Thevenot et une de ses collaboratrices ont \u00e9t\u00e9 prises \u00e0 partie par une vingtaine de personnes vers 20 heures. Si la ministre, qui est candidate \u00e0 sa r\u00e9\u00e9lection dans la 8e circonscription des Hauts-de-Seine, n&rsquo;a pas \u00e9t\u00e9 touch\u00e9e, sa collaboratrice a \u00e9t\u00e9 bless\u00e9e \u00e0 un bras.<\/p>\n\n\n\n<p class=\"\">Deux \u00e0 trois personnes ont \u00e9t\u00e9 interpell\u00e9es, a-t-on ajout\u00e9 de m\u00eame source. Dans la soir\u00e9e, le premier ministre a condamn\u00e9 l\u2019attaque. \u00abLa violence et les intimidations n&rsquo;ont pas leur place dans notre d\u00e9mocratie. Elles n&rsquo;ont pas leur place dans notre R\u00e9publique\u00bb, a martel\u00e9 Gabriel Attal, qui a affich\u00e9 sa \u00abpleine solidarit\u00e9 \u00e0 la candidate, \u00e0 ses \u00e9quipes.\u00bb<\/p>\n\n\n\n<p class=\"\">\u00abProfond\u00e9ment choqu\u00e9 par l&rsquo;agression subie par Prisca Thevenot et sa suppl\u00e9ante \u00e0 Meudon. La violence n&rsquo;a pas sa place dans notre d\u00e9mocratie\u00bb, a \u00e9galement r\u00e9agi sur X le ministre des Affaires \u00e9trang\u00e8res St\u00e9phane S\u00e9journ\u00e9, lui-m\u00eame candidat dans ce d\u00e9partement.<\/p>\n\n\n\n<p class=\"\">\u00abSoutien \u00e0 Prisca Thevenot et Virginie Lanlo agress\u00e9es ce soir \u00e0 Meudon-la-For\u00eat, tous mes voeux de prompt r\u00e9tablissement&#8230;.et de succ\u00e8s dimanche\u00bb, a \u00e9crit sur le m\u00eame r\u00e9seau social le patron des s\u00e9nateurs centristes Herv\u00e9 Marseille, \u00e9lu des Hauts-de-Seine.<\/p>\n","protected":false},"excerpt":{"rendered":"<p>La porte-parole du gouvernement Prisca Thevenot et son \u00e9quipe affirment avoir \u00e9t\u00e9 victimes d\u2019une agression lors d&rsquo;une op\u00e9ration de collage d&rsquo;affiches \u00e9lectorales hier soir \u00e0 Meudon-la-for\u00eat, \u00e0 quatre jours du deuxi\u00e8me tour des l\u00e9gislatives, a annonc\u00e9 l&rsquo;entourage de la ministre \u00e0 l&rsquo;AFP. \u00abLes forces de l&rsquo;ordre sont intervenues rapidement\u00bb, a-t-on encore indiqu\u00e9 de m\u00eame source. [&hellip;]<\/p>\n","protected":false},"author":2,"featured_media":28790,"comment_status":"open","ping_status":"open","sticky":false,"template":"","format":"standard","meta":{"_jetpack_memberships_contains_paid_content":false,"footnotes":"","jetpack_publicize_message":"","jetpack_publicize_feature_enabled":true,"jetpack_social_post_already_shared":true,"jetpack_social_options":{"image_generator_settings":{"template":"highway","default_image_id":0,"font":"","enabled":false},"version":2},"_wpas_customize_per_network":false},"categories":[405],"tags":[],"class_list":["post-28789","post","type-post","status-publish","format-standard","has-post-thumbnail","hentry","category-actu-france-monde"],"jetpack_publicize_connections":[],"jetpack_featured_media_url":"https:\/\/i0.wp.com\/www.iceagetv.com\/radiosite\/wp-content\/uploads\/2024\/07\/Meudon-la-foret.jpg?fit=679%2C293&ssl=1","jetpack_sharing_enabled":true,"_links":{"self":[{"href":"https:\/\/www.iceagetv.com\/radiosite\/wp-json\/wp\/v2\/posts\/28789","targetHints":{"allow":["GET"]}}],"collection":[{"href":"https:\/\/www.iceagetv.com\/radiosite\/wp-json\/wp\/v2\/posts"}],"about":[{"href":"https:\/\/www.iceagetv.com\/radiosite\/wp-json\/wp\/v2\/types\/post"}],"author":[{"embeddable":true,"href":"https:\/\/www.iceagetv.com\/radiosite\/wp-json\/wp\/v2\/users\/2"}],"replies":[{"embeddable":true,"href":"https:\/\/www.iceagetv.com\/radiosite\/wp-json\/wp\/v2\/comments?post=28789"}],"version-history":[{"count":1,"href":"https:\/\/www.iceagetv.com\/radiosite\/wp-json\/wp\/v2\/posts\/28789\/revisions"}],"predecessor-version":[{"id":28791,"href":"https:\/\/www.iceagetv.com\/radiosite\/wp-json\/wp\/v2\/posts\/28789\/revisions\/28791"}],"wp:featuredmedia":[{"embeddable":true,"href":"https:\/\/www.iceagetv.com\/radiosite\/wp-json\/wp\/v2\/media\/28790"}],"wp:attachment":[{"href":"https:\/\/www.iceagetv.com\/radiosite\/wp-json\/wp\/v2\/media?parent=28789"}],"wp:term":[{"taxonomy":"category","embeddable":true,"href":"https:\/\/www.iceagetv.com\/radiosite\/wp-json\/wp\/v2\/categories?post=28789"},{"taxonomy":"post_tag","embeddable":true,"href":"https:\/\/www.iceagetv.com\/radiosite\/wp-json\/wp\/v2\/tags?post=28789"}],"curies":[{"name":"wp","href":"https:\/\/api.w.org\/{rel}","templated":true}]}}