{"id":28793,"date":"2024-07-13T13:16:09","date_gmt":"2024-07-13T13:16:09","guid":{"rendered":"https:\/\/www.iceagetv.com\/radiosite\/?p=28793"},"modified":"2024-07-13T13:16:09","modified_gmt":"2024-07-13T13:16:09","slug":"meurtre-de-celya-procureur-le-crane-de-lenfant-a-ete-fracasse-et-il-y-a-des-lesions-sur-lensemble-du-corps-et-certaines-post-mortem-lauteur-presume-a-42-ans-5-condamnations-et-des-p","status":"publish","type":"post","link":"https:\/\/www.iceagetv.com\/radiosite\/meurtre-de-celya-procureur-le-crane-de-lenfant-a-ete-fracasse-et-il-y-a-des-lesions-sur-lensemble-du-corps-et-certaines-post-mortem-lauteur-presume-a-42-ans-5-condamnations-et-des-p\/","title":{"rendered":"Meurtre de C\u00e9lya &#8211; Procureur : \u00ab\u00a0Le cr\u00e2ne de l&rsquo;enfant a \u00e9t\u00e9 fracass\u00e9 et il y a des l\u00e9sions sur l&rsquo;ensemble du corps et certaines post-mortem\u00a0\u00bb &#8211; \u00ab\u00a0L&rsquo;auteur pr\u00e9sum\u00e9 a 42 ans, 5 condamnations et des probl\u00e8mes psy\u00a0\u00bb"},"content":{"rendered":"\n<p class=\"\">Le procureur prend la parole, il s&rsquo;agit de&nbsp;Fr\u00e9d\u00e9ric Teillet, procureur de la R\u00e9publique \u00e0 Rouen :&nbsp;<\/p>\n\n\n\n<p class=\"\">\u00ab\u00a0La diffusion d&rsquo;une alerte enl\u00e8vement a permis de rep\u00e9rer rapidement le v\u00e9hicule, \u00e0 quelques kilom\u00e8tres du domicile familial, \u00e0 la lisi\u00e8re d&rsquo;un bois.&nbsp;<strong>Le cr\u00e2ne de l&rsquo;enfant a \u00e9t\u00e9 fracass\u00e9 et il y a des l\u00e9sions sur l&rsquo;ensemble du corps et certaines post-mortem. Un scanner et une autopsie seront r\u00e9alis\u00e9s lundi.&nbsp;<\/strong>L&rsquo;intervention directe et traumatique d&rsquo;un tiers dans le d\u00e9c\u00e8s de l&rsquo;enfant est certain.<\/p>\n\n\n\n<p class=\"\"><strong>Le concubin de la m\u00e8re de C\u00e9lya a \u00e9t\u00e9 arr\u00eat\u00e9 ce matin, dans le bois. Il \u00e9tait avec un couteau mais c&rsquo;est laiss\u00e9 interpell\u00e9. La maman de C\u00e9lya a indiqu\u00e9 que son compagnon souffre de probl\u00e8mes psy et fume de la drogue.<\/strong><\/p>\n\n\n\n<p class=\"\"><strong>Hier soir, apr\u00e8s un diff\u00e9rent il a jet\u00e9 la fillette au sol et aurait saisi un couteau et se serait aussi attaqu\u00e9 \u00e0 la maman avant de s&rsquo;enfuit avec la fillette.<\/strong><\/p>\n\n\n\n<p class=\"\"><strong>L&rsquo;auteur a 42 ans et a \u00e9t\u00e9 condamn\u00e9 \u00e0 5 reprises depuis 2019 uniquement pour des stup\u00e9fiants mais aucun signalement pour des faits de violence.\u00a0 La maman de C\u00e9lya indique \u00ab\u00a0qu&rsquo;il n&rsquo;a jamais \u00e9t\u00e9 violent, qu&rsquo;il a eu un coup de folie et qu&rsquo;il avait consomm\u00e9 de la coca\u00efne dans la journ\u00e9e\u00a0\u00bb<\/strong><\/p>\n\n\n\n<p class=\"\"><strong>CE QUE L&rsquo;ON SAIT A CE STADE<\/strong><\/p>\n\n\n\n<p class=\"\">Le quadrag\u00e9naire soup\u00e7onn\u00e9 d&rsquo;avoir enlev\u00e9 une fillette de 6 ans vendredi en Seine-Maritime, retrouv\u00e9e morte quelques heures plus tard apr\u00e8s le d\u00e9clenchement du dispositif \u00ab\u00a0alerte-enl\u00e8vement\u00a0\u00bb, a \u00e9t\u00e9 interpell\u00e9 t\u00f4t samedi matin et plac\u00e9 en garde \u00e0 vue.<\/p>\n\n\n\n<p class=\"\">\u00ab\u00a0Les gendarmes ont retrouv\u00e9 et interpell\u00e9 vers 6h00 le principal mis en cause\u00a0\u00bb, compagnon de la m\u00e8re de l&rsquo;enfant, \u00ab\u00a0\u00e0 proximit\u00e9 du lieu de d\u00e9couverte de sa voiture, dans un bois de Saint-Martin-de-l&rsquo;If\u00a0\u00bb, a d\u00e9taill\u00e9 samedi la gendarmerie.<\/p>\n\n\n\n<p class=\"\">D&rsquo;importants moyens de gendarmerie avaient \u00e9t\u00e9 d\u00e9ploy\u00e9s pour rechercher le suspect, avait indiqu\u00e9 dans un communiqu\u00e9 publi\u00e9 dans la nuit de vendredi \u00e0 samedi le procureur Fr\u00e9d\u00e9ric Teillet, appelant les habitants de Saint-Martin-de-l&rsquo;If (Seine-Maritime), o\u00f9 le drame s&rsquo;est d\u00e9roul\u00e9, \u00e0 \u00ab\u00a0la plus grande vigilance\u00a0\u00bb.<\/p>\n\n\n\n<p class=\"\">La fillette de six ans a \u00e9t\u00e9 retrouv\u00e9e morte dans un bois pr\u00e8s du v\u00e9hicule du compagnon de sa m\u00e8re \u00e2g\u00e9 de 42 ans, a pr\u00e9cis\u00e9 le parquet.<\/p>\n\n\n\n<p class=\"\">Peu apr\u00e8s 01h00 samedi, le minist\u00e8re de la Justice avait annonc\u00e9 sur son compte X la d\u00e9couverte du corps sans vie de la petite C\u00e9lya et la lev\u00e9e du dispositif alerte-enl\u00e8vement.<\/p>\n\n\n\n<p class=\"\">\u00ab\u00a0C\u00e9lya, \u00e2g\u00e9e de 6 ans, de type europ\u00e9en, cheveux ch\u00e2tain fonc\u00e9 mi-longs, yeux marrons, portant une robe licorne de couleur noire, mesurant 1,10 m, a disparu de son domicile de Saint-Martin-de-l&rsquo;If\u00a0\u00bb, \u00e0 une vingtaine de kilom\u00e8tres au nord-ouest de Rouen peu avant 18h00, indiquait le communiqu\u00e9 de l&rsquo;alerte-enl\u00e8vement.<\/p>\n\n\n\n<p class=\"\">\u00ab\u00a0Elle est susceptible d&rsquo;avoir \u00e9t\u00e9 enlev\u00e9e par le compagnon de sa m\u00e8re: homme \u00e2g\u00e9 de 42 ans, 1,80 m, corpulence tr\u00e8s maigre, cheveux ch\u00e2tains, yeux bleus, circulant \u00e0 bord d&rsquo;une Golf bleu marine immatricul\u00e9e 7189 WM 76\u00a0\u00bb, poursuivaient les gendarmes.<\/p>\n\n\n\n<p class=\"\">C&rsquo;est la m\u00e8re qui a appel\u00e9 la gendarmerie vers 18H00 pour dire qu&rsquo;elle venait de se faire agresser au couteau par son compagnon, a indiqu\u00e9 \u00e0 l&rsquo;AFP une source au sein de la gendarmerie.<\/p>\n\n\n\n<p class=\"\">Elle disait avoir r\u00e9ussi \u00e0 sortir de sa maison mais que son compagnon, qui n&rsquo;est pas le p\u00e8re de l&rsquo;enfant, s&rsquo;y trouvait toujours avec la petite fille.<\/p>\n\n\n\n<p class=\"\">\u00ab\u00a0La maman de C\u00e9lya, qui a \u00e9t\u00e9 victime des premi\u00e8res violences, est actuellement hospitalis\u00e9e mais ses jours ne sont pas en danger\u00a0\u00bb, a pr\u00e9cis\u00e9 le procureur de Rouen dans son communiqu\u00e9.<\/p>\n\n\n\n<p class=\"\">Selon une source proche de l&rsquo;enqu\u00eate, la m\u00e8re a d\u00e9clar\u00e9 lors de son appel aux gendarmes que son enfant avait aussi re\u00e7u des coups de couteau.<\/p>\n\n\n\n<p class=\"\">A leur arriv\u00e9e au domicile, les gendarmes avaient constat\u00e9 qu&rsquo;il \u00e9tait vide de tout occupant.<\/p>\n\n\n\n<p class=\"\">Plus d&rsquo;une centaine de gendarmes de Seine-Maritime et des d\u00e9partements limitrophes ont \u00e9t\u00e9 mobilis\u00e9s, ainsi que des gendarmes mobiles, une \u00e9quipe cynophile et un h\u00e9licopt\u00e8re.<\/p>\n\n\n\n<p class=\"\">\u00ab\u00a0Un peu apr\u00e8s 22H, un riverain inform\u00e9 par l&rsquo;alerte enl\u00e8vement, a permis de localiser le v\u00e9hicule du ravisseur pr\u00e9sum\u00e9. Les recherches des gendarmes ont ensuite conduit \u00e0 la d\u00e9couverte du corps sans vie de l&rsquo;enfant, dans un bois \u00e0 proximit\u00e9 du v\u00e9hicule\u00a0\u00bb, a pr\u00e9cis\u00e9 Fr\u00e9d\u00e9ric Teillet.<\/p>\n\n\n\n<p class=\"\">Le couple n&rsquo;avait pas \u00e9t\u00e9 signal\u00e9 pour des violences intrafamiliales. Mais selon la source proche de l&rsquo;enqu\u00eate, l&rsquo;homme \u00e9tait connu de la justice ainsi que pour des troubles du comportement.<\/p>\n\n\n\n<p class=\"\">Adopt\u00e9 en France en f\u00e9vrier 2006, le dispositif \u00ab\u00a0alerte-enl\u00e8vement\u00a0\u00bb consiste \u00e0 lancer une alerte massive en cas de rapt d&rsquo;enfant mineur pour mobiliser la population dans la recherche de l&rsquo;enfant et de son ravisseur. Il a \u00e9t\u00e9 d\u00e9clench\u00e9 en France \u00e0 une trentaine de reprises jusqu&rsquo;\u00e0 pr\u00e9sent.<\/p>\n\n\n\n<p class=\"\">Il n&rsquo;est activ\u00e9 que si plusieurs crit\u00e8res sont r\u00e9unis: il faut un enl\u00e8vement av\u00e9r\u00e9 et pas une simple disparition, la victime doit \u00eatre mineure, son int\u00e9grit\u00e9 physique ou sa vie doivent \u00eatre en danger et des \u00e9l\u00e9ments d&rsquo;information doivent permettre de la localiser.<\/p>\n\n\n\n<p class=\"\">Sa pr\u00e9c\u00e9dente activation remontait \u00e0 janvier dernier, pour la disparition d&rsquo;une petite fille d&rsquo;un mois enlev\u00e9e \u00e0 l&rsquo;h\u00f4pital de Meaux (Seine-et-Marne), qui avait \u00e9t\u00e9 rapidement retrouv\u00e9e saine et sauve avec sa m\u00e8re, en situation de grande pr\u00e9carit\u00e9.<\/p>\n\n\n\n<p class=\"\"><strong>08h32:<\/strong>&nbsp;Le procureur de la R\u00e9publique de Rouen tiendra une conf\u00e9rence de presse \u00e0 12h, afin de donner davantage d&rsquo;informations. Il sera accompagn\u00e9 du g\u00e9n\u00e9ral commandant de gendarmerie de Normandie.<\/p>\n","protected":false},"excerpt":{"rendered":"<p>Le procureur prend la parole, il s&rsquo;agit de&nbsp;Fr\u00e9d\u00e9ric Teillet, procureur de la R\u00e9publique \u00e0 Rouen :&nbsp; \u00ab\u00a0La diffusion d&rsquo;une alerte enl\u00e8vement a permis de rep\u00e9rer rapidement le v\u00e9hicule, \u00e0 quelques kilom\u00e8tres du domicile familial, \u00e0 la lisi\u00e8re d&rsquo;un bois.&nbsp;Le cr\u00e2ne de l&rsquo;enfant a \u00e9t\u00e9 fracass\u00e9 et il y a des l\u00e9sions sur l&rsquo;ensemble du corps [&hellip;]<\/p>\n","protected":false},"author":2,"featured_media":28794,"comment_status":"open","ping_status":"open","sticky":false,"template":"","format":"standard","meta":{"_jetpack_memberships_contains_paid_content":false,"footnotes":"","jetpack_publicize_message":"","jetpack_publicize_feature_enabled":true,"jetpack_social_post_already_shared":true,"jetpack_social_options":{"image_generator_settings":{"template":"highway","default_image_id":0,"font":"","enabled":false},"version":2},"_wpas_customize_per_network":false},"categories":[405],"tags":[],"class_list":["post-28793","post","type-post","status-publish","format-standard","has-post-thumbnail","hentry","category-actu-france-monde"],"jetpack_publicize_connections":[],"jetpack_featured_media_url":"https:\/\/i0.wp.com\/www.iceagetv.com\/radiosite\/wp-content\/uploads\/2024\/07\/Meurtre-de-Celya.jpg?fit=679%2C293&ssl=1","jetpack_sharing_enabled":true,"_links":{"self":[{"href":"https:\/\/www.iceagetv.com\/radiosite\/wp-json\/wp\/v2\/posts\/28793","targetHints":{"allow":["GET"]}}],"collection":[{"href":"https:\/\/www.iceagetv.com\/radiosite\/wp-json\/wp\/v2\/posts"}],"about":[{"href":"https:\/\/www.iceagetv.com\/radiosite\/wp-json\/wp\/v2\/types\/post"}],"author":[{"embeddable":true,"href":"https:\/\/www.iceagetv.com\/radiosite\/wp-json\/wp\/v2\/users\/2"}],"replies":[{"embeddable":true,"href":"https:\/\/www.iceagetv.com\/radiosite\/wp-json\/wp\/v2\/comments?post=28793"}],"version-history":[{"count":1,"href":"https:\/\/www.iceagetv.com\/radiosite\/wp-json\/wp\/v2\/posts\/28793\/revisions"}],"predecessor-version":[{"id":28795,"href":"https:\/\/www.iceagetv.com\/radiosite\/wp-json\/wp\/v2\/posts\/28793\/revisions\/28795"}],"wp:featuredmedia":[{"embeddable":true,"href":"https:\/\/www.iceagetv.com\/radiosite\/wp-json\/wp\/v2\/media\/28794"}],"wp:attachment":[{"href":"https:\/\/www.iceagetv.com\/radiosite\/wp-json\/wp\/v2\/media?parent=28793"}],"wp:term":[{"taxonomy":"category","embeddable":true,"href":"https:\/\/www.iceagetv.com\/radiosite\/wp-json\/wp\/v2\/categories?post=28793"},{"taxonomy":"post_tag","embeddable":true,"href":"https:\/\/www.iceagetv.com\/radiosite\/wp-json\/wp\/v2\/tags?post=28793"}],"curies":[{"name":"wp","href":"https:\/\/api.w.org\/{rel}","templated":true}]}}