{"id":28797,"date":"2024-07-13T13:18:41","date_gmt":"2024-07-13T13:18:41","guid":{"rendered":"https:\/\/www.iceagetv.com\/radiosite\/?p=28797"},"modified":"2024-07-13T13:18:41","modified_gmt":"2024-07-13T13:18:41","slug":"a-la-recherche-dun-premier-ministre-aucun-accord-pour-linstant-sur-huguette-bello-gabriel-attal-est-elu-president-du-groupe-renaissance-a-lassemblee-nationale-le-premier-ministre-etai","status":"publish","type":"post","link":"https:\/\/www.iceagetv.com\/radiosite\/a-la-recherche-dun-premier-ministre-aucun-accord-pour-linstant-sur-huguette-bello-gabriel-attal-est-elu-president-du-groupe-renaissance-a-lassemblee-nationale-le-premier-ministre-etai\/","title":{"rendered":"\u00a0A la recherche d&rsquo;un Premier Ministre &#8211; Aucun accord pour l&rsquo;instant sur Huguette Bello &#8211; Gabriel Attal est \u00e9lu pr\u00e9sident du groupe Renaissance \u00e0 l&rsquo;Assembl\u00e9e nationale. Le Premier ministre \u00e9tait le seul candidat."},"content":{"rendered":"\n<p class=\"\">Le Premier ministre Gabriel Attal, seul candidat en lice, a \u00e9t\u00e9 officiellement \u00e9lu samedi pr\u00e9sident des d\u00e9put\u00e9s Renaissance, a annonc\u00e9 le groupe parlementaire dans un communiqu\u00e9. Gabriel Attal a obtenu 84 voix sur les 98 d\u00e9put\u00e9s inscrits \u00e0 ce scrutin interne. 7 ont vot\u00e9 blanc et 7 autres se sont abstenus. Faute de concurrence, l&rsquo;\u00e9lection de Gabriel Attal ne faisait aucun doute : le ministre de l&rsquo;Int\u00e9rieur G\u00e9rald Darmanin ou encore l&rsquo;ancienne Premi\u00e8re ministre \u00c9lisabeth Borne, \u00e0 qui \u00e9tait pr\u00eat\u00e9e l&rsquo;ambition de se pr\u00e9senter, ne s&rsquo;\u00e9tant finalement pas port\u00e9s candidats.<\/p>\n\n\n\n<p class=\"\">Une d\u00e9put\u00e9e &#8211; Stella Dupont &#8211; s&rsquo;\u00e9tant rattach\u00e9e trop tard, n&rsquo;a pas pu prendre part \u00e0 l&rsquo;\u00e9lection au sein de ce groupe qui compte \u00e0 date 99 membres. Gabriel Attal prendra r\u00e9ellement ses fonctions de pr\u00e9sident de groupe jeudi, \u00e0 l&rsquo;ouverture de la 17e l\u00e9gislature, marqu\u00e9e par l&rsquo;\u00e9lection \u00e0 la pr\u00e9sidence de l&rsquo;Assembl\u00e9e.<\/p>\n\n\n\n<p class=\"\">D&rsquo;ici l\u00e0, au nom de la s\u00e9paration entre pouvoirs ex\u00e9cutif et l\u00e9gislatif, le gouvernement devra avoir \u00e9t\u00e9 d\u00e9clar\u00e9 comme d\u00e9missionnaire, ce qui pourrait intervenir mardi \u00e0 l&rsquo;issue d&rsquo;un Conseil de ministres, selon une source gouvernementale.<strong>Gabriel Attal est \u00e9lu pr\u00e9sident du groupe Renaissance \u00e0 l&rsquo;Assembl\u00e9e nationale. Le Premier ministre \u00e9tait le seul candidat.<\/strong><\/p>\n","protected":false},"excerpt":{"rendered":"<p>Le Premier ministre Gabriel Attal, seul candidat en lice, a \u00e9t\u00e9 officiellement \u00e9lu samedi pr\u00e9sident des d\u00e9put\u00e9s Renaissance, a annonc\u00e9 le groupe parlementaire dans un communiqu\u00e9. Gabriel Attal a obtenu 84 voix sur les 98 d\u00e9put\u00e9s inscrits \u00e0 ce scrutin interne. 7 ont vot\u00e9 blanc et 7 autres se sont abstenus. Faute de concurrence, l&rsquo;\u00e9lection [&hellip;]<\/p>\n","protected":false},"author":2,"featured_media":28798,"comment_status":"open","ping_status":"open","sticky":false,"template":"","format":"standard","meta":{"_jetpack_memberships_contains_paid_content":false,"footnotes":"","jetpack_publicize_message":"","jetpack_publicize_feature_enabled":true,"jetpack_social_post_already_shared":true,"jetpack_social_options":{"image_generator_settings":{"template":"highway","default_image_id":0,"font":"","enabled":false},"version":2},"_wpas_customize_per_network":false},"categories":[405],"tags":[],"class_list":["post-28797","post","type-post","status-publish","format-standard","has-post-thumbnail","hentry","category-actu-france-monde"],"jetpack_publicize_connections":[],"jetpack_featured_media_url":"https:\/\/i0.wp.com\/www.iceagetv.com\/radiosite\/wp-content\/uploads\/2024\/07\/A-la-recherche-dun-Premier-Ministre.jpg?fit=679%2C293&ssl=1","jetpack_sharing_enabled":true,"_links":{"self":[{"href":"https:\/\/www.iceagetv.com\/radiosite\/wp-json\/wp\/v2\/posts\/28797","targetHints":{"allow":["GET"]}}],"collection":[{"href":"https:\/\/www.iceagetv.com\/radiosite\/wp-json\/wp\/v2\/posts"}],"about":[{"href":"https:\/\/www.iceagetv.com\/radiosite\/wp-json\/wp\/v2\/types\/post"}],"author":[{"embeddable":true,"href":"https:\/\/www.iceagetv.com\/radiosite\/wp-json\/wp\/v2\/users\/2"}],"replies":[{"embeddable":true,"href":"https:\/\/www.iceagetv.com\/radiosite\/wp-json\/wp\/v2\/comments?post=28797"}],"version-history":[{"count":1,"href":"https:\/\/www.iceagetv.com\/radiosite\/wp-json\/wp\/v2\/posts\/28797\/revisions"}],"predecessor-version":[{"id":28799,"href":"https:\/\/www.iceagetv.com\/radiosite\/wp-json\/wp\/v2\/posts\/28797\/revisions\/28799"}],"wp:featuredmedia":[{"embeddable":true,"href":"https:\/\/www.iceagetv.com\/radiosite\/wp-json\/wp\/v2\/media\/28798"}],"wp:attachment":[{"href":"https:\/\/www.iceagetv.com\/radiosite\/wp-json\/wp\/v2\/media?parent=28797"}],"wp:term":[{"taxonomy":"category","embeddable":true,"href":"https:\/\/www.iceagetv.com\/radiosite\/wp-json\/wp\/v2\/categories?post=28797"},{"taxonomy":"post_tag","embeddable":true,"href":"https:\/\/www.iceagetv.com\/radiosite\/wp-json\/wp\/v2\/tags?post=28797"}],"curies":[{"name":"wp","href":"https:\/\/api.w.org\/{rel}","templated":true}]}}