{"id":28806,"date":"2024-07-14T05:05:35","date_gmt":"2024-07-14T05:05:35","guid":{"rendered":"https:\/\/www.iceagetv.com\/radiosite\/?p=28806"},"modified":"2024-07-14T05:05:35","modified_gmt":"2024-07-14T05:05:35","slug":"allier-un-individu-a-ouvert-le-feu-sur-plusieurs-personnes-a-espinasse-vozelle-au-moins-4-morts-dont-le-tireur-presume-et-4-blesses-selon-un-premier-bilan-communique-par-le-maire","status":"publish","type":"post","link":"https:\/\/www.iceagetv.com\/radiosite\/allier-un-individu-a-ouvert-le-feu-sur-plusieurs-personnes-a-espinasse-vozelle-au-moins-4-morts-dont-le-tireur-presume-et-4-blesses-selon-un-premier-bilan-communique-par-le-maire\/","title":{"rendered":"Allier : Un individu a ouvert le feu sur plusieurs personnes \u00e0 Espinasse-Vozelle &#8211; Au moins 4 morts dont le tireur pr\u00e9sum\u00e9 et 4 bless\u00e9s, selon un premier bilan communiqu\u00e9 par le Maire"},"content":{"rendered":"\n<p class=\"\"><strong> Selon le quotidien r\u00e9gional La Montagne, les faits se sont d\u00e9roul\u00e9s dans un domicile priv\u00e9 dans le cadre d\u2019une r\u00e9union familiale. Au moins quatre personnes seraient mortes, dont le tireur pr\u00e9sum\u00e9,<\/strong>\u00a0selon un premier bilan dress\u00e9 par le maire de la commune, Michel Marien, contact\u00e9 par le journal. Quatre bless\u00e9s ont \u00e9t\u00e9 transport\u00e9es au centre hospitalier de Vichy. \u00ab C\u2019est un \u00e9v\u00e9nement bouleversant. On ne peut pas s\u2019y pr\u00e9parer. C\u2019est dramatique. C\u2019est un choc, c\u2019est un drame familial qui touche l\u2019ensemble de la commune \u00bb<\/p>\n\n\n\n<p class=\"\"><strong>Voici les propos du Pr\u00e9fet : \u00ab\u00a0Espinasse-Vozelle. Importante intervention des services de secours et de la gendarmerie nationale de l&rsquo;Allier. Au cours de la soir\u00e9e du 13 juillet, sur la commune d&rsquo;Espinasse-Vozelle (Allier), un individu a ouvert le feu, sans raison, sur plusieurs personnes. Des d\u00e9c\u00e8s et des bless\u00e9s sont \u00e0 d\u00e9plorer.<\/strong>\u00a0L&rsquo;auteur des faits est lui-m\u00eame d\u00e9c\u00e9d\u00e9.<\/p>\n\n\n\n<p class=\"\">De tr\u00e8s importants moyens de secours (pompiers et SAMU de l&rsquo;Allier) et de s\u00e9curisation (GGD03) ont \u00e9t\u00e9 aussit\u00f4t d\u00e9ploy\u00e9s sous l&rsquo;autorit\u00e9 de Prefet03 .<\/p>\n\n\n\n<p class=\"\">Le sous-pr\u00e9fet de Vichy s&rsquo;est rendu sur place. Le parquet du tribunal judiciaire de Cusset a \u00e9t\u00e9 avis\u00e9. Une Cellule d&rsquo;Urgence M\u00e9dico-Psychologique (CUMP) est en cours de d\u00e9ploiement. Dans ces circonstances dramatiques, toutes nos pens\u00e9es et notre soutien vont aux victimes et \u00e0 leurs proches.\u00a0\u00bb<\/p>\n\n\n\n<p class=\"\"><strong> Un individu a ouvert le feu sur plusieurs personnes \u00e0 Espinasse-Vozelle, a annonc\u00e9 dans la nuit de samedi \u00e0 dimanche le pr\u00e9fet de l\u2019Allier qui \u00e9voque \u00ab des d\u00e9c\u00e8s et des bless\u00e9s \u00bb. \u00ab L\u2019auteur des faits est lui-m\u00eame d\u00e9c\u00e9d\u00e9 \u00bb, a indiqu\u00e9 la pr\u00e9fecture dans un message publi\u00e9 sur X.<\/strong><\/p>\n","protected":false},"excerpt":{"rendered":"<p>Selon le quotidien r\u00e9gional La Montagne, les faits se sont d\u00e9roul\u00e9s dans un domicile priv\u00e9 dans le cadre d\u2019une r\u00e9union familiale. Au moins quatre personnes seraient mortes, dont le tireur pr\u00e9sum\u00e9,\u00a0selon un premier bilan dress\u00e9 par le maire de la commune, Michel Marien, contact\u00e9 par le journal. Quatre bless\u00e9s ont \u00e9t\u00e9 transport\u00e9es au centre hospitalier [&hellip;]<\/p>\n","protected":false},"author":2,"featured_media":28807,"comment_status":"open","ping_status":"open","sticky":false,"template":"","format":"standard","meta":{"_jetpack_memberships_contains_paid_content":false,"footnotes":"","jetpack_publicize_message":"","jetpack_publicize_feature_enabled":true,"jetpack_social_post_already_shared":true,"jetpack_social_options":{"image_generator_settings":{"template":"highway","default_image_id":0,"font":"","enabled":false},"version":2},"_wpas_customize_per_network":false},"categories":[405],"tags":[],"class_list":["post-28806","post","type-post","status-publish","format-standard","has-post-thumbnail","hentry","category-actu-france-monde"],"jetpack_publicize_connections":[],"jetpack_featured_media_url":"https:\/\/i0.wp.com\/www.iceagetv.com\/radiosite\/wp-content\/uploads\/2024\/07\/Screenshot_20240714_070339.jpg?fit=1028%2C403&ssl=1","jetpack_sharing_enabled":true,"_links":{"self":[{"href":"https:\/\/www.iceagetv.com\/radiosite\/wp-json\/wp\/v2\/posts\/28806","targetHints":{"allow":["GET"]}}],"collection":[{"href":"https:\/\/www.iceagetv.com\/radiosite\/wp-json\/wp\/v2\/posts"}],"about":[{"href":"https:\/\/www.iceagetv.com\/radiosite\/wp-json\/wp\/v2\/types\/post"}],"author":[{"embeddable":true,"href":"https:\/\/www.iceagetv.com\/radiosite\/wp-json\/wp\/v2\/users\/2"}],"replies":[{"embeddable":true,"href":"https:\/\/www.iceagetv.com\/radiosite\/wp-json\/wp\/v2\/comments?post=28806"}],"version-history":[{"count":1,"href":"https:\/\/www.iceagetv.com\/radiosite\/wp-json\/wp\/v2\/posts\/28806\/revisions"}],"predecessor-version":[{"id":28808,"href":"https:\/\/www.iceagetv.com\/radiosite\/wp-json\/wp\/v2\/posts\/28806\/revisions\/28808"}],"wp:featuredmedia":[{"embeddable":true,"href":"https:\/\/www.iceagetv.com\/radiosite\/wp-json\/wp\/v2\/media\/28807"}],"wp:attachment":[{"href":"https:\/\/www.iceagetv.com\/radiosite\/wp-json\/wp\/v2\/media?parent=28806"}],"wp:term":[{"taxonomy":"category","embeddable":true,"href":"https:\/\/www.iceagetv.com\/radiosite\/wp-json\/wp\/v2\/categories?post=28806"},{"taxonomy":"post_tag","embeddable":true,"href":"https:\/\/www.iceagetv.com\/radiosite\/wp-json\/wp\/v2\/tags?post=28806"}],"curies":[{"name":"wp","href":"https:\/\/api.w.org\/{rel}","templated":true}]}}