{"id":28809,"date":"2024-07-14T12:56:35","date_gmt":"2024-07-14T12:56:35","guid":{"rendered":"https:\/\/www.iceagetv.com\/radiosite\/?p=28809"},"modified":"2024-07-14T12:56:35","modified_gmt":"2024-07-14T12:56:35","slug":"toujours-pas-de-nom-pour-un-premier-ministre-le-nfp-est-bloque-mais-ne-veut-pas-inquieter","status":"publish","type":"post","link":"https:\/\/www.iceagetv.com\/radiosite\/toujours-pas-de-nom-pour-un-premier-ministre-le-nfp-est-bloque-mais-ne-veut-pas-inquieter\/","title":{"rendered":"Toujours pas de nom pour un Premier ministre : le NFP est bloqu\u00e9 (mais ne veut pas inqui\u00e9ter)"},"content":{"rendered":"\n<p class=\"\">Les discussions se durcissent au sein du&nbsp;<strong>Nouveau Front populaire<\/strong>&nbsp;pour trouver un candidat au poste de Premier ministre, apr\u00e8s le refus du Parti socialiste d\u2019ent\u00e9riner le choix de la R\u00e9unionnaise&nbsp;<strong>Huguette Bello<\/strong>, suscitant la col\u00e8re de LFI, qui convoque ses instances dimanche.<\/p>\n\n\n\n<p class=\"\">Ce samedi 13 juillet 2024 au soir, le&nbsp;<strong>PS a \u00e9cart\u00e9<\/strong>&nbsp;la candidature de Huguette Bello au poste de Premi\u00e8re ministre et appel\u00e9 \u00e0 poursuivre les discussions pour<strong>&nbsp;trouver un nom consensuel<\/strong>, \u00e0 l\u2019issue d\u2019une r\u00e9union de son conseil national, sorte de parlement du parti.<\/p>\n\n\n\n<p class=\"\">Prenant acte de l\u2019absence de consensus autour de sa personne, la pr\u00e9sidente du conseil r\u00e9gional de la R\u00e9union a annonc\u00e9 dans un communiqu\u00e9 avoir d\u00e9cid\u00e9 de \u00ab\u00a0d\u00e9cliner l\u2019offre sans plus attendre\u00a0\u00bb.<\/p>\n\n\n\n<h2 class=\"wp-block-heading\">Huguette Bello ne fait pas consensus<\/h2>\n\n\n\n<p class=\"\">Le nom de Huguette Bello, qui fut d\u00e9put\u00e9e durant 23 ans au sein du groupe communiste, avait \u00e9t\u00e9 \u00e9voqu\u00e9 mercredi soir par le patron du PCF Fabien Roussel \u00e0 l\u2019occasion de n\u00e9gociations entre alli\u00e9s de gauche.&nbsp;<\/p>\n\n\n\n<p class=\"\">La proposition avait \u00e9t\u00e9\u00a0<strong>rapidement accept\u00e9e par les Insoumis<\/strong>, dont Huguette Bello est proche.Mais le PS, qui a r\u00e9uni samedi soir son Conseil national, a \u00e9cart\u00e9 cette candidature et appel\u00e9 \u00e0 poursuivre les discussions. \u00ab\u00a0Aucun nom ne fait consensus\u00a0\u00bb entre les partenaires du NFP \u00ab\u00a0\u00e0 ce stade\u00a0\u00bb, avait affirm\u00e9 samedi le secr\u00e9taire g\u00e9n\u00e9ral du PS Pierre Jouvet dans une d\u00e9claration \u00e0 l\u2019<em>AFP<\/em>.<\/p>\n\n\n\n<h2 class=\"wp-block-heading\">Manuel Bompard accuse le PS de \u00ab&nbsp;tout bloquer&nbsp;\u00bb<\/h2>\n\n\n\n<p class=\"\">Dans la foul\u00e9e, le coordinateur de La France insoumise Manuel Bompard avait accus\u00e9 le PS de \u00ab&nbsp;tout bloquer&nbsp;\u00bb par ce refus,&nbsp;<a href=\"https:\/\/actu.fr\/politique\/elections-legislatives\/direct-legislatives-resultats-demission-de-gabriel-attal-nouvelle-assemblee-nationale-suivez-la-situation_61321524.html\">apr\u00e8s six jours de tractations<\/a>&nbsp;pour essayer de former un gouvernement de gauche \u00e0 l\u2019issue des \u00e9lections l\u00e9gislatives.<\/p>\n\n\n\n<p class=\"\">Le d\u00e9put\u00e9 des Bouches-du-Rh\u00f4ne a convoqu\u00e9 dimanche \u00e0 12h les instances de son parti \u00ab&nbsp;pour analyser la signification des blocages constants du Parti socialiste contre toute candidature autre que celle de son premier secr\u00e9taire, Olivier Faure&nbsp;\u00bb.<\/p>\n\n\n\n<p class=\"\">Mais cela ne signe pas forc\u00e9ment la fin du NFP. \u00ab&nbsp;Nous allons continuer \u00e0 nous parler, c\u2019est une \u00e9vidence&nbsp;\u00bb, a assure Cl\u00e9mence Guett\u00e9 ce dimanche.<\/p>\n","protected":false},"excerpt":{"rendered":"<p>Les discussions se durcissent au sein du&nbsp;Nouveau Front populaire&nbsp;pour trouver un candidat au poste de Premier ministre, apr\u00e8s le refus du Parti socialiste d\u2019ent\u00e9riner le choix de la R\u00e9unionnaise&nbsp;Huguette Bello, suscitant la col\u00e8re de LFI, qui convoque ses instances dimanche. Ce samedi 13 juillet 2024 au soir, le&nbsp;PS a \u00e9cart\u00e9&nbsp;la candidature de Huguette Bello au [&hellip;]<\/p>\n","protected":false},"author":2,"featured_media":28810,"comment_status":"open","ping_status":"open","sticky":false,"template":"","format":"standard","meta":{"_jetpack_memberships_contains_paid_content":false,"footnotes":"","jetpack_publicize_message":"","jetpack_publicize_feature_enabled":true,"jetpack_social_post_already_shared":true,"jetpack_social_options":{"image_generator_settings":{"template":"highway","default_image_id":0,"font":"","enabled":false},"version":2},"_wpas_customize_per_network":false},"categories":[405],"tags":[],"class_list":["post-28809","post","type-post","status-publish","format-standard","has-post-thumbnail","hentry","category-actu-france-monde"],"jetpack_publicize_connections":[],"jetpack_featured_media_url":"https:\/\/i0.wp.com\/www.iceagetv.com\/radiosite\/wp-content\/uploads\/2024\/07\/a45d2a9f4420f9e4a9888f9b5aac2081c0deed5a-960x640-1.jpg?fit=960%2C640&ssl=1","jetpack_sharing_enabled":true,"_links":{"self":[{"href":"https:\/\/www.iceagetv.com\/radiosite\/wp-json\/wp\/v2\/posts\/28809","targetHints":{"allow":["GET"]}}],"collection":[{"href":"https:\/\/www.iceagetv.com\/radiosite\/wp-json\/wp\/v2\/posts"}],"about":[{"href":"https:\/\/www.iceagetv.com\/radiosite\/wp-json\/wp\/v2\/types\/post"}],"author":[{"embeddable":true,"href":"https:\/\/www.iceagetv.com\/radiosite\/wp-json\/wp\/v2\/users\/2"}],"replies":[{"embeddable":true,"href":"https:\/\/www.iceagetv.com\/radiosite\/wp-json\/wp\/v2\/comments?post=28809"}],"version-history":[{"count":1,"href":"https:\/\/www.iceagetv.com\/radiosite\/wp-json\/wp\/v2\/posts\/28809\/revisions"}],"predecessor-version":[{"id":28811,"href":"https:\/\/www.iceagetv.com\/radiosite\/wp-json\/wp\/v2\/posts\/28809\/revisions\/28811"}],"wp:featuredmedia":[{"embeddable":true,"href":"https:\/\/www.iceagetv.com\/radiosite\/wp-json\/wp\/v2\/media\/28810"}],"wp:attachment":[{"href":"https:\/\/www.iceagetv.com\/radiosite\/wp-json\/wp\/v2\/media?parent=28809"}],"wp:term":[{"taxonomy":"category","embeddable":true,"href":"https:\/\/www.iceagetv.com\/radiosite\/wp-json\/wp\/v2\/categories?post=28809"},{"taxonomy":"post_tag","embeddable":true,"href":"https:\/\/www.iceagetv.com\/radiosite\/wp-json\/wp\/v2\/tags?post=28809"}],"curies":[{"name":"wp","href":"https:\/\/api.w.org\/{rel}","templated":true}]}}