{"id":28815,"date":"2024-07-14T13:40:07","date_gmt":"2024-07-14T13:40:07","guid":{"rendered":"https:\/\/www.iceagetv.com\/radiosite\/?p=28815"},"modified":"2024-07-14T13:40:07","modified_gmt":"2024-07-14T13:40:07","slug":"mort-de-lactrice-americaine-shannen-doherty-a-lage-de-53-ans","status":"publish","type":"post","link":"https:\/\/www.iceagetv.com\/radiosite\/mort-de-lactrice-americaine-shannen-doherty-a-lage-de-53-ans\/","title":{"rendered":"MORT DE L&rsquo;ACTRICE AM\u00c9RICAINE SHANNEN DOHERTY \u00c0 L&rsquo;\u00c2GE DE 53 ANS"},"content":{"rendered":"\n<p class=\"\">Shannen Doherty, connue pour ses r\u00f4les dans les s\u00e9ries&nbsp;<em>Beverly Hills 90210<\/em>&nbsp;et&nbsp;<em>Charmed<\/em>, est morte \u00e0 l&rsquo;\u00e2ge de 53 ans. Elle luttait contre un cancer depuis des ann\u00e9es.<\/p>\n\n\n\n<p class=\"\">Shannen Doherty, actrice am\u00e9ricaine connue pour ses r\u00f4les dans les s\u00e9ries&nbsp;<em>Beverly Hills 90210<\/em>&nbsp;et&nbsp;<em><a href=\"https:\/\/www.bfmtv.com\/people\/series\/pourquoi-shannen-doherty-a-refuse-de-jouer-dans-le-reboot-de-charmed_AN-201810080056.html\">Charmed<\/a><\/em>, est morte samedi 13 juillet \u00e0 l&rsquo;\u00e2ge de 53 ans des suites d&rsquo;un cancer. Sa porte-parole de longue date, Leslie Sloane, en a fait part dans un communiqu\u00e9 relay\u00e9 ce dimanche par&nbsp;<a href=\"https:\/\/people.com\/tv\/shannen-doherty-dead\/\" target=\"_blank\" rel=\"noreferrer noopener\">People Magazine<\/a>.<\/p>\n\n\n\n<blockquote class=\"wp-block-quote is-layout-flow wp-block-quote-is-layout-flow\">\n<p class=\"\">\u00ab\u00a0C&rsquo;est avec le c\u0153ur lourd que je confirme la disparition de l&rsquo;actrice Shannen Doherty\u00a0\u00bb, a-t-elle d\u00e9clar\u00e9. \u00ab\u00a0Le samedi 13 juillet, elle a perdu sa bataille contre le cancer apr\u00e8s des ann\u00e9es de combat.\u00a0\u00bb<\/p>\n<\/blockquote>\n\n\n\n<p class=\"\">\u00ab\u00a0Fille, s\u0153ur, tante et amie d\u00e9vou\u00e9e, elle \u00e9tait entour\u00e9e de ses \u00eatres chers et de son chien, Bowie\u00a0\u00bb, conclut-elle \u00ab\u00a0La famille demande de respecter son intimit\u00e9 afin de pouvoir faire son deuil en paix.\u00a0\u00bb<\/p>\n\n\n\n<p class=\"\">Diagnostiqu\u00e9e d\u2019<a href=\"https:\/\/www.bfmtv.com\/people\/l-actrice-shannen-doherty-souffre-d-un-cancer_AN-201508200037.html\">un cancer du sein en 2015<\/a>, l\u2019actrice avait d\u00e9cid\u00e9 de documenter sa maladie sur Instagram, afin de sensibiliser le plus grand nombre. Le 4 f\u00e9vrier 2020, elle avait r\u00e9v\u00e9l\u00e9 sur le plateau de l\u2019\u00e9mission&nbsp;<em>Good Morning America&nbsp;<\/em><a href=\"https:\/\/www.bfmtv.com\/people\/l-actrice-shannen-doherty-revele-avoir-fait-une-rechute-de-son-cancer-du-sein_AN-202002040066.html\">avoir fait une rechute<\/a>, et \u00eatre au stade 4 de la maladie, apr\u00e8s une r\u00e9mission annonc\u00e9e courant 2017. Une tumeur au cerveau lui a \u00e9t\u00e9 diagnostiqu\u00e9e en janvier 2023. Une propagation de son cancer du sein, d&rsquo;apr\u00e8s&nbsp;<a href=\"https:\/\/www.today.com\/health\/womens-health\/shannen-doherty-discovered-cancer-spread-brain-rcna131953\" target=\"_blank\" rel=\"noreferrer noopener\">Today<\/a>.<\/p>\n\n\n\n<h2 class=\"wp-block-heading\" id=\"1h5l3\">D\u00e9buts d&rsquo;enfant-star<\/h2>\n\n\n\n<p class=\"\">La star am\u00e9ricaine s\u2019\u00e9tait impos\u00e9e comme un visage incontournable du petit \u00e9cran dans les ann\u00e9es 1990 et au d\u00e9but des ann\u00e9es 2000. Une gloire ternie par une r\u00e9putation d&rsquo;actrice difficile \u00e0 canaliser sur les plateaux de tournage, qui aura eu raison de son succ\u00e8s.<\/p>\n\n\n\n<p class=\"\">Shannen Doherty na\u00eet le 12 avril 1971 \u00e0 Memphis, dans le Tennesse. Pas vraiment le meilleur endroit pour devenir une star hollywoodienne &#8211; mais heureusement pour la jeune Shannen, ses parents d\u00e9cident d\u2019emm\u00e9nager \u00e0 Los Angeles lorsqu&rsquo;elle a 7 ans. La fillette encha\u00eene alors les castings et d\u00e9croche son premier contrat \u00e0 10 ans, dans la s\u00e9rie&nbsp;<em>Father Murphy<\/em>. Un premier pas dans le m\u00e9tier qui sera suivi, en 1982, par une apparition r\u00e9currente dans le feuilleton&nbsp;<em><a href=\"https:\/\/www.bfmtv.com\/people\/series\/la-petite-maison-dans-la-prairie-katherine-mac-gregor-qui-jouait-la-mere-de-nellie-oleson-est-morte_AN-201811140070.html\">La Petite Maison dans la prairie<\/a><\/em>, o\u00f9 elle icarne Jenny Wilder, la ni\u00e8ce de Laura Ingalls.<\/p>\n","protected":false},"excerpt":{"rendered":"<p>Shannen Doherty, connue pour ses r\u00f4les dans les s\u00e9ries&nbsp;Beverly Hills 90210&nbsp;et&nbsp;Charmed, est morte \u00e0 l&rsquo;\u00e2ge de 53 ans. Elle luttait contre un cancer depuis des ann\u00e9es. Shannen Doherty, actrice am\u00e9ricaine connue pour ses r\u00f4les dans les s\u00e9ries&nbsp;Beverly Hills 90210&nbsp;et&nbsp;Charmed, est morte samedi 13 juillet \u00e0 l&rsquo;\u00e2ge de 53 ans des suites d&rsquo;un cancer. Sa porte-parole [&hellip;]<\/p>\n","protected":false},"author":2,"featured_media":28816,"comment_status":"open","ping_status":"open","sticky":false,"template":"","format":"standard","meta":{"_jetpack_memberships_contains_paid_content":false,"footnotes":"","jetpack_publicize_message":"","jetpack_publicize_feature_enabled":true,"jetpack_social_post_already_shared":true,"jetpack_social_options":{"image_generator_settings":{"template":"highway","default_image_id":0,"font":"","enabled":false},"version":2},"_wpas_customize_per_network":false},"categories":[68],"tags":[],"class_list":["post-28815","post","type-post","status-publish","format-standard","has-post-thumbnail","hentry","category-actu-culturelle"],"jetpack_publicize_connections":[],"jetpack_featured_media_url":"https:\/\/i0.wp.com\/www.iceagetv.com\/radiosite\/wp-content\/uploads\/2024\/07\/SHANNEN-DOHERTY-A-LAGE-DE-53-ANS.jpg?fit=800%2C450&ssl=1","jetpack_sharing_enabled":true,"_links":{"self":[{"href":"https:\/\/www.iceagetv.com\/radiosite\/wp-json\/wp\/v2\/posts\/28815","targetHints":{"allow":["GET"]}}],"collection":[{"href":"https:\/\/www.iceagetv.com\/radiosite\/wp-json\/wp\/v2\/posts"}],"about":[{"href":"https:\/\/www.iceagetv.com\/radiosite\/wp-json\/wp\/v2\/types\/post"}],"author":[{"embeddable":true,"href":"https:\/\/www.iceagetv.com\/radiosite\/wp-json\/wp\/v2\/users\/2"}],"replies":[{"embeddable":true,"href":"https:\/\/www.iceagetv.com\/radiosite\/wp-json\/wp\/v2\/comments?post=28815"}],"version-history":[{"count":1,"href":"https:\/\/www.iceagetv.com\/radiosite\/wp-json\/wp\/v2\/posts\/28815\/revisions"}],"predecessor-version":[{"id":28817,"href":"https:\/\/www.iceagetv.com\/radiosite\/wp-json\/wp\/v2\/posts\/28815\/revisions\/28817"}],"wp:featuredmedia":[{"embeddable":true,"href":"https:\/\/www.iceagetv.com\/radiosite\/wp-json\/wp\/v2\/media\/28816"}],"wp:attachment":[{"href":"https:\/\/www.iceagetv.com\/radiosite\/wp-json\/wp\/v2\/media?parent=28815"}],"wp:term":[{"taxonomy":"category","embeddable":true,"href":"https:\/\/www.iceagetv.com\/radiosite\/wp-json\/wp\/v2\/categories?post=28815"},{"taxonomy":"post_tag","embeddable":true,"href":"https:\/\/www.iceagetv.com\/radiosite\/wp-json\/wp\/v2\/tags?post=28815"}],"curies":[{"name":"wp","href":"https:\/\/api.w.org\/{rel}","templated":true}]}}