{"id":28838,"date":"2024-07-15T16:18:57","date_gmt":"2024-07-15T16:18:57","guid":{"rendered":"https:\/\/www.iceagetv.com\/radiosite\/?p=28838"},"modified":"2024-07-15T16:18:57","modified_gmt":"2024-07-15T16:18:57","slug":"le-nombre-de-pharmaciens-reste-a-peu-pres-stable-depuis-2016-mais-la-profession-sinquiete-de-difficultes-de-recrutement-et-veut-parvenir-a-augmenter-ses-effectifs-dans-les-prochaines-annees","status":"publish","type":"post","link":"https:\/\/www.iceagetv.com\/radiosite\/le-nombre-de-pharmaciens-reste-a-peu-pres-stable-depuis-2016-mais-la-profession-sinquiete-de-difficultes-de-recrutement-et-veut-parvenir-a-augmenter-ses-effectifs-dans-les-prochaines-annees\/","title":{"rendered":"Le nombre de pharmaciens reste \u00e0 peu pr\u00e8s stable depuis 2016, mais la profession s&rsquo;inqui\u00e8te de difficult\u00e9s de recrutement et veut parvenir \u00e0 augmenter ses effectifs dans les prochaines ann\u00e9es"},"content":{"rendered":"\n<blockquote class=\"wp-block-quote is-layout-flow wp-block-quote-is-layout-flow\">\n<p class=\"\">Le nombre de pharmaciens reste \u00e0 peu pr\u00e8s stable depuis 2016, mais la profession s&rsquo;inqui\u00e8te de difficult\u00e9s de recrutement et veut parvenir \u00e0 augmenter ses effectifs dans les prochaines ann\u00e9es, a indiqu\u00e9 l&rsquo;Ordre des pharmaciens, en pr\u00e9sentant son panorama annuel de la profession.<\/p>\n<\/blockquote>\n\n\n\n<p class=\"\">\u00ab\u00a0Il y a clairement une tension qui se d\u00e9montre d&rsquo;ann\u00e9e en ann\u00e9e\u00a0\u00bb sur les effectifs, avec des difficult\u00e9s de recrutement dans tous les diff\u00e9rents m\u00e9tiers du secteur (officine, laboratoire, industrie), a estim\u00e9 la pr\u00e9sidente de l&rsquo;Ordre, Carine Wolf-Thal, dans une conf\u00e9rence de presse.<\/p>\n\n\n\n<p class=\"\">\u00ab\u00a0Il faut qu&rsquo;on anticipe pour ne pas que cette tension devienne une crise et qu&rsquo;on en arrive \u00e0 des d\u00e9serts pharmaceutiques et un manque de pharmaciens\u00a0\u00bb, a-t-elle ajout\u00e9.<\/p>\n\n\n\n<p class=\"\">Selon les chiffres de l&rsquo;Ordre, les effectifs de pharmaciens ont progress\u00e9 de 0,6% en 2023 \u00e0 74.219 professionnels, restant dans la tendance \u00e0 la stabilit\u00e9 observ\u00e9e depuis 2016.<\/p>\n\n\n\n<p class=\"\">Mais le nombre d&rsquo;officines a continu\u00e9 de baisser \u00e0 19.887 en France m\u00e9tropolitaine, soit une baisse de 1,3% par rapport \u00e0 2022, et de 9,3% sur dix ans.<\/p>\n\n\n\n<p class=\"\">Les d\u00e9partements qui ont connu la plus forte r\u00e9duction du nombre d&rsquo;officines sur les dix ans sont l&rsquo;Allier (-22%), l&rsquo;Ari\u00e8ge (-20%), l&rsquo;Yonne (-20%), le Gers (-19%) et la Corr\u00e8ze (-18%).<\/p>\n\n\n\n<p class=\"\">En 2023, le nombre de fermeture d&rsquo;officines, rapport\u00e9 au nombre d&rsquo;habitants, a \u00e9t\u00e9 le plus important en Bourgogne-Franche-Comt\u00e9 (7,5 officines ferm\u00e9es pour 1 million d&rsquo;habitants), r\u00e9gion suivie par la Bretagne et la Normandie (6 officines ferm\u00e9es pour 1 million d&rsquo;habitants).<\/p>\n\n\n\n<p class=\"\">Selon l&rsquo;Ordre, la mise en oeuvre de la r\u00e9cente r\u00e9forme du premier cycle d&rsquo;\u00e9tudes m\u00e9dicales et pharmaceutiques a contribu\u00e9 \u00e0 \u00e9loigner des \u00e9tudiants de la sp\u00e9cialit\u00e9, avec un d\u00e9ficit de 1.000 \u00e9tudiants en deuxi\u00e8me ann\u00e9e en 2022, qui s&rsquo;est r\u00e9sorb\u00e9 \u00e0 un d\u00e9ficit de 500 \u00e9tudiants en 2023.<\/p>\n\n\n\n<p class=\"\">L&rsquo;Ordre a lanc\u00e9 une campagne de communication pour s\u00e9duire les \u00e9tudiants, qui \u00ab\u00a0donne de premiers r\u00e9sultats encourageants\u00a0\u00bb, selon Mme Wolf-Thal.<\/p>\n","protected":false},"excerpt":{"rendered":"<p>Le nombre de pharmaciens reste \u00e0 peu pr\u00e8s stable depuis 2016, mais la profession s&rsquo;inqui\u00e8te de difficult\u00e9s de recrutement et veut parvenir \u00e0 augmenter ses effectifs dans les prochaines ann\u00e9es, a indiqu\u00e9 l&rsquo;Ordre des pharmaciens, en pr\u00e9sentant son panorama annuel de la profession. \u00ab\u00a0Il y a clairement une tension qui se d\u00e9montre d&rsquo;ann\u00e9e en ann\u00e9e\u00a0\u00bb [&hellip;]<\/p>\n","protected":false},"author":2,"featured_media":28839,"comment_status":"open","ping_status":"open","sticky":false,"template":"","format":"standard","meta":{"_jetpack_memberships_contains_paid_content":false,"footnotes":"","jetpack_publicize_message":"","jetpack_publicize_feature_enabled":true,"jetpack_social_post_already_shared":true,"jetpack_social_options":{"image_generator_settings":{"template":"highway","enabled":true,"token":"eyJpbWciOiJodHRwczpcL1wvd3d3LmljZWFnZXR2LmNvbVwvcmFkaW9zaXRlXC93cC1jb250ZW50XC91cGxvYWRzXC8yMDI0XC8wN1wvTGUtbm9tYnJlLWRlLXBoYXJtYWNpZW5zLXJlc3RlLWEtcGV1LXByZXMtc3RhYmxlLWRlcHVpcy0yMDE2LW1haXMtbGEtcHJvZmVzc2lvbi1zaW5xdWlldGUtZGUtZGlmZmljdWx0ZXMtZGUtcmVjcnV0ZW1lbnQtZXQtdmV1dC1wYXJ2ZW5pci1hLWF1Z21lbnRlci1zZXMtZWZmZWN0aWZzLWRhbnMtbGVzLXByb2NoYWluZXMtYW5uZWVzLmpwZyIsInR4dCI6IkxlIG5vbWJyZSBkZSBwaGFybWFjaWVucyByZXN0ZSBcdTAwZTAgcGV1IHByXHUwMGU4cyBzdGFibGUgZGVwdWlzIDIwMTYsIG1haXMgbGEgcHJvZmVzc2lvbiBzJiM4MjE3O2lucXVpXHUwMGU4dGUgZGUgZGlmZmljdWx0XHUwMGU5cyBkZSByZWNydXRlbWVudCBldCB2ZXV0IHBhcnZlbmlyIFx1MDBlMCBhdWdtZW50ZXIgc2VzIGVmZmVjdGlmcyBkYW5zIGxlcyBwcm9jaGFpbmVzIGFublx1MDBlOWVzIiwidGVtcGxhdGUiOiJoaWdod2F5IiwiYmxvZ19pZCI6MTExMDE2NDYxfQ.1gLa2jSuOE6w3KpIr3kf3Izwy4YIbS-2_RpHH3l485wMQ"},"version":2},"_wpas_customize_per_network":false},"categories":[405],"tags":[],"class_list":["post-28838","post","type-post","status-publish","format-standard","has-post-thumbnail","hentry","category-actu-france-monde"],"jetpack_publicize_connections":[],"jetpack_featured_media_url":"https:\/\/i0.wp.com\/www.iceagetv.com\/radiosite\/wp-content\/uploads\/2024\/07\/Le-nombre-de-pharmaciens-reste-a-peu-pres-stable-depuis-2016-mais-la-profession-sinquiete-de-difficultes-de-recrutement-et-veut-parvenir-a-augmenter-ses-effectifs-dans-les-prochaines-annees.jpg?fit=679%2C293&ssl=1","jetpack_sharing_enabled":true,"_links":{"self":[{"href":"https:\/\/www.iceagetv.com\/radiosite\/wp-json\/wp\/v2\/posts\/28838","targetHints":{"allow":["GET"]}}],"collection":[{"href":"https:\/\/www.iceagetv.com\/radiosite\/wp-json\/wp\/v2\/posts"}],"about":[{"href":"https:\/\/www.iceagetv.com\/radiosite\/wp-json\/wp\/v2\/types\/post"}],"author":[{"embeddable":true,"href":"https:\/\/www.iceagetv.com\/radiosite\/wp-json\/wp\/v2\/users\/2"}],"replies":[{"embeddable":true,"href":"https:\/\/www.iceagetv.com\/radiosite\/wp-json\/wp\/v2\/comments?post=28838"}],"version-history":[{"count":1,"href":"https:\/\/www.iceagetv.com\/radiosite\/wp-json\/wp\/v2\/posts\/28838\/revisions"}],"predecessor-version":[{"id":28840,"href":"https:\/\/www.iceagetv.com\/radiosite\/wp-json\/wp\/v2\/posts\/28838\/revisions\/28840"}],"wp:featuredmedia":[{"embeddable":true,"href":"https:\/\/www.iceagetv.com\/radiosite\/wp-json\/wp\/v2\/media\/28839"}],"wp:attachment":[{"href":"https:\/\/www.iceagetv.com\/radiosite\/wp-json\/wp\/v2\/media?parent=28838"}],"wp:term":[{"taxonomy":"category","embeddable":true,"href":"https:\/\/www.iceagetv.com\/radiosite\/wp-json\/wp\/v2\/categories?post=28838"},{"taxonomy":"post_tag","embeddable":true,"href":"https:\/\/www.iceagetv.com\/radiosite\/wp-json\/wp\/v2\/tags?post=28838"}],"curies":[{"name":"wp","href":"https:\/\/api.w.org\/{rel}","templated":true}]}}