{"id":28858,"date":"2024-07-16T13:43:54","date_gmt":"2024-07-16T13:43:54","guid":{"rendered":"https:\/\/www.iceagetv.com\/radiosite\/?p=28858"},"modified":"2024-07-16T13:43:54","modified_gmt":"2024-07-16T13:43:54","slug":"aisne-ali-riza-polat-condamne-a-perpetuite-pour-les-attentats-de-janvier-2015-contre-charlie-hebdo-et-lhyper-cacher-agresse-un-surveillant-avec-un-tesson-de-bouteille-le-parquet-national","status":"publish","type":"post","link":"https:\/\/www.iceagetv.com\/radiosite\/aisne-ali-riza-polat-condamne-a-perpetuite-pour-les-attentats-de-janvier-2015-contre-charlie-hebdo-et-lhyper-cacher-agresse-un-surveillant-avec-un-tesson-de-bouteille-le-parquet-national\/","title":{"rendered":"Aisne : Ali Riza Polat condamn\u00e9 \u00e0 perp\u00e9tuit\u00e9 pour les attentats de janvier 2015 contre Charlie Hebdo et l\u2019Hyper Cacher, agresse un surveillant avec un tesson de bouteille &#8211; Le Parquet national anti-terroriste s&rsquo;est saisi"},"content":{"rendered":"\n<p class=\"\">Ali Riza Polat condamn\u00e9 \u00e0 perp\u00e9tuit\u00e9 pour son implication dans les attentats de janvier 2015, est soup\u00e7onn\u00e9 d\u2019avoir agress\u00e9 au tesson de bouteille aujourd&rsquo;hui un surveillant p\u00e9nitentiaire de Laon (Aisne), selon les informations r\u00e9v\u00e9l\u00e9es par CNews. L&rsquo;individu a cri\u00e9 \u00abAllah Akbar\u00bb lors de l&rsquo;attaque, a-t-on appris d&rsquo;une source proche du dossier.<\/p>\n\n\n\n<p class=\"\">Les faits se sont d\u00e9roul\u00e9s au moment de l&rsquo;ouverture de la cellule, toujours selon cette m\u00eame source. Condamn\u00e9 \u00e0 la r\u00e9clusion criminelle \u00e0 perp\u00e9tuit\u00e9 pour complicit\u00e9 dans les attentats de janvier 2015 contre Charlie Hebdo et l\u2019Hyper Cacher, Ali Riza Polat a \u00e9t\u00e9 rapidement ma\u00eetris\u00e9 par deux autres surveillants pr\u00e9sents sur place.<\/p>\n\n\n\n<p class=\"\">La victime a pu ensuite reprendre son travail.<\/p>\n\n\n\n<p class=\"\">Au regard du profil du suspect, le Parquet national anti-terroriste (PNAT) s&rsquo;est saisi de l&rsquo;enqu\u00eate.<\/p>\n\n\n\n<p class=\"\">Le 20 octobre 2022 \u00e0 l\u2019issue de six semaines d\u2019audience, le Franco-Turc avait \u00e9t\u00e9 condamn\u00e9 en appel \u00e0 la r\u00e9clusion criminelle \u00e0 perp\u00e9tuit\u00e9, assortie d\u2019une p\u00e9riode de s\u00fbret\u00e9 de vingt ans. La cour d\u2019assises sp\u00e9ciale de Paris l\u2019avait reconnu coupable de complicit\u00e9 pour les dix-sept assassinats perp\u00e9tr\u00e9s par les fr\u00e8res Sa\u00efd et Ch\u00e9rif Kouachi et Amedy Coulibaly entre les 7 et 9 janvier 2015 \u00e0 la r\u00e9daction de Charlie Hebdo, \u00e0 Montrouge et \u00e0 l\u2019Hyper Cacher.<\/p>\n\n\n\n<p class=\"\">\u00ab Pour la cour, il ne fait aucun doute [\u2026] qu\u2019Ali Riza Polat s\u2019est bien rendu coupable, [\u2026] en toute connaissance de cause, de complicit\u00e9 des actes de terrorisme commis de fa\u00e7on concert\u00e9e par les fr\u00e8res Kouachi et Amedy Coulibaly, en apportant \u00e0 ce dernier une aide permanente dans la pr\u00e9paration de ses actes et dans la r\u00e9union des moyens pour les commettre \u00bb, avaient motiv\u00e9 les juges.<\/p>\n","protected":false},"excerpt":{"rendered":"<p>Ali Riza Polat condamn\u00e9 \u00e0 perp\u00e9tuit\u00e9 pour son implication dans les attentats de janvier 2015, est soup\u00e7onn\u00e9 d\u2019avoir agress\u00e9 au tesson de bouteille aujourd&rsquo;hui un surveillant p\u00e9nitentiaire de Laon (Aisne), selon les informations r\u00e9v\u00e9l\u00e9es par CNews. L&rsquo;individu a cri\u00e9 \u00abAllah Akbar\u00bb lors de l&rsquo;attaque, a-t-on appris d&rsquo;une source proche du dossier. Les faits se sont [&hellip;]<\/p>\n","protected":false},"author":2,"featured_media":28859,"comment_status":"open","ping_status":"open","sticky":false,"template":"","format":"standard","meta":{"_jetpack_memberships_contains_paid_content":false,"footnotes":"","jetpack_publicize_message":"","jetpack_publicize_feature_enabled":true,"jetpack_social_post_already_shared":true,"jetpack_social_options":{"image_generator_settings":{"template":"highway","enabled":true,"token":"eyJpbWciOiJodHRwczpcL1wvd3d3LmljZWFnZXR2LmNvbVwvcmFkaW9zaXRlXC93cC1jb250ZW50XC91cGxvYWRzXC8yMDI0XC8wN1wvQWxpLVJpemEtUG9sYXQuanBnIiwidHh0IjoiQWlzbmUgOiBBbGkgUml6YSBQb2xhdCBjb25kYW1uXHUwMGU5IFx1MDBlMCBwZXJwXHUwMGU5dHVpdFx1MDBlOSBwb3VyIGxlcyBhdHRlbnRhdHMgZGUgamFudmllciAyMDE1IGNvbnRyZSBDaGFybGllIEhlYmRvIGV0IGxcdTIwMTlIeXBlciBDYWNoZXIsIGFncmVzc2UgdW4gc3VydmVpbGxhbnQgYXZlYyB1biB0ZXNzb24gZGUgYm91dGVpbGxlICYjODIxMTsgTGUgUGFycXVldCBuYXRpb25hbCBhbnRpLXRlcnJvcmlzdGUgcyYjODIxNztlc3Qgc2Fpc2kiLCJ0ZW1wbGF0ZSI6ImhpZ2h3YXkiLCJibG9nX2lkIjoxMTEwMTY0NjF9.Y0u5KODeiJz96j2zPvlWFxyYQatsAvJkmEzWGlkoPIsMQ"},"version":2},"_wpas_customize_per_network":false},"categories":[405],"tags":[],"class_list":["post-28858","post","type-post","status-publish","format-standard","has-post-thumbnail","hentry","category-actu-france-monde"],"jetpack_publicize_connections":[],"jetpack_featured_media_url":"https:\/\/i0.wp.com\/www.iceagetv.com\/radiosite\/wp-content\/uploads\/2024\/07\/Ali-Riza-Polat.jpg?fit=679%2C293&ssl=1","jetpack_sharing_enabled":true,"_links":{"self":[{"href":"https:\/\/www.iceagetv.com\/radiosite\/wp-json\/wp\/v2\/posts\/28858","targetHints":{"allow":["GET"]}}],"collection":[{"href":"https:\/\/www.iceagetv.com\/radiosite\/wp-json\/wp\/v2\/posts"}],"about":[{"href":"https:\/\/www.iceagetv.com\/radiosite\/wp-json\/wp\/v2\/types\/post"}],"author":[{"embeddable":true,"href":"https:\/\/www.iceagetv.com\/radiosite\/wp-json\/wp\/v2\/users\/2"}],"replies":[{"embeddable":true,"href":"https:\/\/www.iceagetv.com\/radiosite\/wp-json\/wp\/v2\/comments?post=28858"}],"version-history":[{"count":1,"href":"https:\/\/www.iceagetv.com\/radiosite\/wp-json\/wp\/v2\/posts\/28858\/revisions"}],"predecessor-version":[{"id":28860,"href":"https:\/\/www.iceagetv.com\/radiosite\/wp-json\/wp\/v2\/posts\/28858\/revisions\/28860"}],"wp:featuredmedia":[{"embeddable":true,"href":"https:\/\/www.iceagetv.com\/radiosite\/wp-json\/wp\/v2\/media\/28859"}],"wp:attachment":[{"href":"https:\/\/www.iceagetv.com\/radiosite\/wp-json\/wp\/v2\/media?parent=28858"}],"wp:term":[{"taxonomy":"category","embeddable":true,"href":"https:\/\/www.iceagetv.com\/radiosite\/wp-json\/wp\/v2\/categories?post=28858"},{"taxonomy":"post_tag","embeddable":true,"href":"https:\/\/www.iceagetv.com\/radiosite\/wp-json\/wp\/v2\/tags?post=28858"}],"curies":[{"name":"wp","href":"https:\/\/api.w.org\/{rel}","templated":true}]}}