{"id":28861,"date":"2024-07-16T14:26:59","date_gmt":"2024-07-16T14:26:59","guid":{"rendered":"https:\/\/www.iceagetv.com\/radiosite\/?p=28861"},"modified":"2024-07-16T14:26:59","modified_gmt":"2024-07-16T14:26:59","slug":"larriere-du-xv-de-france-melvyn-jaminet-est-vise-par-une-enquete-pour-menace-de-mort-en-raison-de-lorigine-apres-des-propos-racistes-tenus-dans-une-video","status":"publish","type":"post","link":"https:\/\/www.iceagetv.com\/radiosite\/larriere-du-xv-de-france-melvyn-jaminet-est-vise-par-une-enquete-pour-menace-de-mort-en-raison-de-lorigine-apres-des-propos-racistes-tenus-dans-une-video\/","title":{"rendered":"\u00a0L&rsquo;arri\u00e8re du XV de France, Melvyn Jaminet, est vis\u00e9 par une enqu\u00eate pour \u00ab\u00a0menace de mort en raison de l&rsquo;origine\u00a0\u00bb apr\u00e8s des propos racistes tenus dans une vid\u00e9o"},"content":{"rendered":"\n<p class=\"\">L&rsquo;arri\u00e8re du XV de France, Melvyn Jaminet, est vis\u00e9 par une enqu\u00eate pour \u00ab\u00a0menace de mort \u00e0 raison de l&rsquo;origine\u00a0\u00bb, annonce le parquet de Paris, apr\u00e8s ses propos racistes tenus dans une vid\u00e9o sur son compte Instagram.&nbsp;Cette enqu\u00eate visant Melvyn Jaminet est ouverte depuis le 9 juillet, pr\u00e9cise le parquet de Paris.<\/p>\n\n\n\n<p class=\"\">Elle fait suite \u00e0 un signalement de SOS Racisme, ajoute cette source, qui dit n&rsquo;avoir pas encore re\u00e7u le signalement de la F\u00e9d\u00e9ration fran\u00e7aise de rugby, pourtant annonc\u00e9 \u00e0 la mi-journ\u00e9e.<\/p>\n\n\n\n<p class=\"\">Dimanche 7 juillet, Melvyn Jaminet a suscit\u00e9 la controverse apr\u00e8s avoir publi\u00e9 une story sur son compte Instagram \u00e0 la suite de la victoire du XV de France contre l&rsquo;Argentine. Dans une courte vid\u00e9o, l&rsquo;arri\u00e8re qui \u00e9volue \u00e0 Toulon en club a d\u00e9clar\u00e9, euphorique et agressif : \u00ab\u00a0Il y a ma daronne qui me demande si j&rsquo;ai fait la f\u00eate. (souffle) Je te jure que le premier arabe que je croise sur la route, je lui mets un coup de casque ! Je lui mets un coup de casque ! Je te le dis, je lui mets un coup de casque ! Un coup du casque je lui mets !\u00a0\u00bb<\/p>\n\n\n\n<p class=\"\">Rapidement, Melvyn Jaminet s&rsquo;est retrouv\u00e9 au centre de la pol\u00e9mique. Ainsi, la F\u00e9d\u00e9ration fran\u00e7aise de rugby a d\u00e9nonc\u00e9 la sortie de son joueur et a annonc\u00e9 son exclusion du groupe avant les tests matchs contre l&rsquo;Uruguay et l&rsquo;Argentine : \u00ab\u00a0La F\u00e9d\u00e9ration Fran\u00e7aise de Rugby (FFR) condamne avec la plus grande fermet\u00e9 les propos tenus par Melvyn Jaminet, dans une vid\u00e9o r\u00e9cemment diffus\u00e9e sur les r\u00e9seaux sociaux.<\/p>\n\n\n\n<p class=\"\">De tels propos sont totalement inacceptables et contraires aux valeurs fondamentales de notre sport.<\/p>\n\n\n\n<p class=\"\">En cons\u00e9quence, Melvyn Jaminet a \u00e9t\u00e9 mis \u00e0 l&rsquo;\u00e9cart avec effet imm\u00e9diat et quitte le groupe France actuellement pr\u00e9sent en Argentine. Une enqu\u00eate interne est en cours pour faire toute la lumi\u00e8re sur la tenue de ces propos d&rsquo;une extr\u00eame gravit\u00e9 et prendre les mesures appropri\u00e9es.<\/p>\n\n\n\n<p class=\"\">La FFR r\u00e9affirme son engagement ind\u00e9fectible en faveur de la diversit\u00e9, de l&rsquo;inclusion et de la la\u00efcit\u00e9. Le rugby est un sport qui rassemble et unit, et nous nous devons de promouvoir ces valeurs essentielles. Aucun comportement discriminatoire, de quelque nature que ce soit, n&rsquo;a sa place dans le rugby fran\u00e7ais.\u00a0\u00bb<\/p>\n","protected":false},"excerpt":{"rendered":"<p>L&rsquo;arri\u00e8re du XV de France, Melvyn Jaminet, est vis\u00e9 par une enqu\u00eate pour \u00ab\u00a0menace de mort \u00e0 raison de l&rsquo;origine\u00a0\u00bb, annonce le parquet de Paris, apr\u00e8s ses propos racistes tenus dans une vid\u00e9o sur son compte Instagram.&nbsp;Cette enqu\u00eate visant Melvyn Jaminet est ouverte depuis le 9 juillet, pr\u00e9cise le parquet de Paris. Elle fait suite [&hellip;]<\/p>\n","protected":false},"author":2,"featured_media":28863,"comment_status":"open","ping_status":"open","sticky":false,"template":"","format":"standard","meta":{"_jetpack_memberships_contains_paid_content":false,"footnotes":"","jetpack_publicize_message":"","jetpack_publicize_feature_enabled":true,"jetpack_social_post_already_shared":true,"jetpack_social_options":{"image_generator_settings":{"template":"highway","enabled":true,"token":"eyJpbWciOiJodHRwczpcL1wvd3d3LmljZWFnZXR2LmNvbVwvcmFkaW9zaXRlXC93cC1jb250ZW50XC91cGxvYWRzXC8yMDI0XC8wN1wvTWVsdnluLUphbWluZXQuanBnIiwidHh0IjoiXHUwMGEwTCYjODIxNzthcnJpXHUwMGU4cmUgZHUgWFYgZGUgRnJhbmNlLCBNZWx2eW4gSmFtaW5ldCwgZXN0IHZpc1x1MDBlOSBwYXIgdW5lIGVucXVcdTAwZWF0ZSBwb3VyICYjODIyMDttZW5hY2UgZGUgbW9ydCBlbiByYWlzb24gZGUgbCYjODIxNztvcmlnaW5lJiM4MjIxOyBhcHJcdTAwZThzIGRlcyBwcm9wb3MgcmFjaXN0ZXMgdGVudXMgZGFucyB1bmUgdmlkXHUwMGU5byIsInRlbXBsYXRlIjoiaGlnaHdheSIsImJsb2dfaWQiOjExMTAxNjQ2MX0.5ks668-ym7IiN4jMeHvrB-q0YrJMQoladBVuMBlO9NkMQ"},"version":2},"_wpas_customize_per_network":false},"categories":[405],"tags":[],"class_list":["post-28861","post","type-post","status-publish","format-standard","has-post-thumbnail","hentry","category-actu-france-monde"],"jetpack_publicize_connections":[],"jetpack_featured_media_url":"https:\/\/i0.wp.com\/www.iceagetv.com\/radiosite\/wp-content\/uploads\/2024\/07\/Melvyn-Jaminet.jpg?fit=679%2C293&ssl=1","jetpack_sharing_enabled":true,"_links":{"self":[{"href":"https:\/\/www.iceagetv.com\/radiosite\/wp-json\/wp\/v2\/posts\/28861","targetHints":{"allow":["GET"]}}],"collection":[{"href":"https:\/\/www.iceagetv.com\/radiosite\/wp-json\/wp\/v2\/posts"}],"about":[{"href":"https:\/\/www.iceagetv.com\/radiosite\/wp-json\/wp\/v2\/types\/post"}],"author":[{"embeddable":true,"href":"https:\/\/www.iceagetv.com\/radiosite\/wp-json\/wp\/v2\/users\/2"}],"replies":[{"embeddable":true,"href":"https:\/\/www.iceagetv.com\/radiosite\/wp-json\/wp\/v2\/comments?post=28861"}],"version-history":[{"count":1,"href":"https:\/\/www.iceagetv.com\/radiosite\/wp-json\/wp\/v2\/posts\/28861\/revisions"}],"predecessor-version":[{"id":28864,"href":"https:\/\/www.iceagetv.com\/radiosite\/wp-json\/wp\/v2\/posts\/28861\/revisions\/28864"}],"wp:featuredmedia":[{"embeddable":true,"href":"https:\/\/www.iceagetv.com\/radiosite\/wp-json\/wp\/v2\/media\/28863"}],"wp:attachment":[{"href":"https:\/\/www.iceagetv.com\/radiosite\/wp-json\/wp\/v2\/media?parent=28861"}],"wp:term":[{"taxonomy":"category","embeddable":true,"href":"https:\/\/www.iceagetv.com\/radiosite\/wp-json\/wp\/v2\/categories?post=28861"},{"taxonomy":"post_tag","embeddable":true,"href":"https:\/\/www.iceagetv.com\/radiosite\/wp-json\/wp\/v2\/tags?post=28861"}],"curies":[{"name":"wp","href":"https:\/\/api.w.org\/{rel}","templated":true}]}}