{"id":28870,"date":"2024-07-17T13:25:42","date_gmt":"2024-07-17T13:25:42","guid":{"rendered":"https:\/\/www.iceagetv.com\/radiosite\/?p=28870"},"modified":"2024-07-17T13:25:42","modified_gmt":"2024-07-17T13:25:42","slug":"pourquoi-labbe-pierre-decede-en-2007-est-il-accuse-aujourdhui-dagressions-sexuelles-sur-des-salariees-des-volontaires-et-benevoles-du-mouvement-emmaus-ou-des-jeunes-femmes-dans-son-entourage","status":"publish","type":"post","link":"https:\/\/www.iceagetv.com\/radiosite\/pourquoi-labbe-pierre-decede-en-2007-est-il-accuse-aujourdhui-dagressions-sexuelles-sur-des-salariees-des-volontaires-et-benevoles-du-mouvement-emmaus-ou-des-jeunes-femmes-dans-son-entourage\/","title":{"rendered":"Pourquoi l&rsquo;Abb\u00e9 Pierre, d\u00e9c\u00e9d\u00e9 en 2007, est-il accus\u00e9 aujourd&rsquo;hui d&rsquo;agressions sexuelles sur des salari\u00e9es, des volontaires et b\u00e9n\u00e9voles du mouvement Emma\u00fcs, ou des jeunes femmes dans son entourage personnel\u00a0"},"content":{"rendered":"\n<p class=\"\">L\u2019Abb\u00e9 Pierre, le fondateur d\u2019Emma\u00fcs mort en 2007, est accus\u00e9 d\u2019agressions sexuelles sur des salari\u00e9es, des volontaires et b\u00e9n\u00e9voles du mouvement Emma\u00fcs, ou des jeunes femmes dans son entourage personnel. \u00abLe Mouvement Emma\u00fcs rend publics des faits qui peuvent s\u2019apparenter \u00e0 des agressions sexuelles ou du harc\u00e8lement sexuel, commis par l\u2019abb\u00e9 Pierre, entre la fin des ann\u00e9es 1970 et 2005\u00bb, indique le communiqu\u00e9 de l\u2019organisation publi\u00e9 ce mercredi.<\/p>\n\n\n\n<p class=\"\">Voici le communiqu\u00e9 dans son int\u00e9gralit\u00e9 :<\/p>\n\n\n\n<p class=\"\">\u00ab\u00a0Le Mouvement Emma\u00fcs rend publics des faits qui peuvent s\u2019apparenter \u00e0 des agressions sexuelles ou du harc\u00e8lement sexuel, commis par l\u2019abb\u00e9 Pierre, entre la fin des ann\u00e9es 1970 et 2005.<\/p>\n\n\n\n<p class=\"\">Ces faits ont concern\u00e9 des salari\u00e9es, des volontaires et b\u00e9n\u00e9voles de certaines de nos organisations membres, ou des jeunes femmes dans l\u2019entourage personnel de l\u2019abb\u00e9 Pierre. Le Mouvement a mandat\u00e9 un cabinet expert de la pr\u00e9vention des violences, le groupe Ega\u00e9, pour mener un travail d\u2019\u00e9coute et d\u2019analyse.<\/p>\n\n\n\n<p class=\"\">Ce travail a permis de recueillir les t\u00e9moignages de sept femmes. L\u2019une d\u2019entre elles \u00e9tait mineure au moment des premiers faits. D\u2019apr\u00e8s les informations recueillies, plusieurs autres femmes ont subi des faits comparables, mais n\u2019ont pas pu \u00eatre entendues. Un dispositif de recueil de t\u00e9moignages et d\u2019accompagnement, strictement confidentiel, s\u2019adressant aux personnes ayant \u00e9t\u00e9 victime ou t\u00e9moin de comportements inacceptables de la part de l\u2019abb\u00e9 Pierre, a \u00e9t\u00e9 mis en place.<\/p>\n\n\n\n<p class=\"\">Il y a un an, Emma\u00fcs France a \u00e9t\u00e9 destinataire d\u2019un t\u00e9moignage faisant \u00e9tat d\u2019une agression sexuelle commise par l\u2019abb\u00e9 Pierre sur une femme. Une d\u00e9l\u00e9gation du Mouvement Emma\u00fcs a rencontr\u00e9 la victime et recueilli son t\u00e9moignage.<\/p>\n\n\n\n<p class=\"\">\u00c0 la suite de cette rencontre, un travail d\u2019\u00e9coute a \u00e9t\u00e9 lanc\u00e9 en interne par Emma\u00fcs International, Emma\u00fcs France et la Fondation Abb\u00e9 Pierre pour \u00e9tablir si d\u2019autres faits similaires avaient pu se produire.<\/p>\n\n\n\n<p class=\"\">Men\u00e9 par Caroline De Haas, du groupe Ega\u00e9, ce travail a permis de recueillir les t\u00e9moignages de sept femmes qui font \u00e9tat de comportements pouvant s\u2019apparenter \u00e0 des agressions sexuelles ou des faits de harc\u00e8lement sexuel commis par l\u2019abb\u00e9 Pierre entre la fin des ann\u00e9es 1970 et 2005.<\/p>\n\n\n\n<p class=\"\">L\u2019une d\u2019entre elles \u00e9tait mineure (16-17 ans) au moment des premiers faits.<\/p>\n\n\n\n<p class=\"\">Selon le groupe Ega\u00e9, il est raisonnable de penser qu\u2019il y a d\u2019autres personnes concern\u00e9es, dans des proportions difficiles \u00e0 estimer. Nos organisations saluent le courage des personnes qui ont t\u00e9moign\u00e9 et permis, par leur parole, de mettre au jour ces r\u00e9alit\u00e9s.<\/p>\n\n\n\n<p class=\"\">Nous les croyons, nous savons que ces actes intol\u00e9rables ont laiss\u00e9 des traces et nous nous tenons \u00e0 leurs c\u00f4t\u00e9s.<\/p>\n\n\n\n<p class=\"\">Ces r\u00e9v\u00e9lations bouleversent nos structures, au sein desquelles la figure de l\u2019abb\u00e9 Pierre occupe une place majeure. Chacun d\u2019entre nous conna\u00eet son histoire et son message.<\/p>\n\n\n\n<p class=\"\">Ces agissements changent profond\u00e9ment le regard que nous portons sur un homme connu avant tout pour son combat contre la pauvret\u00e9, la mis\u00e8re et l\u2019exclusion.<\/p>\n\n\n\n<p class=\"\">\u00c0 l\u2019heure o\u00f9 l\u2019urgence sociale et la n\u00e9cessit\u00e9 de d\u00e9fendre les personnes les plus pr\u00e9caires se font ressentir avec une particuli\u00e8re acuit\u00e9, les missions exerc\u00e9es au quotidien par l\u2019ensemble des salari\u00e9s, des compagnes, compagnons et b\u00e9n\u00e9voles du Mouvement Emma\u00fcs, demeurent indispensables.<\/p>\n\n\n\n<p class=\"\">La solidarit\u00e9, l\u2019entraide et l\u2019accueil inconditionnel des plus d\u00e9munis constituent notre raison d\u2019\u00eatre.<\/p>\n\n\n\n<p class=\"\">Le Mouvement Emma\u00fcs combat toutes formes de violences et entend d\u00e9noncer les actes inacceptables commis par une personne qui a jou\u00e9 un grand r\u00f4le dans son histoire.<\/p>\n\n\n\n<p class=\"\">Nous le devons aux victimes. Nous le devons aussi \u00e0 toutes celles et ceux qui, depuis plus de 70 ans, portent au quotidien les actions du Mouvement.<\/p>\n\n\n\n<p class=\"\">Nous partageons leur peine et leur col\u00e8re, mais \u00e9galement leur d\u00e9termination \u00e0 continuer d\u2019\u0153uvrer, chaque jour, pour construire un monde plus juste et plus solidaire.<\/p>\n\n\n\n<p class=\"\">D\u00e8s aujourd\u2019hui, le Mouvement Emma\u00fcs met en place un dispositif de recueil de t\u00e9moignages, strictement confidentiel, s\u2019adressant aux personnes ayant \u00e9t\u00e9 victime ou t\u00e9moin de comportements inacceptables de la part de l\u2019abb\u00e9 Pierre.<\/p>\n\n\n\n<p class=\"\">G\u00e9r\u00e9 par le groupe Ega\u00e9, ce dispositif permettra aux personnes qui y auront recours d\u2019\u00eatre entendues, de mani\u00e8re anonyme si elles le souhaitent, orient\u00e9es et accompagn\u00e9es.\u00a0\u00bb<\/p>\n","protected":false},"excerpt":{"rendered":"<p>L\u2019Abb\u00e9 Pierre, le fondateur d\u2019Emma\u00fcs mort en 2007, est accus\u00e9 d\u2019agressions sexuelles sur des salari\u00e9es, des volontaires et b\u00e9n\u00e9voles du mouvement Emma\u00fcs, ou des jeunes femmes dans son entourage personnel. \u00abLe Mouvement Emma\u00fcs rend publics des faits qui peuvent s\u2019apparenter \u00e0 des agressions sexuelles ou du harc\u00e8lement sexuel, commis par l\u2019abb\u00e9 Pierre, entre la fin [&hellip;]<\/p>\n","protected":false},"author":2,"featured_media":28871,"comment_status":"open","ping_status":"open","sticky":false,"template":"","format":"standard","meta":{"_jetpack_memberships_contains_paid_content":false,"footnotes":"","jetpack_publicize_message":"","jetpack_publicize_feature_enabled":true,"jetpack_social_post_already_shared":true,"jetpack_social_options":{"image_generator_settings":{"template":"highway","enabled":true,"token":"eyJpbWciOiJodHRwczpcL1wvd3d3LmljZWFnZXR2LmNvbVwvcmFkaW9zaXRlXC93cC1jb250ZW50XC91cGxvYWRzXC8yMDI0XC8wN1wvUG91cnF1b2ktbEFiYmUtUGllcnJlLmpwZyIsInR4dCI6IlBvdXJxdW9pIGwmIzgyMTc7QWJiXHUwMGU5IFBpZXJyZSwgZFx1MDBlOWNcdTAwZTlkXHUwMGU5IGVuIDIwMDcsIGVzdC1pbCBhY2N1c1x1MDBlOSBhdWpvdXJkJiM4MjE3O2h1aSBkJiM4MjE3O2FncmVzc2lvbnMgc2V4dWVsbGVzIHN1ciBkZXMgc2FsYXJpXHUwMGU5ZXMsIGRlcyB2b2xvbnRhaXJlcyBldCBiXHUwMGU5blx1MDBlOXZvbGVzIGR1IG1vdXZlbWVudCBFbW1hXHUwMGZjcywgb3UgZGVzIGpldW5lcyBmZW1tZXMgZGFucyBzb24gZW50b3VyYWdlIHBlcnNvbm5lbFx1MDBhMCIsInRlbXBsYXRlIjoiaGlnaHdheSIsImJsb2dfaWQiOjExMTAxNjQ2MX0.Ki0HbvnqtcwBWMRZATJLu1v59hkegvIzlRM1IZWmdqkMQ"},"version":2},"_wpas_customize_per_network":false},"categories":[405],"tags":[],"class_list":["post-28870","post","type-post","status-publish","format-standard","has-post-thumbnail","hentry","category-actu-france-monde"],"jetpack_publicize_connections":[],"jetpack_featured_media_url":"https:\/\/i0.wp.com\/www.iceagetv.com\/radiosite\/wp-content\/uploads\/2024\/07\/Pourquoi-lAbbe-Pierre.jpg?fit=679%2C293&ssl=1","jetpack_sharing_enabled":true,"_links":{"self":[{"href":"https:\/\/www.iceagetv.com\/radiosite\/wp-json\/wp\/v2\/posts\/28870","targetHints":{"allow":["GET"]}}],"collection":[{"href":"https:\/\/www.iceagetv.com\/radiosite\/wp-json\/wp\/v2\/posts"}],"about":[{"href":"https:\/\/www.iceagetv.com\/radiosite\/wp-json\/wp\/v2\/types\/post"}],"author":[{"embeddable":true,"href":"https:\/\/www.iceagetv.com\/radiosite\/wp-json\/wp\/v2\/users\/2"}],"replies":[{"embeddable":true,"href":"https:\/\/www.iceagetv.com\/radiosite\/wp-json\/wp\/v2\/comments?post=28870"}],"version-history":[{"count":1,"href":"https:\/\/www.iceagetv.com\/radiosite\/wp-json\/wp\/v2\/posts\/28870\/revisions"}],"predecessor-version":[{"id":28872,"href":"https:\/\/www.iceagetv.com\/radiosite\/wp-json\/wp\/v2\/posts\/28870\/revisions\/28872"}],"wp:featuredmedia":[{"embeddable":true,"href":"https:\/\/www.iceagetv.com\/radiosite\/wp-json\/wp\/v2\/media\/28871"}],"wp:attachment":[{"href":"https:\/\/www.iceagetv.com\/radiosite\/wp-json\/wp\/v2\/media?parent=28870"}],"wp:term":[{"taxonomy":"category","embeddable":true,"href":"https:\/\/www.iceagetv.com\/radiosite\/wp-json\/wp\/v2\/categories?post=28870"},{"taxonomy":"post_tag","embeddable":true,"href":"https:\/\/www.iceagetv.com\/radiosite\/wp-json\/wp\/v2\/tags?post=28870"}],"curies":[{"name":"wp","href":"https:\/\/api.w.org\/{rel}","templated":true}]}}