{"id":28882,"date":"2024-07-18T06:42:22","date_gmt":"2024-07-18T06:42:22","guid":{"rendered":"https:\/\/www.iceagetv.com\/radiosite\/?p=28882"},"modified":"2024-07-18T06:42:22","modified_gmt":"2024-07-18T06:42:22","slug":"violent-incendie-dans-un-appartement-a-nice-la-pistecriminelle-privilegiee-au-moins-sept-personnes-dont-3-enfants-sont-decedees-une-autre-victime-est-en-urgence-absolue-et-deux-autres-en-ur","status":"publish","type":"post","link":"https:\/\/www.iceagetv.com\/radiosite\/violent-incendie-dans-un-appartement-a-nice-la-pistecriminelle-privilegiee-au-moins-sept-personnes-dont-3-enfants-sont-decedees-une-autre-victime-est-en-urgence-absolue-et-deux-autres-en-ur\/","title":{"rendered":"Violent incendie dans un appartement \u00e0 Nice: La piste\u00a0\u00bbcriminelle\u00a0\u00bb privil\u00e9gi\u00e9e &#8211; Au moins sept personnes, dont 3 enfants, sont d\u00e9c\u00e9d\u00e9es &#8211; Une autre victime est en urgence absolue et deux autres en urgence relative"},"content":{"rendered":"\n<p class=\"\"><strong>La piste\u00a0\u00bbcriminelle\u00a0\u00bb est privil\u00e9gi\u00e9e, annonce le procureur de la R\u00e9publique.\u00a0<\/strong>Une enqu\u00eate a \u00e9t\u00e9 ouverte pour incendie volontaire ayant entra\u00een\u00e9 la mort dans\u00a0<a href=\"https:\/\/www.francetvinfo.fr\/nice\/au-moins-sept-personnes-sont-mortes-dans-l-incendie-d-un-immeuble-a-nice-annoncent-les-pompiers_6672924.html\" target=\"_blank\" rel=\"noreferrer noopener\">l&rsquo;incendie meurtrier \u00e0 Nice<\/a>.\u00a0\u00ab\u00a0Le feu est parti dans la cage d&rsquo;escalier au milieu de la nuit, selon mes informations\u00a0\u00bb, ajoute Eric Ciotti sur RTL.<\/p>\n\n\n\n<p class=\"\"><strong>Selon un nouveau bilan, au moins 7 personnes sont d\u00e9c\u00e9d\u00e9es, dont 3 enfants. Une autre victime a \u00e9t\u00e9 transport\u00e9e en urgence absolue \u00e0 l&rsquo;h\u00f4pital, deux autres se trouvent en urgence relative.<\/strong><\/p>\n\n\n\n<p class=\"\">G\u00e9rald Darmanin indique: \u00ab\u00a0Cette nuit, \u00e0 Nice, un incendie a fait sept morts dont 3 jeunes enfants. L\u2019action rapide des sapeurs-pompiers a sans doute permis d\u2019\u00e9viter de nombreuses victimes suppl\u00e9mentaires. Les services de police feront la lumi\u00e8re sur les circonstances de ce drame \u00e9pouvantable\u00a0\u00bb<\/p>\n\n\n\n<p class=\"\">Cette nuit, un incendie s&rsquo;est d\u00e9clar\u00e9 au 7\u00e8me \u00e9tage d&rsquo;un immeuble du quartier des Moulins \u00e0 Nice.<\/p>\n\n\n\n<p class=\"\">Eric Ciotti, le maire de la ville, annonce que sept personnes sont mortes, dont un enfant.&nbsp;&nbsp;<\/p>\n\n\n\n<p class=\"\">Trois personnes ont \u00e9galement \u00e9t\u00e9 bless\u00e9es.<\/p>\n\n\n\n<p class=\"\">Et d&rsquo;ajouter qu&rsquo;une personne est en urgence absolue et trois autres ont \u00e9t\u00e9 intoxiqu\u00e9es.<\/p>\n\n\n\n<p class=\"\">Les circonstances de l&rsquo;incendie sont pour l&rsquo;heure encore inconnue.<\/p>\n","protected":false},"excerpt":{"rendered":"<p>La piste\u00a0\u00bbcriminelle\u00a0\u00bb est privil\u00e9gi\u00e9e, annonce le procureur de la R\u00e9publique.\u00a0Une enqu\u00eate a \u00e9t\u00e9 ouverte pour incendie volontaire ayant entra\u00een\u00e9 la mort dans\u00a0l&rsquo;incendie meurtrier \u00e0 Nice.\u00a0\u00ab\u00a0Le feu est parti dans la cage d&rsquo;escalier au milieu de la nuit, selon mes informations\u00a0\u00bb, ajoute Eric Ciotti sur RTL. Selon un nouveau bilan, au moins 7 personnes sont d\u00e9c\u00e9d\u00e9es, [&hellip;]<\/p>\n","protected":false},"author":2,"featured_media":28883,"comment_status":"open","ping_status":"open","sticky":false,"template":"","format":"standard","meta":{"_jetpack_memberships_contains_paid_content":false,"footnotes":"","jetpack_publicize_message":"","jetpack_publicize_feature_enabled":true,"jetpack_social_post_already_shared":false,"jetpack_social_options":{"image_generator_settings":{"template":"highway","enabled":true,"token":"eyJpbWciOiJodHRwczpcL1wvd3d3LmljZWFnZXR2LmNvbVwvcmFkaW9zaXRlXC93cC1jb250ZW50XC91cGxvYWRzXC8yMDI0XC8wN1wvakRVY0FwY0EuanBnIiwidHh0IjoiVmlvbGVudCBpbmNlbmRpZSBkYW5zIHVuIGFwcGFydGVtZW50IFx1MDBlMCBOaWNlOiBMYSBwaXN0ZSYjODIyMTtjcmltaW5lbGxlJiM4MjIxOyBwcml2aWxcdTAwZTlnaVx1MDBlOWUgJiM4MjExOyBBdSBtb2lucyBzZXB0IHBlcnNvbm5lcywgZG9udCAzIGVuZmFudHMsIHNvbnQgZFx1MDBlOWNcdTAwZTlkXHUwMGU5ZXMgJiM4MjExOyBVbmUgYXV0cmUgdmljdGltZSBlc3QgZW4gdXJnZW5jZSBhYnNvbHVlIGV0IGRldXggYXV0cmVzIGVuIHVyZ2VuY2UgcmVsYXRpdmUiLCJ0ZW1wbGF0ZSI6ImhpZ2h3YXkiLCJibG9nX2lkIjoxMTEwMTY0NjF9.DG-WoBBvQ-47cOhQK2ybRG0-5HsPY6q37qYr4aHBsC8MQ"},"version":2},"_wpas_customize_per_network":false},"categories":[405],"tags":[],"class_list":["post-28882","post","type-post","status-publish","format-standard","has-post-thumbnail","hentry","category-actu-france-monde"],"jetpack_publicize_connections":[],"jetpack_featured_media_url":"https:\/\/i0.wp.com\/www.iceagetv.com\/radiosite\/wp-content\/uploads\/2024\/07\/jDUcApcA.jpg?fit=679%2C293&ssl=1","jetpack_sharing_enabled":true,"_links":{"self":[{"href":"https:\/\/www.iceagetv.com\/radiosite\/wp-json\/wp\/v2\/posts\/28882","targetHints":{"allow":["GET"]}}],"collection":[{"href":"https:\/\/www.iceagetv.com\/radiosite\/wp-json\/wp\/v2\/posts"}],"about":[{"href":"https:\/\/www.iceagetv.com\/radiosite\/wp-json\/wp\/v2\/types\/post"}],"author":[{"embeddable":true,"href":"https:\/\/www.iceagetv.com\/radiosite\/wp-json\/wp\/v2\/users\/2"}],"replies":[{"embeddable":true,"href":"https:\/\/www.iceagetv.com\/radiosite\/wp-json\/wp\/v2\/comments?post=28882"}],"version-history":[{"count":1,"href":"https:\/\/www.iceagetv.com\/radiosite\/wp-json\/wp\/v2\/posts\/28882\/revisions"}],"predecessor-version":[{"id":28884,"href":"https:\/\/www.iceagetv.com\/radiosite\/wp-json\/wp\/v2\/posts\/28882\/revisions\/28884"}],"wp:featuredmedia":[{"embeddable":true,"href":"https:\/\/www.iceagetv.com\/radiosite\/wp-json\/wp\/v2\/media\/28883"}],"wp:attachment":[{"href":"https:\/\/www.iceagetv.com\/radiosite\/wp-json\/wp\/v2\/media?parent=28882"}],"wp:term":[{"taxonomy":"category","embeddable":true,"href":"https:\/\/www.iceagetv.com\/radiosite\/wp-json\/wp\/v2\/categories?post=28882"},{"taxonomy":"post_tag","embeddable":true,"href":"https:\/\/www.iceagetv.com\/radiosite\/wp-json\/wp\/v2\/tags?post=28882"}],"curies":[{"name":"wp","href":"https:\/\/api.w.org\/{rel}","templated":true}]}}