{"id":28925,"date":"2024-07-21T16:46:30","date_gmt":"2024-07-21T16:46:30","guid":{"rendered":"https:\/\/www.iceagetv.com\/radiosite\/?p=28925"},"modified":"2024-07-21T16:46:30","modified_gmt":"2024-07-21T16:46:30","slug":"israel-vaccine-ses-soldats-deployes-a-gaza-contre-la-polio","status":"publish","type":"post","link":"https:\/\/www.iceagetv.com\/radiosite\/israel-vaccine-ses-soldats-deployes-a-gaza-contre-la-polio\/","title":{"rendered":"Isra\u00ebl vaccine ses soldats d\u00e9ploy\u00e9s \u00e0 Gaza contre la polio"},"content":{"rendered":"\n<p class=\"\">La souche d\u00e9couverte est actuellement end\u00e9mique au Pakistan et en&nbsp;<a href=\"https:\/\/www.dw.com\/es\/afganist%C3%A1n\/t-17411602\">Afghanistan<\/a>&nbsp;. La poliomy\u00e9lite est une maladie tr\u00e8s contagieuse provoqu\u00e9e par un virus qui attaque la moelle \u00e9pini\u00e8re et peut provoquer une paralysie irr\u00e9versible.&nbsp;<\/p>\n\n\n\n<p class=\"\">\u00ab\u00a0L&rsquo;arm\u00e9e isra\u00e9lienne a d\u00e9cid\u00e9, en coordination avec le minist\u00e8re de la Sant\u00e9, que les troupes op\u00e9rant dans la zone devaient \u00eatre vaccin\u00e9es contre le virus\u00a0\u00bb, a indiqu\u00e9 l&rsquo;arm\u00e9e isra\u00e9lienne dans un communiqu\u00e9. La campagne a d\u00e9j\u00e0 commenc\u00e9 et concerne \u00e9galement les r\u00e9servistes, mais la vaccination ne sera pas obligatoire.<\/p>\n\n\n\n<p class=\"\">L&rsquo;arm\u00e9e isra\u00e9lienne n&rsquo;a pas souhait\u00e9 pr\u00e9ciser combien de soldats elle a d\u00e9ploy\u00e9s \u00e0&nbsp;<a href=\"https:\/\/www.dw.com\/es\/franja-de-gaza\/t-67111647\">Gaza<\/a>&nbsp;, pour des raisons de s\u00e9curit\u00e9. Il a \u00e9galement d\u00e9clar\u00e9 qu&rsquo;il \u00ab\u00a0travaillait\u00a0\u00bb pour amener les vaccins contre la polio dans l&rsquo;enclave, destin\u00e9e \u00e0 \u00ab\u00a0la population\u00a0\u00bb du territoire palestinien, d&rsquo;environ 2,4 millions d&rsquo;habitants.<\/p>\n\n\n\n<p class=\"\">Pour l&rsquo;instant, aucun cas de poliom\u00e9lite n&rsquo;a \u00e9t\u00e9 d\u00e9tect\u00e9 chez l&rsquo;homme, mais \u00ab\u00a0cette d\u00e9couverte est extr\u00eamement pr\u00e9occupante\u00a0\u00bb, a d\u00e9clar\u00e9 vendredi&nbsp;le porte-parole de&nbsp;<a href=\"https:\/\/www.dw.com\/es\/oms\/t-36416658\">l&rsquo;Organisation mondiale de la sant\u00e9 (OMS), Christian Lindmeier.<\/a><\/p>\n","protected":false},"excerpt":{"rendered":"<p>La souche d\u00e9couverte est actuellement end\u00e9mique au Pakistan et en&nbsp;Afghanistan&nbsp;. La poliomy\u00e9lite est une maladie tr\u00e8s contagieuse provoqu\u00e9e par un virus qui attaque la moelle \u00e9pini\u00e8re et peut provoquer une paralysie irr\u00e9versible.&nbsp; \u00ab\u00a0L&rsquo;arm\u00e9e isra\u00e9lienne a d\u00e9cid\u00e9, en coordination avec le minist\u00e8re de la Sant\u00e9, que les troupes op\u00e9rant dans la zone devaient \u00eatre vaccin\u00e9es contre [&hellip;]<\/p>\n","protected":false},"author":2,"featured_media":28926,"comment_status":"open","ping_status":"open","sticky":false,"template":"","format":"standard","meta":{"_jetpack_memberships_contains_paid_content":false,"footnotes":"","jetpack_publicize_message":"","jetpack_publicize_feature_enabled":true,"jetpack_social_post_already_shared":true,"jetpack_social_options":{"image_generator_settings":{"template":"highway","enabled":true,"token":"eyJpbWciOiJodHRwczpcL1wvd3d3LmljZWFnZXR2LmNvbVwvcmFkaW9zaXRlXC93cC1jb250ZW50XC91cGxvYWRzXC8yMDI0XC8wN1wvSXNyYWVsLXZhY2NpbmUtc2VzLXNvbGRhdHMtZGVwbG95ZXMtYS1HYXphLWNvbnRyZS1sYS1wb2xpby5qcGciLCJ0eHQiOiJJc3JhXHUwMGVibCB2YWNjaW5lIHNlcyBzb2xkYXRzIGRcdTAwZTlwbG95XHUwMGU5cyBcdTAwZTAgR2F6YSBjb250cmUgbGEgcG9saW8iLCJ0ZW1wbGF0ZSI6ImhpZ2h3YXkiLCJibG9nX2lkIjoxMTEwMTY0NjF9.lRvCIFdKQjtvL32YRbTrtySSJPykKSHqWUs_l8HeNXMMQ"},"version":2},"_wpas_customize_per_network":false},"categories":[405],"tags":[],"class_list":["post-28925","post","type-post","status-publish","format-standard","has-post-thumbnail","hentry","category-actu-france-monde"],"jetpack_publicize_connections":[],"jetpack_featured_media_url":"https:\/\/i0.wp.com\/www.iceagetv.com\/radiosite\/wp-content\/uploads\/2024\/07\/Israel-vaccine-ses-soldats-deployes-a-Gaza-contre-la-polio.jpg?fit=994%2C455&ssl=1","jetpack_sharing_enabled":true,"_links":{"self":[{"href":"https:\/\/www.iceagetv.com\/radiosite\/wp-json\/wp\/v2\/posts\/28925","targetHints":{"allow":["GET"]}}],"collection":[{"href":"https:\/\/www.iceagetv.com\/radiosite\/wp-json\/wp\/v2\/posts"}],"about":[{"href":"https:\/\/www.iceagetv.com\/radiosite\/wp-json\/wp\/v2\/types\/post"}],"author":[{"embeddable":true,"href":"https:\/\/www.iceagetv.com\/radiosite\/wp-json\/wp\/v2\/users\/2"}],"replies":[{"embeddable":true,"href":"https:\/\/www.iceagetv.com\/radiosite\/wp-json\/wp\/v2\/comments?post=28925"}],"version-history":[{"count":1,"href":"https:\/\/www.iceagetv.com\/radiosite\/wp-json\/wp\/v2\/posts\/28925\/revisions"}],"predecessor-version":[{"id":28927,"href":"https:\/\/www.iceagetv.com\/radiosite\/wp-json\/wp\/v2\/posts\/28925\/revisions\/28927"}],"wp:featuredmedia":[{"embeddable":true,"href":"https:\/\/www.iceagetv.com\/radiosite\/wp-json\/wp\/v2\/media\/28926"}],"wp:attachment":[{"href":"https:\/\/www.iceagetv.com\/radiosite\/wp-json\/wp\/v2\/media?parent=28925"}],"wp:term":[{"taxonomy":"category","embeddable":true,"href":"https:\/\/www.iceagetv.com\/radiosite\/wp-json\/wp\/v2\/categories?post=28925"},{"taxonomy":"post_tag","embeddable":true,"href":"https:\/\/www.iceagetv.com\/radiosite\/wp-json\/wp\/v2\/tags?post=28925"}],"curies":[{"name":"wp","href":"https:\/\/api.w.org\/{rel}","templated":true}]}}