{"id":28938,"date":"2024-07-22T12:24:10","date_gmt":"2024-07-22T12:24:10","guid":{"rendered":"https:\/\/www.iceagetv.com\/radiosite\/?p=28938"},"modified":"2024-07-22T12:24:10","modified_gmt":"2024-07-22T12:24:10","slug":"incendie-mortel-a-nice-un-suspect-arrete-en-region-parisienne","status":"publish","type":"post","link":"https:\/\/www.iceagetv.com\/radiosite\/incendie-mortel-a-nice-un-suspect-arrete-en-region-parisienne\/","title":{"rendered":"Incendie mortel \u00e0 Nice\u00a0: Un suspect arr\u00eat\u00e9 en r\u00e9gion parisienne"},"content":{"rendered":"\n<p class=\"\">Un homme soup\u00e7onn\u00e9 d\u2019avoir \u00e9t\u00e9 l\u2019un des trois auteurs de&nbsp;<a href=\"https:\/\/www.20minutes.fr\/faits_divers\/faits-divers-nice\/4101918-20240718-nice-piste-criminelle-famille-sait-incendie-cause-mort-sept-personnes\">l\u2019incendie criminel&nbsp;<\/a>qui a fait sept morts la semaine derni\u00e8re \u00e0&nbsp;<a href=\"https:\/\/www.20minutes.fr\/nice\/\">Nice&nbsp;<\/a>a \u00e9t\u00e9 arr\u00eat\u00e9 dimanche en Seine-Saint-Denis. Il a \u00e9galement plac\u00e9 en garde \u00e0 vue, a-t-on appris lundi de source proche de l\u2019enqu\u00eate,&nbsp;<a href=\"https:\/\/www.bfmtv.com\/cote-d-azur\/info-bfmtv-incendie-mortel-a-nice-un-homme-suspecte-d-etre-l-un-des-incendiaires-interpelle_AN-202407220297.html\" rel=\"noreferrer noopener\" target=\"_blank\">confirmant une information de BFMTV<\/a>.<\/p>\n\n\n\n<p class=\"\">Le procureur de la R\u00e9publique de Nice, Damien Martinelli, a pour sa part confirm\u00e9 \u00ab\u00a0une interpellation\u00a0\u00bb, sans plus de pr\u00e9cision dans l\u2019imm\u00e9diat. Il devait tenir un point presse lundi \u00e0 17 heures au palais de justice.<\/p>\n\n\n\n<h2 class=\"wp-block-heading\">Les victimes sont toutes de la m\u00eame famille<\/h2>\n\n\n\n<p class=\"\">Une autre personne avait \u00e9t\u00e9 arr\u00eat\u00e9e et plac\u00e9e en garde \u00e0 vue en fin de semaine derni\u00e8re, suspect\u00e9e d\u2019\u00eatre un proche de l\u2019un des incendiaires recherch\u00e9s. Les images de cam\u00e9ras de vid\u00e9osurveillance&nbsp;<a href=\"https:\/\/www.20minutes.fr\/faits_divers\/4101966-20240718-incendie-nice-trois-individus-recherches-annonce-gabriel-attal\">avaient r\u00e9v\u00e9l\u00e9 la pr\u00e9sence de trois individus<\/a>&nbsp;qui \u00e9taient rentr\u00e9s dans l\u2019immeuble avant le d\u00e9part de feu et ressortis juste apr\u00e8s.<\/p>\n\n\n\n<p class=\"\">Toutes les victimes sont de la m\u00eame famille. Elles sont originaires des Comores. Trois enfants, \u00e2g\u00e9s de 5, 7 et 10 ans, un adolescent et trois adultes sont morts. Six ont p\u00e9ri dans les flammes. La septi\u00e8me victime est morte apr\u00e8s s\u2019\u00eatre d\u00e9fenestr\u00e9e.<\/p>\n","protected":false},"excerpt":{"rendered":"<p>Un homme soup\u00e7onn\u00e9 d\u2019avoir \u00e9t\u00e9 l\u2019un des trois auteurs de&nbsp;l\u2019incendie criminel&nbsp;qui a fait sept morts la semaine derni\u00e8re \u00e0&nbsp;Nice&nbsp;a \u00e9t\u00e9 arr\u00eat\u00e9 dimanche en Seine-Saint-Denis. Il a \u00e9galement plac\u00e9 en garde \u00e0 vue, a-t-on appris lundi de source proche de l\u2019enqu\u00eate,&nbsp;confirmant une information de BFMTV. Le procureur de la R\u00e9publique de Nice, Damien Martinelli, a pour [&hellip;]<\/p>\n","protected":false},"author":2,"featured_media":28939,"comment_status":"open","ping_status":"open","sticky":false,"template":"","format":"standard","meta":{"_jetpack_memberships_contains_paid_content":false,"footnotes":"","jetpack_publicize_message":"","jetpack_publicize_feature_enabled":true,"jetpack_social_post_already_shared":true,"jetpack_social_options":{"image_generator_settings":{"template":"highway","enabled":true,"token":"eyJpbWciOiJodHRwczpcL1wvd3d3LmljZWFnZXR2LmNvbVwvcmFkaW9zaXRlXC93cC1jb250ZW50XC91cGxvYWRzXC8yMDI0XC8wN1wvU2NyZWVuc2hvdF8yMDI0MDcyMl8xNDIzMTQtMTAyNHg2ODIuanBnIiwidHh0IjoiSW5jZW5kaWUgbW9ydGVsIFx1MDBlMCBOaWNlXHUwMGEwOiBVbiBzdXNwZWN0IGFyclx1MDBlYXRcdTAwZTkgZW4gclx1MDBlOWdpb24gcGFyaXNpZW5uZSIsInRlbXBsYXRlIjoiaGlnaHdheSIsImJsb2dfaWQiOjExMTAxNjQ2MX0.MUSlJuQi2H9UwWVb6Da-VgKH5ivmbRlFYpVbNNW4lR4MQ"},"version":2},"_wpas_customize_per_network":false},"categories":[405],"tags":[],"class_list":["post-28938","post","type-post","status-publish","format-standard","has-post-thumbnail","hentry","category-actu-france-monde"],"jetpack_publicize_connections":[],"jetpack_featured_media_url":"https:\/\/i0.wp.com\/www.iceagetv.com\/radiosite\/wp-content\/uploads\/2024\/07\/Screenshot_20240722_142314.jpg?fit=1080%2C719&ssl=1","jetpack_sharing_enabled":true,"_links":{"self":[{"href":"https:\/\/www.iceagetv.com\/radiosite\/wp-json\/wp\/v2\/posts\/28938","targetHints":{"allow":["GET"]}}],"collection":[{"href":"https:\/\/www.iceagetv.com\/radiosite\/wp-json\/wp\/v2\/posts"}],"about":[{"href":"https:\/\/www.iceagetv.com\/radiosite\/wp-json\/wp\/v2\/types\/post"}],"author":[{"embeddable":true,"href":"https:\/\/www.iceagetv.com\/radiosite\/wp-json\/wp\/v2\/users\/2"}],"replies":[{"embeddable":true,"href":"https:\/\/www.iceagetv.com\/radiosite\/wp-json\/wp\/v2\/comments?post=28938"}],"version-history":[{"count":1,"href":"https:\/\/www.iceagetv.com\/radiosite\/wp-json\/wp\/v2\/posts\/28938\/revisions"}],"predecessor-version":[{"id":28940,"href":"https:\/\/www.iceagetv.com\/radiosite\/wp-json\/wp\/v2\/posts\/28938\/revisions\/28940"}],"wp:featuredmedia":[{"embeddable":true,"href":"https:\/\/www.iceagetv.com\/radiosite\/wp-json\/wp\/v2\/media\/28939"}],"wp:attachment":[{"href":"https:\/\/www.iceagetv.com\/radiosite\/wp-json\/wp\/v2\/media?parent=28938"}],"wp:term":[{"taxonomy":"category","embeddable":true,"href":"https:\/\/www.iceagetv.com\/radiosite\/wp-json\/wp\/v2\/categories?post=28938"},{"taxonomy":"post_tag","embeddable":true,"href":"https:\/\/www.iceagetv.com\/radiosite\/wp-json\/wp\/v2\/tags?post=28938"}],"curies":[{"name":"wp","href":"https:\/\/api.w.org\/{rel}","templated":true}]}}