{"id":28957,"date":"2024-07-23T18:40:34","date_gmt":"2024-07-23T18:40:34","guid":{"rendered":"https:\/\/www.iceagetv.com\/radiosite\/?p=28957"},"modified":"2024-07-23T18:40:34","modified_gmt":"2024-07-23T18:40:34","slug":"emmanuel-macron-estime-que-le-nouveau-front-populaire-na-aucune-majorite-et-il-evacue-la-possibilite-de-nommer-lucie-castets-designee-ce-soir-par-la-gauche-pas-de-gouvernement-avant-mi-aout","status":"publish","type":"post","link":"https:\/\/www.iceagetv.com\/radiosite\/emmanuel-macron-estime-que-le-nouveau-front-populaire-na-aucune-majorite-et-il-evacue-la-possibilite-de-nommer-lucie-castets-designee-ce-soir-par-la-gauche-pas-de-gouvernement-avant-mi-aout\/","title":{"rendered":"Emmanuel Macron estime que le \u00ab\u00a0Nouveau Front Populaire n&rsquo;a aucune majorit\u00e9\u00a0\u00bb et il \u00e9vacue la possibilit\u00e9 de nommer Lucie Castets, d\u00e9sign\u00e9e ce soir par la gauche &#8211; \u00ab\u00a0Pas de gouvernement avant mi-ao\u00fbt\u00a0\u00bb"},"content":{"rendered":"\n<p class=\"\">Emmanuel Macron poursuit au sujet de l&rsquo;\u00e9lection du pr\u00e9sident de l&rsquo;Assembl\u00e9e Nationale:&nbsp;\u00abLa clarification de la fin de la semaine derni\u00e8re est assez simple\u00bb.&nbsp;\u00abLe NFP a eu un candidat et il n\u2019a \u00e9t\u00e9 pas \u00e9t\u00e9 \u00e9lu (pr\u00e9sident de l\u2019Assembl\u00e9e nationale). Le parti qui est arriv\u00e9 en t\u00eate lors de ces l\u00e9gislatives c\u2019est le Rassemblement national\u00bb, a-t-il insist\u00e9.<\/p>\n\n\n\n<p class=\"\">\u00ab\u00a0La question n&rsquo;est pas un nom, c&rsquo;est quelle majorit\u00e9 peut se d\u00e9gager \u00e0 l&rsquo;Assembl\u00e9e pour qu&rsquo;un gouvernement de la France puisse passer des r\u00e9formes, passer un budget et faire avancer le pays. Ce que j&rsquo;attends aujourd&rsquo;hui des forces politiques, c&rsquo;est qu&rsquo;elles soient \u00e0 la hauteur de ce qu&rsquo;elles ont fait pendant l&rsquo;entre-deux tous.\u00a0\u00bb<\/p>\n\n\n\n<p class=\"\"><strong>\u00abAucun parti ne peut appliquer son programme, ni le NFP, ni la majorit\u00e9 pr\u00e9sidentielle ni la droite r\u00e9publicaine. Il va falloir savoir faire des compromis\u00bb, a-t-il assur\u00e9, ajoutant que le Nouveau Front populaire n&rsquo;a pas de&nbsp;\u00abmajorit\u00e9 quelle qu&rsquo;elle soit\u00bb.<\/strong><\/p>\n\n\n\n<p class=\"\">Egalement, Emmanuel Macron a repouss\u00e9 tout changement gouvernemental \u00e0&nbsp;\u00abla mi-aout\u00bb,&nbsp;\u00abd\u00e8s qu\u2019on le pourra\u00bb&nbsp;apr\u00e8s les Jeux olympiques.&nbsp;\u00ab\u00a0J&rsquo;ai choisi la stabilit\u00e9 avec des ministres qui ont eu un engagement remarquable\u00a0\u00bb, a-t-il rappel\u00e9 , pr\u00e9cisant qu&rsquo;il n\u2019est pas \u00ab\u00a0en mesure actuellement de changer les choses.\u00a0\u00bb<\/p>\n\n\n\n<p class=\"\">\u00ab\u00a0De mani\u00e8re \u00e9vidente, jusqu&rsquo;\u00e0 la mi-ao\u00fbt, on doit \u00eatre concentr\u00e9s sur les Jeux. Et puis \u00e0 partir de l\u00e0, en fonction de l&rsquo;avanc\u00e9e de ces discussions, ce sera ma responsabilit\u00e9 de nommer un Premier ministre ou une Premi\u00e8re ministre et lui confier la t\u00e2che de constituer un gouvernement et d&rsquo;avoir le rassemblement le plus large qui lui permette d&rsquo;agir et d&rsquo;avoir la stabilit\u00e9.\u00a0\u00bb<\/p>\n\n\n\n<p class=\"\">\u00ab\u00a0Les Fran\u00e7ais nous ont dit : on a besoin d&rsquo;avoir une r\u00e9ponse plus ferme sur les questions de s\u00e9curit\u00e9 et de justice. De l&rsquo;autre c\u00f4t\u00e9, ils nous ont aussi dit &lsquo;on a un probl\u00e8me d&rsquo;acc\u00e8s aux services publics&rsquo; (&#8230;) Il faut entendre ce que les Fran\u00e7ais nous ont dit sur plus de fermet\u00e9, plus de s\u00e9curit\u00e9, et plus de justice, plus de simplicit\u00e9 d\u00e9bureaucratis\u00e9e et mieux vivre de son travail.\u00a0\u00bb<\/p>\n\n\n\n<p class=\"\"><strong>Emmanuel Macron a \u00e9galement \u00e9cart\u00e9 l\u2019hypoth\u00e8se de sa d\u00e9mission, se disant fid\u00e8le au\u00a0\u00abmandat que les Fran\u00e7ais (lui) ont confi\u00e9\u00bb.<\/strong><\/p>\n\n\n\n<p class=\"\"><strong>&nbsp;<\/strong><strong>Invit\u00e9 du \u00ab20 heures\u00bb de France 2, Emmanuel est revenu sur la dissolution qu\u2019il a actionn\u00e9e dans la foul\u00e9e des europ\u00e9ennes.&nbsp;\u00abL\u2019Assembl\u00e9e nationale ne correspondait plus \u00e0 la soci\u00e9t\u00e9 fran\u00e7aise\u00bb, a indiqu\u00e9 Emmanuel Macron, qui dit&nbsp;\u00abavoir pris ses responsabilit\u00e9s\u00bb&nbsp;avec&nbsp;\u00abbeaucoup de gravit\u00e9\u00bb.&nbsp;<\/strong><\/p>\n\n\n\n<p class=\"\"><strong>Et d&rsquo;ajouter:&nbsp;\u00abLes Fran\u00e7ais ont plac\u00e9 le RN en t\u00eate, on doit l\u2019entendre et le respecter\u00bb, a&nbsp;fait valoir le chef de l\u2019\u00c9tat. Alors que 11 millions d\u2019\u00e9lecteurs ont vot\u00e9 au premier tour pour le parti nationaliste, l\u2019absence du RN au bureau de l\u2019Assembl\u00e9e nationale&nbsp;\u00abn\u2019est pas une bonne chose\u00bb.<\/strong><\/p>\n","protected":false},"excerpt":{"rendered":"<p>Emmanuel Macron poursuit au sujet de l&rsquo;\u00e9lection du pr\u00e9sident de l&rsquo;Assembl\u00e9e Nationale:&nbsp;\u00abLa clarification de la fin de la semaine derni\u00e8re est assez simple\u00bb.&nbsp;\u00abLe NFP a eu un candidat et il n\u2019a \u00e9t\u00e9 pas \u00e9t\u00e9 \u00e9lu (pr\u00e9sident de l\u2019Assembl\u00e9e nationale). Le parti qui est arriv\u00e9 en t\u00eate lors de ces l\u00e9gislatives c\u2019est le Rassemblement national\u00bb, a-t-il [&hellip;]<\/p>\n","protected":false},"author":2,"featured_media":28958,"comment_status":"open","ping_status":"open","sticky":false,"template":"","format":"standard","meta":{"_jetpack_memberships_contains_paid_content":false,"footnotes":"","jetpack_publicize_message":"","jetpack_publicize_feature_enabled":true,"jetpack_social_post_already_shared":true,"jetpack_social_options":{"image_generator_settings":{"template":"highway","enabled":true,"token":"eyJpbWciOiJodHRwczpcL1wvd3d3LmljZWFnZXR2LmNvbVwvcmFkaW9zaXRlXC93cC1jb250ZW50XC91cGxvYWRzXC8yMDI0XC8wN1wvQTROWFE0VU4uanBnIiwidHh0IjoiRW1tYW51ZWwgTWFjcm9uIGVzdGltZSBxdWUgbGUgJiM4MjIwO05vdXZlYXUgRnJvbnQgUG9wdWxhaXJlIG4mIzgyMTc7YSBhdWN1bmUgbWFqb3JpdFx1MDBlOSYjODIyMTsgZXQgaWwgXHUwMGU5dmFjdWUgbGEgcG9zc2liaWxpdFx1MDBlOSBkZSBub21tZXIgTHVjaWUgQ2FzdGV0cywgZFx1MDBlOXNpZ25cdTAwZTllIGNlIHNvaXIgcGFyIGxhIGdhdWNoZSAmIzgyMTE7ICYjODIyMDtQYXMgZGUgZ291dmVybmVtZW50IGF2YW50IG1pLWFvXHUwMGZidCYjODIyMTsiLCJ0ZW1wbGF0ZSI6ImhpZ2h3YXkiLCJibG9nX2lkIjoxMTEwMTY0NjF9.Vozr4Cje8l2S1-De8fvCL5xqru8pIjdaR-RzA4vaRNAMQ"},"version":2},"_wpas_customize_per_network":false},"categories":[405],"tags":[],"class_list":["post-28957","post","type-post","status-publish","format-standard","has-post-thumbnail","hentry","category-actu-france-monde"],"jetpack_publicize_connections":[],"jetpack_featured_media_url":"https:\/\/i0.wp.com\/www.iceagetv.com\/radiosite\/wp-content\/uploads\/2024\/07\/A4NXQ4UN.jpg?fit=679%2C293&ssl=1","jetpack_sharing_enabled":true,"_links":{"self":[{"href":"https:\/\/www.iceagetv.com\/radiosite\/wp-json\/wp\/v2\/posts\/28957","targetHints":{"allow":["GET"]}}],"collection":[{"href":"https:\/\/www.iceagetv.com\/radiosite\/wp-json\/wp\/v2\/posts"}],"about":[{"href":"https:\/\/www.iceagetv.com\/radiosite\/wp-json\/wp\/v2\/types\/post"}],"author":[{"embeddable":true,"href":"https:\/\/www.iceagetv.com\/radiosite\/wp-json\/wp\/v2\/users\/2"}],"replies":[{"embeddable":true,"href":"https:\/\/www.iceagetv.com\/radiosite\/wp-json\/wp\/v2\/comments?post=28957"}],"version-history":[{"count":1,"href":"https:\/\/www.iceagetv.com\/radiosite\/wp-json\/wp\/v2\/posts\/28957\/revisions"}],"predecessor-version":[{"id":28959,"href":"https:\/\/www.iceagetv.com\/radiosite\/wp-json\/wp\/v2\/posts\/28957\/revisions\/28959"}],"wp:featuredmedia":[{"embeddable":true,"href":"https:\/\/www.iceagetv.com\/radiosite\/wp-json\/wp\/v2\/media\/28958"}],"wp:attachment":[{"href":"https:\/\/www.iceagetv.com\/radiosite\/wp-json\/wp\/v2\/media?parent=28957"}],"wp:term":[{"taxonomy":"category","embeddable":true,"href":"https:\/\/www.iceagetv.com\/radiosite\/wp-json\/wp\/v2\/categories?post=28957"},{"taxonomy":"post_tag","embeddable":true,"href":"https:\/\/www.iceagetv.com\/radiosite\/wp-json\/wp\/v2\/tags?post=28957"}],"curies":[{"name":"wp","href":"https:\/\/api.w.org\/{rel}","templated":true}]}}