{"id":28971,"date":"2024-07-24T11:18:21","date_gmt":"2024-07-24T11:18:21","guid":{"rendered":"https:\/\/www.iceagetv.com\/radiosite\/?p=28971"},"modified":"2024-07-24T11:18:21","modified_gmt":"2024-07-24T11:18:21","slug":"incendie-tragique-a-nice-qui-a-fait-sept-personnes-dont-trois-jeunes-enfants-et-un-adolescent-une-troisieme-personnes-interpellee-et-placee-en-garde-a-vue","status":"publish","type":"post","link":"https:\/\/www.iceagetv.com\/radiosite\/incendie-tragique-a-nice-qui-a-fait-sept-personnes-dont-trois-jeunes-enfants-et-un-adolescent-une-troisieme-personnes-interpellee-et-placee-en-garde-a-vue\/","title":{"rendered":"Incendie tragique \u00e0 Nice qui a fait sept personnes, dont trois jeunes enfants et un adolescent: Une troisi\u00e8me personnes interpell\u00e9e et plac\u00e9e en garde \u00e0 vue"},"content":{"rendered":"\n<p class=\"\">Une troisi\u00e8me personne a \u00e9t\u00e9 interpell\u00e9e et plac\u00e9e en garde \u00e0 vue dans l&rsquo;affaire de l&rsquo;incendie mortel d&rsquo;un immeuble survenu \u00e0 Nice il y a une semaine, a appris CNEWS ce mercredi aupr\u00e8s du procureur.<\/p>\n\n\n\n<p class=\"\">Cet individu fait partie des suspects recherch\u00e9s par les autorit\u00e9s.<\/p>\n\n\n\n<p class=\"\">La piste d&rsquo;un mobile li\u00e9 aux trafics de drogues se confirme dans l&rsquo;enqu\u00eate sur l&rsquo;incendie volontaire qui a fait sept morts la semaine derni\u00e8re dans un immeuble \u00e0 Nice (sud-est), avait indiqu\u00e9 le procureur de la ville en d\u00e9but de semaine.<\/p>\n\n\n\n<p class=\"\">Evoquant le mobile, le procureur a indiqu\u00e9 que \u00ab la piste d&rsquo;un conflit sur fond de trafics de stup\u00e9fiants se confirme \u00bb, pour \u00ab le contr\u00f4le d&rsquo;un point de vente situ\u00e9 \u00e0 proximit\u00e9 \u00bb. Le quartier populaire des Moulins, \u00e0 l&rsquo;ouest de Nice, est gangr\u00e9n\u00e9 par les trafics de drogue et a connu de nombreux \u00e9pisodes de violences en lien avec une lutte pour le contr\u00f4le de points de \u00ab deal \u00bb.<\/p>\n\n\n\n<p class=\"\">M. Martinelli a soulign\u00e9 que les sept victimes, toutes pr\u00e9sentes dans le m\u00eame appartement au 7\u00e8me \u00e9tage, n&rsquo;\u00e9taient \u00ab en aucune mani\u00e8re concern\u00e9es directement ou indirectement \u00bb par ces trafics. Il s&rsquo;agit de trois enfants de cinq, sept et 10 ans, d&rsquo;un adolescent de 17 ans, de deux femmes de 22 et 46 ans, et d&rsquo;un homme de 45 ans qui s&rsquo;est d\u00e9fenestr\u00e9 pour \u00e9chapper aux flammes.<\/p>\n\n\n\n<p class=\"\">Le nombre de victimes dans un seul et m\u00eame appartement s&rsquo;explique notamment par la violence de l&rsquo;incendie, favoris\u00e9e par un \u00ab produit acc\u00e9l\u00e9rant \u00bb dont des traces ont \u00e9t\u00e9 retrouv\u00e9es \u00ab en quantit\u00e9s significatives \u00bb aux foyers allum\u00e9s aux 1er, 2\u00e8me et 3\u00e8me \u00e9tages. Un \u00ab effet chemin\u00e9e \u00bb ajout\u00e9 \u00e0 un \u00ab appel d&rsquo;air \u00bb au 7\u00e8me \u00e9tage ont contribu\u00e9 au drame qui a frapp\u00e9 une m\u00eame famille d&rsquo;origine comorienne.<\/p>\n\n\n\n<p class=\"\">Les enqu\u00eateurs, qui disposaient de nombreuses images de vid\u00e9osurveillance, ont d\u00e8s jeudi plac\u00e9 en garde \u00e0 vue un premier suspect, interpell\u00e9 \u00e0 Nice. Il a de lui-m\u00eame contact\u00e9 la police via un avocat, assurant avoir \u00e9t\u00e9 \u00ab contraint \u00bb de conduire le v\u00e9hicule ayant amen\u00e9 les incendiaires au quartier des Moulins.<\/p>\n\n\n\n<p class=\"\">Les enqu\u00eateurs ont identifi\u00e9 au total cinq hommes, \u00e2g\u00e9s de 17 \u00e0 25 ans, dont trois, entr\u00e9s par effraction dans l&rsquo;immeuble, sont suspect\u00e9s d&rsquo;avoir allum\u00e9 l&rsquo;incendie. Dimanche, un des incendiaires pr\u00e9sum\u00e9s, \u00e2g\u00e9 de 21 ans et r\u00e9sidant en r\u00e9gion parisienne, a \u00e9t\u00e9 arr\u00eat\u00e9 pr\u00e8s de Paris. Il pr\u00e9sentait des blessures aux jambes pouvant \u00eatre des br\u00fblures, a pr\u00e9cis\u00e9 le procureur.<\/p>\n\n\n\n<p class=\"\">Les trois recherch\u00e9s sont un homme de 23 ans, domicili\u00e9 dans la r\u00e9gion de Nice, et deux de 17 et 18 ans, r\u00e9sidant en r\u00e9gion parisienne.<\/p>\n\n\n\n<p class=\"\">Le procureur a indiqu\u00e9 avoir requis l\u2019ouverture d&rsquo;une information judiciaire pour \u00ab destruction volontaire par incendie en bande organis\u00e9e ayant entra\u00een\u00e9 la mort \u00bb et \u00ab association de malfaiteurs \u00bb, notamment \u00ab en vue de d\u00e9tention, transport, acquisition, offre ou cession de stup\u00e9fiants \u00bb. Les peines encourues vont jusqu&rsquo;\u00e0 la prison \u00e0 perp\u00e9tuit\u00e9.<\/p>\n","protected":false},"excerpt":{"rendered":"<p>Une troisi\u00e8me personne a \u00e9t\u00e9 interpell\u00e9e et plac\u00e9e en garde \u00e0 vue dans l&rsquo;affaire de l&rsquo;incendie mortel d&rsquo;un immeuble survenu \u00e0 Nice il y a une semaine, a appris CNEWS ce mercredi aupr\u00e8s du procureur. Cet individu fait partie des suspects recherch\u00e9s par les autorit\u00e9s. La piste d&rsquo;un mobile li\u00e9 aux trafics de drogues se [&hellip;]<\/p>\n","protected":false},"author":2,"featured_media":28972,"comment_status":"open","ping_status":"open","sticky":false,"template":"","format":"standard","meta":{"_jetpack_memberships_contains_paid_content":false,"footnotes":"","jetpack_publicize_message":"","jetpack_publicize_feature_enabled":true,"jetpack_social_post_already_shared":true,"jetpack_social_options":{"image_generator_settings":{"template":"highway","enabled":true,"token":"eyJpbWciOiJodHRwczpcL1wvd3d3LmljZWFnZXR2LmNvbVwvcmFkaW9zaXRlXC93cC1jb250ZW50XC91cGxvYWRzXC8yMDI0XC8wN1wvSW5jZW5kaWUtdHJhZ2lxdWUtYS1OaWNlLXF1aS1hLWZhaXQtc2VwdC1wZXJzb25uZXMuanBnIiwidHh0IjoiSW5jZW5kaWUgdHJhZ2lxdWUgXHUwMGUwIE5pY2UgcXVpIGEgZmFpdCBzZXB0IHBlcnNvbm5lcywgZG9udCB0cm9pcyBqZXVuZXMgZW5mYW50cyBldCB1biBhZG9sZXNjZW50OiBVbmUgdHJvaXNpXHUwMGU4bWUgcGVyc29ubmVzIGludGVycGVsbFx1MDBlOWUgZXQgcGxhY1x1MDBlOWUgZW4gZ2FyZGUgXHUwMGUwIHZ1ZSIsInRlbXBsYXRlIjoiaGlnaHdheSIsImJsb2dfaWQiOjExMTAxNjQ2MX0.EIVlZIo4Mq5IqX3tfgBfKsq3HlnD9CL2uV20w7CpM8oMQ"},"version":2},"_wpas_customize_per_network":false},"categories":[405],"tags":[],"class_list":["post-28971","post","type-post","status-publish","format-standard","has-post-thumbnail","hentry","category-actu-france-monde"],"jetpack_publicize_connections":[],"jetpack_featured_media_url":"https:\/\/i0.wp.com\/www.iceagetv.com\/radiosite\/wp-content\/uploads\/2024\/07\/Incendie-tragique-a-Nice-qui-a-fait-sept-personnes.jpg?fit=679%2C293&ssl=1","jetpack_sharing_enabled":true,"_links":{"self":[{"href":"https:\/\/www.iceagetv.com\/radiosite\/wp-json\/wp\/v2\/posts\/28971","targetHints":{"allow":["GET"]}}],"collection":[{"href":"https:\/\/www.iceagetv.com\/radiosite\/wp-json\/wp\/v2\/posts"}],"about":[{"href":"https:\/\/www.iceagetv.com\/radiosite\/wp-json\/wp\/v2\/types\/post"}],"author":[{"embeddable":true,"href":"https:\/\/www.iceagetv.com\/radiosite\/wp-json\/wp\/v2\/users\/2"}],"replies":[{"embeddable":true,"href":"https:\/\/www.iceagetv.com\/radiosite\/wp-json\/wp\/v2\/comments?post=28971"}],"version-history":[{"count":1,"href":"https:\/\/www.iceagetv.com\/radiosite\/wp-json\/wp\/v2\/posts\/28971\/revisions"}],"predecessor-version":[{"id":28973,"href":"https:\/\/www.iceagetv.com\/radiosite\/wp-json\/wp\/v2\/posts\/28971\/revisions\/28973"}],"wp:featuredmedia":[{"embeddable":true,"href":"https:\/\/www.iceagetv.com\/radiosite\/wp-json\/wp\/v2\/media\/28972"}],"wp:attachment":[{"href":"https:\/\/www.iceagetv.com\/radiosite\/wp-json\/wp\/v2\/media?parent=28971"}],"wp:term":[{"taxonomy":"category","embeddable":true,"href":"https:\/\/www.iceagetv.com\/radiosite\/wp-json\/wp\/v2\/categories?post=28971"},{"taxonomy":"post_tag","embeddable":true,"href":"https:\/\/www.iceagetv.com\/radiosite\/wp-json\/wp\/v2\/tags?post=28971"}],"curies":[{"name":"wp","href":"https:\/\/api.w.org\/{rel}","templated":true}]}}