{"id":28987,"date":"2024-07-25T13:28:03","date_gmt":"2024-07-25T13:28:03","guid":{"rendered":"https:\/\/www.iceagetv.com\/radiosite\/?p=28987"},"modified":"2024-07-25T13:28:03","modified_gmt":"2024-07-25T13:28:03","slug":"jo-paris-2024-le-president-ukrainien-volodymyr-zelensky-ne-viendra-pas-a-paris-pour-la-ceremonie-douverture","status":"publish","type":"post","link":"https:\/\/www.iceagetv.com\/radiosite\/jo-paris-2024-le-president-ukrainien-volodymyr-zelensky-ne-viendra-pas-a-paris-pour-la-ceremonie-douverture\/","title":{"rendered":"JO Paris 2024\u00a0: le pr\u00e9sident ukrainien Volodymyr Zelensky ne viendra pas \u00e0 Paris pour la c\u00e9r\u00e9monie d\u2019ouverture"},"content":{"rendered":"\n<p class=\"\">Ces derniers jours, Kiev avait entretenu un certain flou concernant la pr\u00e9sence du dirigeant ukrainien dans la capitale ce vendredi. Ce ne sera finalement pas le cas.<\/p>\n\n\n\n<p class=\"\">Viendra, viendra pas&nbsp;? Finalement, Volodymyr Zelensky ne sera pas pr\u00e9sent \u00e0 Paris ce vendredi&nbsp;<a href=\"https:\/\/www.leparisien.fr\/jo-paris-2024\/ceremonie-douverture-des-jo-jill-biden-isaac-herzog-le-prince-albert-quels-dignitaires-seront-presents-24-07-2024-4TS4KD4C2ZGBDLZXMYHKWO5A6U.php\" target=\"_blank\" rel=\"noreferrer noopener\">pour la c\u00e9r\u00e9monie d\u2019ouverture des JO Paris 2024<\/a>, d\u2019apr\u00e8s nos informations. Kiev avait laiss\u00e9 entendre ces derniers jours que le pr\u00e9sident ukrainien serait pr\u00e9sent dans la capitale, mais sans jamais le confirmer. Il ne s\u2019agit donc pas d\u2019une annulation \u00e0 proprement parler, mais le leader en guerre contre la Russie a toujours \u00e9t\u00e9 habitu\u00e9 \u00e0 de telles apparitions symboliques.<\/p>\n\n\n\n<p class=\"\">Zelensky sera remplac\u00e9, ce vendredi, par son ministre des Sports Matvii Bidnyi. Le pr\u00e9sident ukrainien \u00e9tait n\u00e9anmoins venu \u00e0 Paris et en Normandie le mois dernier,\u00a0<a href=\"https:\/\/www.leparisien.fr\/politique\/80-ans-du-debarquement-suivez-en-direct-la-deuxieme-journee-des-commemorations-06-06-2024-NGZUPMYNV5F3BEQR2LKNMWGHJ4.php\" target=\"_blank\" rel=\"noreferrer noopener\">pour les comm\u00e9morations des 80 ans du D\u00e9barquement le 6\u00a0juin dernier<\/a>, au milieu de nombreux autres dirigeants. Il s\u2019\u00e9tait \u00e9galement\u00a0<a href=\"https:\/\/www.leparisien.fr\/international\/leurope-nest-plus-un-continent-de-paix-alerte-volodymyr-zelensky-a-lassemblee-nationale-07-06-2024-C4SADHFXSBHGFDRPEBG4J2B7Z4.php\" target=\"_blank\" rel=\"noreferrer noopener\">rendu \u00e0 l\u2019Assembl\u00e9e nationale le 7 juin.<\/a><\/p>\n\n\n\n<p class=\"\">Le pr\u00e9sident russe Vladimir Poutine sera \u00e9galement absent, la Russie ayant \u00e9t\u00e9 bannie en tant que nation \u00e0 cause de sa guerre en Ukraine.<\/p>\n\n\n\n<h2 class=\"wp-block-heading\">Pour l\u2019Ukraine, les JO \u00ab&nbsp;sont un front tr\u00e8s important&nbsp;\u00bb<\/h2>\n\n\n\n<p class=\"\">Dans un entretien accord\u00e9 \u00e0\u00a0<a href=\"https:\/\/www.liberation.fr\/sports\/jeux-olympiques\/paris-2024-pour-matvii-bidnyi-ministre-des-sports-ukrainien-les-jeux-cest-egalement-notre-front-20240723_V2VDYSLZDFHJHCGV4CPBWIWRZQ\/#:~:text=Interview-,Paris%202024%20%3A%20pour%20Matvii%20Bidnyi%2C%20ministre%20des%20Sports%20ukrainien%2C,c%E2%80%99est%20%C3%A9galement%20notre%20front%C2%BB\" target=\"_blank\" rel=\"noreferrer noopener\">Lib\u00e9ration<\/a>\u00a0ce mardi, Matvii Bidnyi estimait que les JO \u00e9taient \u00ab\u00a0\u00e9galement notre front\u00a0\u00bb. \u00ab\u00a0Quoi qu\u2019il arrive, les JO sont un front tr\u00e8s important pour nous, car il nous permet de rappeler au monde, aux citoyens qui \u00e9lisent les gouvernements qui nous aident tant aujourd\u2019hui, qu\u2019il s\u2019agit d\u2019un enjeu absolument crucial\u00a0\u00bb, a-t-il notamment d\u00e9clar\u00e9.<\/p>\n\n\n\n<p class=\"\">De nombreux hauts dignitaires seront pr\u00e9sents \u00e0 la c\u00e9r\u00e9monie d\u2019ouverture ce vendredi. Parmi eux, le Premier ministre britannique Keir Starmer, le chancelier allemand Olaf Scholz, le pr\u00e9sident italien Sergio Mattarella ou encore la&nbsp;<a href=\"https:\/\/www.leparisien.fr\/jo-paris-2024\/jo-paris-2024-jill-biden-a-la-ceremonie-douverture-23-07-2024-R7GP5J2PLNDSPCTGGUGAPA5BOM.php\" target=\"_blank\" rel=\"noreferrer noopener\">Premi\u00e8re Dame des \u00c9tats-Unis Jill Biden<\/a>. Le pr\u00e9sident isra\u00e9lien Isaac Herzog y assistera \u00e9galement, contrairement \u00e0 son homologue chinois Xi Jinping, remplac\u00e9 par son vice-pr\u00e9sident Han Zheng.<\/p>\n\n\n\n<p class=\"\"><\/p>\n","protected":false},"excerpt":{"rendered":"<p>Ces derniers jours, Kiev avait entretenu un certain flou concernant la pr\u00e9sence du dirigeant ukrainien dans la capitale ce vendredi. Ce ne sera finalement pas le cas. Viendra, viendra pas&nbsp;? Finalement, Volodymyr Zelensky ne sera pas pr\u00e9sent \u00e0 Paris ce vendredi&nbsp;pour la c\u00e9r\u00e9monie d\u2019ouverture des JO Paris 2024, d\u2019apr\u00e8s nos informations. Kiev avait laiss\u00e9 entendre [&hellip;]<\/p>\n","protected":false},"author":2,"featured_media":28988,"comment_status":"open","ping_status":"open","sticky":false,"template":"","format":"standard","meta":{"_jetpack_memberships_contains_paid_content":false,"footnotes":"","jetpack_publicize_message":"","jetpack_publicize_feature_enabled":true,"jetpack_social_post_already_shared":true,"jetpack_social_options":{"image_generator_settings":{"template":"highway","enabled":true,"token":"eyJpbWciOiJodHRwczpcL1wvd3d3LmljZWFnZXR2LmNvbVwvcmFkaW9zaXRlXC93cC1jb250ZW50XC91cGxvYWRzXC8yMDI0XC8wN1wvUzRaSkRGMjVXWkFVSENDSEg0RVVLQkpCS1UuanBnIiwidHh0IjoiSk8gUGFyaXMgMjAyNFx1MDBhMDogbGUgcHJcdTAwZTlzaWRlbnQgdWtyYWluaWVuIFZvbG9keW15ciBaZWxlbnNreSBuZSB2aWVuZHJhIHBhcyBcdTAwZTAgUGFyaXMgcG91ciBsYSBjXHUwMGU5clx1MDBlOW1vbmllIGRcdTIwMTlvdXZlcnR1cmUiLCJ0ZW1wbGF0ZSI6ImhpZ2h3YXkiLCJibG9nX2lkIjoxMTEwMTY0NjF9.p5LArwAmHzwbz05Ebvc35T4pTYkaPLD4vw0SNSlvZMQMQ"},"version":2},"_wpas_customize_per_network":false},"categories":[405],"tags":[],"class_list":["post-28987","post","type-post","status-publish","format-standard","has-post-thumbnail","hentry","category-actu-france-monde"],"jetpack_publicize_connections":[],"jetpack_featured_media_url":"https:\/\/i0.wp.com\/www.iceagetv.com\/radiosite\/wp-content\/uploads\/2024\/07\/S4ZJDF25WZAUHCCHH4EUKBJBKU.jpg?fit=932%2C582&ssl=1","jetpack_sharing_enabled":true,"_links":{"self":[{"href":"https:\/\/www.iceagetv.com\/radiosite\/wp-json\/wp\/v2\/posts\/28987","targetHints":{"allow":["GET"]}}],"collection":[{"href":"https:\/\/www.iceagetv.com\/radiosite\/wp-json\/wp\/v2\/posts"}],"about":[{"href":"https:\/\/www.iceagetv.com\/radiosite\/wp-json\/wp\/v2\/types\/post"}],"author":[{"embeddable":true,"href":"https:\/\/www.iceagetv.com\/radiosite\/wp-json\/wp\/v2\/users\/2"}],"replies":[{"embeddable":true,"href":"https:\/\/www.iceagetv.com\/radiosite\/wp-json\/wp\/v2\/comments?post=28987"}],"version-history":[{"count":1,"href":"https:\/\/www.iceagetv.com\/radiosite\/wp-json\/wp\/v2\/posts\/28987\/revisions"}],"predecessor-version":[{"id":28989,"href":"https:\/\/www.iceagetv.com\/radiosite\/wp-json\/wp\/v2\/posts\/28987\/revisions\/28989"}],"wp:featuredmedia":[{"embeddable":true,"href":"https:\/\/www.iceagetv.com\/radiosite\/wp-json\/wp\/v2\/media\/28988"}],"wp:attachment":[{"href":"https:\/\/www.iceagetv.com\/radiosite\/wp-json\/wp\/v2\/media?parent=28987"}],"wp:term":[{"taxonomy":"category","embeddable":true,"href":"https:\/\/www.iceagetv.com\/radiosite\/wp-json\/wp\/v2\/categories?post=28987"},{"taxonomy":"post_tag","embeddable":true,"href":"https:\/\/www.iceagetv.com\/radiosite\/wp-json\/wp\/v2\/tags?post=28987"}],"curies":[{"name":"wp","href":"https:\/\/api.w.org\/{rel}","templated":true}]}}