{"id":29011,"date":"2024-07-27T06:47:05","date_gmt":"2024-07-27T06:47:05","guid":{"rendered":"https:\/\/www.iceagetv.com\/radiosite\/?p=29011"},"modified":"2024-07-27T06:47:05","modified_gmt":"2024-07-27T06:47:05","slug":"bas-rhin-voici-comment-un-an-apres-la-disparition-de-lina-15-ans-lenquete-a-connu-une-avancee-majeure-hier-avec-la-decouverte-de-son-adn-dans-un-vehicule-vole","status":"publish","type":"post","link":"https:\/\/www.iceagetv.com\/radiosite\/bas-rhin-voici-comment-un-an-apres-la-disparition-de-lina-15-ans-lenquete-a-connu-une-avancee-majeure-hier-avec-la-decouverte-de-son-adn-dans-un-vehicule-vole\/","title":{"rendered":"Bas-Rhin : Voici comment un an apr\u00e8s la disparition de Lina, 15 ans, l&rsquo;enqu\u00eate a connu \u00ab\u00a0une avanc\u00e9e majeure\u00a0\u00bb hier avec la d\u00e9couverte de son ADN dans un v\u00e9hicule vol\u00e9"},"content":{"rendered":"\n<p class=\"\">Pr\u00e8s d\u2019un an apr\u00e8s la disparition de Lina, 15 ans, dans le Bas-Rhin, en septembre dernier, les gendarmes ont fait une d\u00e9couverte \u00abmajeure\u00bb, a annonc\u00e9 le procureur de la R\u00e9publique de Strasbourg Yolande Renzi dans un communiqu\u00e9 . Le profil g\u00e9n\u00e9tique de l\u2019adolescente a \u00e9t\u00e9 retrouv\u00e9 dans un \u00abv\u00e9hicule vol\u00e9\u00bb, peut-on lire.<\/p>\n\n\n\n<p class=\"\">Le v\u00e9hicule en question se trouvait \u00abnon loin du point de disparition de la jeune Lina en septembre dernier\u00bb, pr\u00e9cise le communiqu\u00e9. Tout en pr\u00e9cisant que \u00ables investigations se poursuivent afin de d\u00e9terminer les circonstances dans lesquelles elle est mont\u00e9e dans ce v\u00e9hicule\u00bb, Yolande Renzi a soulign\u00e9 que \u00abcette avanc\u00e9e majeure dans l&rsquo;enqu\u00eate devrait permettre de localiser Lina\u00bb.<\/p>\n\n\n\n<p class=\"\">\u00abC&rsquo;est un espoir de localiser Lina, mais il y a tellement de questions derri\u00e8re: o\u00f9, quand, comment&#8230;\u00bb, a d\u00e9clar\u00e9 \u00e0 l&rsquo;AFP Maryl\u00e8ne Correia, avocate d&rsquo;Olivier Delsarte, le p\u00e8re de Lina. \u00abOn va pouvoir avancer, \u00e7a c&rsquo;est une certitude, mais dans la t\u00eate de M. Delsarte, pour le moment, il y a plein d&rsquo;interrogations\u00bb, a-t-elle ajout\u00e9.<\/p>\n\n\n\n<p class=\"\">Le 23 septembre en fin de matin\u00e9e, Lina a quitt\u00e9 son domicile de Plaine (Bas-Rhin) pour se rendre \u00e0 pied \u00e0 la gare de Saint-Blaise-la-Roche, \u00e0 environ trois kilom\u00e8tres de l\u00e0. Elle devait prendre un train afin de rejoindre son petit ami \u00e0 Strasbourg. Ne la voyant pas arriver, il avait alert\u00e9 la m\u00e8re de la jeune fille.<\/p>\n\n\n\n<p class=\"\">Des t\u00e9moins, dont l&rsquo;ancien maire du village, ont vu Lina marcher sur une petite route en direction de la gare entre 11H15 et 11H30. Le t\u00e9l\u00e9phone de l&rsquo;adolescente a cess\u00e9 d&rsquo;\u00e9mettre \u00e0 11H22 et n&rsquo;a pas \u00e9t\u00e9 retrouv\u00e9.<\/p>\n\n\n\n<p class=\"\">Malgr\u00e9 d&rsquo;importantes battues les jours suivants, aucune trace de la jeune fille n&rsquo;a \u00e9t\u00e9 retrouv\u00e9e.&nbsp;<\/p>\n","protected":false},"excerpt":{"rendered":"<p>Pr\u00e8s d\u2019un an apr\u00e8s la disparition de Lina, 15 ans, dans le Bas-Rhin, en septembre dernier, les gendarmes ont fait une d\u00e9couverte \u00abmajeure\u00bb, a annonc\u00e9 le procureur de la R\u00e9publique de Strasbourg Yolande Renzi dans un communiqu\u00e9 . Le profil g\u00e9n\u00e9tique de l\u2019adolescente a \u00e9t\u00e9 retrouv\u00e9 dans un \u00abv\u00e9hicule vol\u00e9\u00bb, peut-on lire. Le v\u00e9hicule en [&hellip;]<\/p>\n","protected":false},"author":2,"featured_media":29012,"comment_status":"open","ping_status":"open","sticky":false,"template":"","format":"standard","meta":{"_jetpack_memberships_contains_paid_content":false,"footnotes":"","jetpack_publicize_message":"","jetpack_publicize_feature_enabled":true,"jetpack_social_post_already_shared":true,"jetpack_social_options":{"image_generator_settings":{"template":"highway","enabled":true,"token":"eyJpbWciOiJodHRwczpcL1wvd3d3LmljZWFnZXR2LmNvbVwvcmFkaW9zaXRlXC93cC1jb250ZW50XC91cGxvYWRzXC8yMDI0XC8wN1wvQmFzLVJoaW4uanBnIiwidHh0IjoiQmFzLVJoaW4gOiBWb2ljaSBjb21tZW50IHVuIGFuIGFwclx1MDBlOHMgbGEgZGlzcGFyaXRpb24gZGUgTGluYSwgMTUgYW5zLCBsJiM4MjE3O2VucXVcdTAwZWF0ZSBhIGNvbm51ICYjODIyMDt1bmUgYXZhbmNcdTAwZTllIG1hamV1cmUmIzgyMjE7IGhpZXIgYXZlYyBsYSBkXHUwMGU5Y291dmVydGUgZGUgc29uIEFETiBkYW5zIHVuIHZcdTAwZTloaWN1bGUgdm9sXHUwMGU5IiwidGVtcGxhdGUiOiJoaWdod2F5IiwiYmxvZ19pZCI6MTExMDE2NDYxfQ.cSlG2ECn1ceS4IUnLru-Yl9Pua5SfDQm9ZwV7nwcagQMQ"},"version":2},"_wpas_customize_per_network":false},"categories":[405],"tags":[],"class_list":["post-29011","post","type-post","status-publish","format-standard","has-post-thumbnail","hentry","category-actu-france-monde"],"jetpack_publicize_connections":[],"jetpack_featured_media_url":"https:\/\/i0.wp.com\/www.iceagetv.com\/radiosite\/wp-content\/uploads\/2024\/07\/Bas-Rhin.jpg?fit=679%2C293&ssl=1","jetpack_sharing_enabled":true,"_links":{"self":[{"href":"https:\/\/www.iceagetv.com\/radiosite\/wp-json\/wp\/v2\/posts\/29011","targetHints":{"allow":["GET"]}}],"collection":[{"href":"https:\/\/www.iceagetv.com\/radiosite\/wp-json\/wp\/v2\/posts"}],"about":[{"href":"https:\/\/www.iceagetv.com\/radiosite\/wp-json\/wp\/v2\/types\/post"}],"author":[{"embeddable":true,"href":"https:\/\/www.iceagetv.com\/radiosite\/wp-json\/wp\/v2\/users\/2"}],"replies":[{"embeddable":true,"href":"https:\/\/www.iceagetv.com\/radiosite\/wp-json\/wp\/v2\/comments?post=29011"}],"version-history":[{"count":1,"href":"https:\/\/www.iceagetv.com\/radiosite\/wp-json\/wp\/v2\/posts\/29011\/revisions"}],"predecessor-version":[{"id":29013,"href":"https:\/\/www.iceagetv.com\/radiosite\/wp-json\/wp\/v2\/posts\/29011\/revisions\/29013"}],"wp:featuredmedia":[{"embeddable":true,"href":"https:\/\/www.iceagetv.com\/radiosite\/wp-json\/wp\/v2\/media\/29012"}],"wp:attachment":[{"href":"https:\/\/www.iceagetv.com\/radiosite\/wp-json\/wp\/v2\/media?parent=29011"}],"wp:term":[{"taxonomy":"category","embeddable":true,"href":"https:\/\/www.iceagetv.com\/radiosite\/wp-json\/wp\/v2\/categories?post=29011"},{"taxonomy":"post_tag","embeddable":true,"href":"https:\/\/www.iceagetv.com\/radiosite\/wp-json\/wp\/v2\/tags?post=29011"}],"curies":[{"name":"wp","href":"https:\/\/api.w.org\/{rel}","templated":true}]}}