{"id":29041,"date":"2024-07-29T11:53:03","date_gmt":"2024-07-29T11:53:03","guid":{"rendered":"https:\/\/www.iceagetv.com\/radiosite\/?p=29041"},"modified":"2024-07-29T11:53:03","modified_gmt":"2024-07-29T11:53:03","slug":"mercato-surprise-yves-calvi-remplace-apres-10-ans-dantenne-a-la-matinale-de-rtl-par-thomas-sotto-qui-quitte-donc-telematin-sur-france-2-va-t-il-rester-joker-de-laurent-delahousse-au-20h","status":"publish","type":"post","link":"https:\/\/www.iceagetv.com\/radiosite\/mercato-surprise-yves-calvi-remplace-apres-10-ans-dantenne-a-la-matinale-de-rtl-par-thomas-sotto-qui-quitte-donc-telematin-sur-france-2-va-t-il-rester-joker-de-laurent-delahousse-au-20h\/","title":{"rendered":"Mercato surprise : Yves Calvi remplac\u00e9 apr\u00e8s 10 ans d&rsquo;antenne \u00e0 la matinale de RTL par Thomas Sotto qui quitte donc \u00ab\u00a0T\u00e9l\u00e9matin \u00ab\u00a0sur France 2 : Va-t-il rester joker de Laurent Delahousse au 20h ?"},"content":{"rendered":"\n<p class=\"\">C&rsquo;est la surprise de cette fin juillet ! Un changement \u00e0 la t\u00eate du Prime Time de la radio RTL, puisque la station annonce ce midi que Yves Calvi n&rsquo;aimera plus la matinale dont il \u00e9tait \u00e0 la t\u00eate depuis 10 ans, mais il sera remplac\u00e9 par Thomas Sotto. Cons\u00e9quence logique, Thomas Sotto quitte donc \u00ab\u00a0T\u00e9l\u00e9matin\u00a0\u00bb qui va donc une nouvelle fois voir changer ses visages, puisque Julia Vignali quitte \u00e9galement cette matinale de France 2.<\/p>\n\n\n\n<p class=\"\">C\u00f4t\u00e9 Thomas Sotto, reste une inconnue, celle de savoir si Thomas Sotto va conserver son poste de joker de Laurent Delahousse au journal de 20h de France 2. Thomas Sotto avait \u00e9voqu\u00e9, il y a quelques mois, le fait qu&rsquo;il n&rsquo;avait pas vraiment appr\u00e9ci\u00e9 que Laurent Delahousse ne lui laisse pas la pr\u00e9sentation de la partie magazine, lorsque ce dernier \u00e9tant en vacances, pr\u00e9f\u00e9rant enregistrer cette partie du journal du week-intitul\u00e9e 20h30.<\/p>\n\n\n\n<p class=\"\">Voici le communiqu\u00e9 de RTL :&nbsp;&nbsp;<\/p>\n\n\n\n<p class=\"\">Thomas Sotto rejoint les \u00e9quipes de RTL d\u00e8s la rentr\u00e9e pour co-pr\u00e9senter RTL Matin aux c\u00f4t\u00e9s d\u2019Amandine B\u00e9got. Il succ\u00e8de ainsi \u00e0 Yves Calvi qui, apr\u00e8s 10 ann\u00e9es pass\u00e9es \u00e0 la t\u00eate de la matinale, pr\u00e9pare un nouveau projet sur RTL \u00e0 la rentr\u00e9e. R\u00e9gis Ravanas, Directeur G\u00e9n\u00e9ral en charge des antennes radio du Groupe M6 :<\/p>\n\n\n\n<p class=\"\">\u00ab Je remercie Yves Calvi pour ces 10 ann\u00e9es pass\u00e9es \u00e0 la pr\u00e9sentation de la matinale, une long\u00e9vit\u00e9 remarquable pour une \u00e9mission qui s\u00e9duit quotidiennement des millions d\u2019auditeurs \u00bb<\/p>\n\n\n\n<p class=\"\">Frank Moulin, Directeur de l\u2019information et de la r\u00e9daction de RTL : \u00ab Je suis persuad\u00e9 que son exp\u00e9rience et son engagement, combin\u00e9s avec le s\u00e9rieux et le professionnalisme d\u2019Amandine B\u00e9got apporteront un nouvel \u00e9lan \u00e0 notre matinale. \u00bb Ag\u00e9 de 50 ans, Thomas Sotto a d\u00e9but\u00e9 sa carri\u00e8re professionnelle comme reporter \u00e0 RMC en 1995.<\/p>\n\n\n\n<p class=\"\">En 2005, il rejoint BFMTV pour participer \u00e0 la cr\u00e9ation de la cha\u00eene.<\/p>\n\n\n\n<p class=\"\">En 2011, il arrive chez M6 comme r\u00e9dacteur en chef et pr\u00e9sentateur de l\u2019\u00e9mission \u00ab Capital \u00bb. De 2013 \u00e0 2017, il dirige et pr\u00e9sente la matinale d\u2019Europe 1. Il rejoint ensuite France 2 \u00e0 la rentr\u00e9e 2017 o\u00f9 il assure r\u00e9guli\u00e8rement les remplacements \u00e0 la pr\u00e9sentation du JT de 20h.<\/p>\n\n\n\n<p class=\"\">En 2019, il rejoint RTL pour y pr\u00e9senter \u00ab RTL Soir \u00bb. Depuis 2021, il est co-animateur de T\u00e9l\u00e9matin sur France 2 et il continue les remplacements r\u00e9guliers \u00e0 la pr\u00e9sentation du JT de 20h.<\/p>\n","protected":false},"excerpt":{"rendered":"<p>C&rsquo;est la surprise de cette fin juillet ! Un changement \u00e0 la t\u00eate du Prime Time de la radio RTL, puisque la station annonce ce midi que Yves Calvi n&rsquo;aimera plus la matinale dont il \u00e9tait \u00e0 la t\u00eate depuis 10 ans, mais il sera remplac\u00e9 par Thomas Sotto. Cons\u00e9quence logique, Thomas Sotto quitte donc [&hellip;]<\/p>\n","protected":false},"author":2,"featured_media":29042,"comment_status":"open","ping_status":"open","sticky":false,"template":"","format":"standard","meta":{"_jetpack_memberships_contains_paid_content":false,"footnotes":"","jetpack_publicize_message":"","jetpack_publicize_feature_enabled":true,"jetpack_social_post_already_shared":true,"jetpack_social_options":{"image_generator_settings":{"template":"highway","enabled":true,"token":"eyJpbWciOiJodHRwczpcL1wvd3d3LmljZWFnZXR2LmNvbVwvcmFkaW9zaXRlXC93cC1jb250ZW50XC91cGxvYWRzXC8yMDI0XC8wN1wvWXZlcy1DYWx2aS1yZW1wbGFjZS1hcHJlcy0xMC1hbnMtZGFudGVubmUtYS1sYS1tYXRpbmFsZS1kZS1SVEwuanBnIiwidHh0IjoiTWVyY2F0byBzdXJwcmlzZSA6IFl2ZXMgQ2FsdmkgcmVtcGxhY1x1MDBlOSBhcHJcdTAwZThzIDEwIGFucyBkJiM4MjE3O2FudGVubmUgXHUwMGUwIGxhIG1hdGluYWxlIGRlIFJUTCBwYXIgVGhvbWFzIFNvdHRvIHF1aSBxdWl0dGUgZG9uYyAmIzgyMjA7VFx1MDBlOWxcdTAwZTltYXRpbiAmIzgyMjA7c3VyIEZyYW5jZSAyIDogVmEtdC1pbCByZXN0ZXIgam9rZXIgZGUgTGF1cmVudCBEZWxhaG91c3NlIGF1IDIwaCA_IiwidGVtcGxhdGUiOiJoaWdod2F5IiwiYmxvZ19pZCI6MTExMDE2NDYxfQ.IvMYh0yn0THaFYxU15907p09nx65UbxaBisgSoDxrfUMQ"},"version":2},"_wpas_customize_per_network":false},"categories":[68],"tags":[],"class_list":["post-29041","post","type-post","status-publish","format-standard","has-post-thumbnail","hentry","category-actu-culturelle"],"jetpack_publicize_connections":[],"jetpack_featured_media_url":"https:\/\/i0.wp.com\/www.iceagetv.com\/radiosite\/wp-content\/uploads\/2024\/07\/Yves-Calvi-remplace-apres-10-ans-dantenne-a-la-matinale-de-RTL.jpg?fit=679%2C293&ssl=1","jetpack_sharing_enabled":true,"_links":{"self":[{"href":"https:\/\/www.iceagetv.com\/radiosite\/wp-json\/wp\/v2\/posts\/29041","targetHints":{"allow":["GET"]}}],"collection":[{"href":"https:\/\/www.iceagetv.com\/radiosite\/wp-json\/wp\/v2\/posts"}],"about":[{"href":"https:\/\/www.iceagetv.com\/radiosite\/wp-json\/wp\/v2\/types\/post"}],"author":[{"embeddable":true,"href":"https:\/\/www.iceagetv.com\/radiosite\/wp-json\/wp\/v2\/users\/2"}],"replies":[{"embeddable":true,"href":"https:\/\/www.iceagetv.com\/radiosite\/wp-json\/wp\/v2\/comments?post=29041"}],"version-history":[{"count":1,"href":"https:\/\/www.iceagetv.com\/radiosite\/wp-json\/wp\/v2\/posts\/29041\/revisions"}],"predecessor-version":[{"id":29043,"href":"https:\/\/www.iceagetv.com\/radiosite\/wp-json\/wp\/v2\/posts\/29041\/revisions\/29043"}],"wp:featuredmedia":[{"embeddable":true,"href":"https:\/\/www.iceagetv.com\/radiosite\/wp-json\/wp\/v2\/media\/29042"}],"wp:attachment":[{"href":"https:\/\/www.iceagetv.com\/radiosite\/wp-json\/wp\/v2\/media?parent=29041"}],"wp:term":[{"taxonomy":"category","embeddable":true,"href":"https:\/\/www.iceagetv.com\/radiosite\/wp-json\/wp\/v2\/categories?post=29041"},{"taxonomy":"post_tag","embeddable":true,"href":"https:\/\/www.iceagetv.com\/radiosite\/wp-json\/wp\/v2\/tags?post=29041"}],"curies":[{"name":"wp","href":"https:\/\/api.w.org\/{rel}","templated":true}]}}