{"id":29054,"date":"2024-08-04T14:00:55","date_gmt":"2024-08-04T14:00:55","guid":{"rendered":"https:\/\/www.iceagetv.com\/radiosite\/?p=29054"},"modified":"2024-08-04T14:00:55","modified_gmt":"2024-08-04T14:00:55","slug":"la-vente-de-tabac-devrait-rapporter-a-letat-cette-annee-400-millions-deuros-de-moins-que-prevu-initialement-a-indique-bercy","status":"publish","type":"post","link":"https:\/\/www.iceagetv.com\/radiosite\/la-vente-de-tabac-devrait-rapporter-a-letat-cette-annee-400-millions-deuros-de-moins-que-prevu-initialement-a-indique-bercy\/","title":{"rendered":"La vente de tabac devrait rapporter \u00e0 l\u2019Etat cette ann\u00e9e 400 millions d\u2019euros de moins que pr\u00e9vu initialement, a indiqu\u00e9 Bercy"},"content":{"rendered":"\n<p class=\"\">La vente de tabac devrait rapporter \u00e0 l\u2019Etat en 2024 400 millions d\u2019euros de moins que pr\u00e9vu initialement, a indiqu\u00e9 Bercy, confirmant une information du quotidien \u00e9conomique Les Echos. Bercy a confirm\u00e9 estimer que les&nbsp;\u00ab droits de consommation sur les produits du tabac \u00bb, qui repr\u00e9sentent environ les deux tiers du prix d\u2019un paquet de cigarettes, allaient rapporter 13,6 milliards d\u2019euros en 2024 (hors TVA), soit 400 millions de moins qu\u2019attendu initialement.<\/p>\n\n\n\n<p class=\"\">Selon les Echos, cette \u00e9volution est imputable \u00e0 des ventes en recul, avec 650 millions de paquets de cigarettes vendus par les buralistes au premier trimestre, soit 100 millions de moins qu\u2019\u00e0 la m\u00eame \u00e9poque un an plus t\u00f4t.<\/p>\n\n\n\n<p class=\"\">D\u2019apr\u00e8s les derni\u00e8res donn\u00e9es des douanes, en juin 2024, le volume de cigarettes vendues chez les buralistes en France continentale a baiss\u00e9 de 23,33% sur un an, et celui de tabac \u00e0 rouler de 26,61%. Ce manque \u00e0 gagner pour l\u2019Etat intervient malgr\u00e9 la hausse de prix du tabac en 2024, avec des augmentations de jusqu\u2019\u00e0 1,50 euro par paquet, la fiscalit\u00e9 du tabac \u00e9tant d\u00e9sormais li\u00e9e \u00e0 l\u2019inflation.<\/p>\n\n\n\n<p class=\"\">Le plan anti-tabac du gouvernement pr\u00e9sent\u00e9 fin novembre pr\u00e9voit de porter progressivement le prix plancher des paquets de 20 cigarettes \u00e0 13 euros d\u2019ici au d\u00e9but 2027. \u00ab La situation des ventes de tabac dans le r\u00e9seau sur le premier semestre est critique. Nous n\u2019avons jamais connu des volumes aussi bas (-20%) \u00bb, a d\u00e9plor\u00e9 aupr\u00e8s de l\u2019AFP Philippe Coy, pr\u00e9sident de la Conf\u00e9d\u00e9ration des buralistes.<\/p>\n\n\n\n<p class=\"\">\u00ab Il est temps de tirer la sonnette d\u2019alarme et d\u2019instaurer un gel de toute hausse des prix des tabacs tant que le probl\u00e8me des trafics, de l\u2019ins\u00e9curit\u00e9 mais aussi des prix dans les pays voisins n\u2019aura pas \u00e9t\u00e9 r\u00e9gl\u00e9 \u00bb, a-t-il r\u00e9clam\u00e9. En 2023, le march\u00e9 du tabac a baiss\u00e9 de 1,1% en valeur et de 7,9% en volume.<\/p>\n","protected":false},"excerpt":{"rendered":"<p>La vente de tabac devrait rapporter \u00e0 l\u2019Etat en 2024 400 millions d\u2019euros de moins que pr\u00e9vu initialement, a indiqu\u00e9 Bercy, confirmant une information du quotidien \u00e9conomique Les Echos. Bercy a confirm\u00e9 estimer que les&nbsp;\u00ab droits de consommation sur les produits du tabac \u00bb, qui repr\u00e9sentent environ les deux tiers du prix d\u2019un paquet de [&hellip;]<\/p>\n","protected":false},"author":2,"featured_media":29055,"comment_status":"open","ping_status":"open","sticky":false,"template":"","format":"standard","meta":{"_jetpack_memberships_contains_paid_content":false,"footnotes":"","jetpack_publicize_message":"","jetpack_publicize_feature_enabled":true,"jetpack_social_post_already_shared":true,"jetpack_social_options":{"image_generator_settings":{"template":"highway","enabled":true,"token":"eyJpbWciOiJodHRwczpcL1wvd3d3LmljZWFnZXR2LmNvbVwvcmFkaW9zaXRlXC93cC1jb250ZW50XC91cGxvYWRzXC8yMDI0XC8wOFwvZFJHbHFzdGsuanBnIiwidHh0IjoiTGEgdmVudGUgZGUgdGFiYWMgZGV2cmFpdCByYXBwb3J0ZXIgXHUwMGUwIGxcdTIwMTlFdGF0IGNldHRlIGFublx1MDBlOWUgNDAwIG1pbGxpb25zIGRcdTIwMTlldXJvcyBkZSBtb2lucyBxdWUgcHJcdTAwZTl2dSBpbml0aWFsZW1lbnQsIGEgaW5kaXF1XHUwMGU5IEJlcmN5IiwidGVtcGxhdGUiOiJoaWdod2F5IiwiYmxvZ19pZCI6MTExMDE2NDYxfQ.eOhwwY9rl4HYa6v4ypssINFx27Fej8Ls252j4NvYeEMMQ"},"version":2},"_wpas_customize_per_network":false},"categories":[405],"tags":[],"class_list":["post-29054","post","type-post","status-publish","format-standard","has-post-thumbnail","hentry","category-actu-france-monde"],"jetpack_publicize_connections":[],"jetpack_featured_media_url":"https:\/\/i0.wp.com\/www.iceagetv.com\/radiosite\/wp-content\/uploads\/2024\/08\/dRGlqstk.jpg?fit=679%2C293&ssl=1","jetpack_sharing_enabled":true,"_links":{"self":[{"href":"https:\/\/www.iceagetv.com\/radiosite\/wp-json\/wp\/v2\/posts\/29054","targetHints":{"allow":["GET"]}}],"collection":[{"href":"https:\/\/www.iceagetv.com\/radiosite\/wp-json\/wp\/v2\/posts"}],"about":[{"href":"https:\/\/www.iceagetv.com\/radiosite\/wp-json\/wp\/v2\/types\/post"}],"author":[{"embeddable":true,"href":"https:\/\/www.iceagetv.com\/radiosite\/wp-json\/wp\/v2\/users\/2"}],"replies":[{"embeddable":true,"href":"https:\/\/www.iceagetv.com\/radiosite\/wp-json\/wp\/v2\/comments?post=29054"}],"version-history":[{"count":1,"href":"https:\/\/www.iceagetv.com\/radiosite\/wp-json\/wp\/v2\/posts\/29054\/revisions"}],"predecessor-version":[{"id":29056,"href":"https:\/\/www.iceagetv.com\/radiosite\/wp-json\/wp\/v2\/posts\/29054\/revisions\/29056"}],"wp:featuredmedia":[{"embeddable":true,"href":"https:\/\/www.iceagetv.com\/radiosite\/wp-json\/wp\/v2\/media\/29055"}],"wp:attachment":[{"href":"https:\/\/www.iceagetv.com\/radiosite\/wp-json\/wp\/v2\/media?parent=29054"}],"wp:term":[{"taxonomy":"category","embeddable":true,"href":"https:\/\/www.iceagetv.com\/radiosite\/wp-json\/wp\/v2\/categories?post=29054"},{"taxonomy":"post_tag","embeddable":true,"href":"https:\/\/www.iceagetv.com\/radiosite\/wp-json\/wp\/v2\/tags?post=29054"}],"curies":[{"name":"wp","href":"https:\/\/api.w.org\/{rel}","templated":true}]}}