{"id":29070,"date":"2024-08-06T11:08:32","date_gmt":"2024-08-06T11:08:32","guid":{"rendered":"https:\/\/www.iceagetv.com\/radiosite\/?p=29070"},"modified":"2024-08-06T11:08:32","modified_gmt":"2024-08-06T11:08:32","slug":"disparition-de-lina-les-recherches-ont-repris-ce-matin-en-haute-saone-pour-retrouver-ladolescente-agee-de-15-ans-90-gendarmes-sont-mobilises-sur-place","status":"publish","type":"post","link":"https:\/\/www.iceagetv.com\/radiosite\/disparition-de-lina-les-recherches-ont-repris-ce-matin-en-haute-saone-pour-retrouver-ladolescente-agee-de-15-ans-90-gendarmes-sont-mobilises-sur-place\/","title":{"rendered":"Disparition de Lina: Les recherches ont repris ce matin en Haute-Sa\u00f4ne pour retrouver l&rsquo;adolescente \u00e2g\u00e9e de 15 ans &#8211; 90 gendarmes sont mobilis\u00e9s sur place"},"content":{"rendered":"\n<p class=\"\">Les recherches pour retrouver Lina, l\u2019adolescente de 15 ans disparue en septembre 2023 dans le Bas-Rhin, ont repris mardi pr\u00e8s de Saulx en Haute-Sa\u00f4ne, impliquant 90 gendarmes, a indiqu\u00e9 \u00e0 l\u2019AFP une source proche du dossier.<\/p>\n\n\n\n<p class=\"\">Des recherches avaient eu lieu sans r\u00e9sultat la semaine derni\u00e8re dans le d\u00e9partement des Vosges, dans la for\u00eat d\u2019Anould, \u00e0 une quarantaine de kilom\u00e8tres au sud du lieu o\u00f9 Lina a disparu en Alsace. Selon le quotidien r\u00e9gional L\u2019Est r\u00e9publicain, les recherches se d\u00e9roulent d\u00e9sormais \u00ab&nbsp;dans un bois d\u2019environ 90 hectares en bordure de la RN 57, en bordure de Saulx&nbsp;\u00bb, un village de 900 habitants \u00e0 15 km de Vesoul.<\/p>\n\n\n\n<p class=\"\">Lina avait disparu samedi 23 septembre 2023 en fin de matin\u00e9e. Elle avait quitt\u00e9 son domicile de Plaine (Bas-Rhin), au pied du massif des Vosges, pour se rendre \u00e0 la gare de Saint-Blaise-la-Roche, distante d\u2019environ trois kilom\u00e8tres. Elle devait prendre le train pour aller retrouver son petit ami \u00e0 Strasbourg. Malgr\u00e9 plusieurs battues les jours suivants, aucune trace de l\u2019adolescente n\u2019a \u00e9t\u00e9 retrouv\u00e9e.<\/p>\n\n\n\n<p class=\"\">L\u2019enqu\u00eate a toutefois connu un tournant avec l\u2019annonce vendredi 26 juillet par le parquet de Strasbourg d\u2019une \u00ab&nbsp;avanc\u00e9e majeure&nbsp;\u00bb: la d\u00e9couverte de l\u2019ADN de Lina dans une voiture vol\u00e9e, qui \u00e9tait recherch\u00e9e par les enqu\u00eateurs car elle se trouvait non loin du lieu de la disparition de l\u2019adolescente en septembre.<\/p>\n\n\n\n<p class=\"\">Principal suspect dans la disparition de Lina, Samuel G., un p\u00e8re de famille de 43 ans d\u00e9pressif et consommateur de drogues, avait \u00e9t\u00e9 contr\u00f4l\u00e9 en d\u00e9but d\u2019ann\u00e9e au volant de cette voiture par des douaniers \u00e0 Sigean (Aude), avant d\u2019\u00eatre condamn\u00e9 le 22 janvier \u00e0 15 mois d\u2019emprisonnement avec sursis pour refus de contr\u00f4le, mise en danger d\u2019autrui, conduite d\u2019un v\u00e9hicule sous l\u2019usage de stup\u00e9fiants, recel et vol. Il s\u2019est suicid\u00e9 le 10 juillet chez lui \u00e0 Besan\u00e7on.<\/p>\n","protected":false},"excerpt":{"rendered":"<p>Les recherches pour retrouver Lina, l\u2019adolescente de 15 ans disparue en septembre 2023 dans le Bas-Rhin, ont repris mardi pr\u00e8s de Saulx en Haute-Sa\u00f4ne, impliquant 90 gendarmes, a indiqu\u00e9 \u00e0 l\u2019AFP une source proche du dossier. Des recherches avaient eu lieu sans r\u00e9sultat la semaine derni\u00e8re dans le d\u00e9partement des Vosges, dans la for\u00eat d\u2019Anould, [&hellip;]<\/p>\n","protected":false},"author":2,"featured_media":29072,"comment_status":"open","ping_status":"open","sticky":false,"template":"","format":"standard","meta":{"_jetpack_memberships_contains_paid_content":false,"footnotes":"","jetpack_publicize_message":"","jetpack_publicize_feature_enabled":true,"jetpack_social_post_already_shared":true,"jetpack_social_options":{"image_generator_settings":{"template":"highway","enabled":true,"token":"eyJpbWciOiJodHRwczpcL1wvd3d3LmljZWFnZXR2LmNvbVwvcmFkaW9zaXRlXC93cC1jb250ZW50XC91cGxvYWRzXC8yMDI0XC8wOFwvcWttR3RWRnUuanBnIiwidHh0IjoiRGlzcGFyaXRpb24gZGUgTGluYTogTGVzIHJlY2hlcmNoZXMgb250IHJlcHJpcyBjZSBtYXRpbiBlbiBIYXV0ZS1TYVx1MDBmNG5lIHBvdXIgcmV0cm91dmVyIGwmIzgyMTc7YWRvbGVzY2VudGUgXHUwMGUyZ1x1MDBlOWUgZGUgMTUgYW5zICYjODIxMTsgOTAgZ2VuZGFybWVzIHNvbnQgbW9iaWxpc1x1MDBlOXMgc3VyIHBsYWNlIiwidGVtcGxhdGUiOiJoaWdod2F5IiwiYmxvZ19pZCI6MTExMDE2NDYxfQ.6CVWLRnrzWHmZhJtLLSD1vifu05XcleeUXJlKG6_2gQMQ"},"version":2},"_wpas_customize_per_network":false},"categories":[405],"tags":[],"class_list":["post-29070","post","type-post","status-publish","format-standard","has-post-thumbnail","hentry","category-actu-france-monde"],"jetpack_publicize_connections":[],"jetpack_featured_media_url":"https:\/\/i0.wp.com\/www.iceagetv.com\/radiosite\/wp-content\/uploads\/2024\/08\/qkmGtVFu.jpg?fit=679%2C293&ssl=1","jetpack_sharing_enabled":true,"_links":{"self":[{"href":"https:\/\/www.iceagetv.com\/radiosite\/wp-json\/wp\/v2\/posts\/29070","targetHints":{"allow":["GET"]}}],"collection":[{"href":"https:\/\/www.iceagetv.com\/radiosite\/wp-json\/wp\/v2\/posts"}],"about":[{"href":"https:\/\/www.iceagetv.com\/radiosite\/wp-json\/wp\/v2\/types\/post"}],"author":[{"embeddable":true,"href":"https:\/\/www.iceagetv.com\/radiosite\/wp-json\/wp\/v2\/users\/2"}],"replies":[{"embeddable":true,"href":"https:\/\/www.iceagetv.com\/radiosite\/wp-json\/wp\/v2\/comments?post=29070"}],"version-history":[{"count":1,"href":"https:\/\/www.iceagetv.com\/radiosite\/wp-json\/wp\/v2\/posts\/29070\/revisions"}],"predecessor-version":[{"id":29073,"href":"https:\/\/www.iceagetv.com\/radiosite\/wp-json\/wp\/v2\/posts\/29070\/revisions\/29073"}],"wp:featuredmedia":[{"embeddable":true,"href":"https:\/\/www.iceagetv.com\/radiosite\/wp-json\/wp\/v2\/media\/29072"}],"wp:attachment":[{"href":"https:\/\/www.iceagetv.com\/radiosite\/wp-json\/wp\/v2\/media?parent=29070"}],"wp:term":[{"taxonomy":"category","embeddable":true,"href":"https:\/\/www.iceagetv.com\/radiosite\/wp-json\/wp\/v2\/categories?post=29070"},{"taxonomy":"post_tag","embeddable":true,"href":"https:\/\/www.iceagetv.com\/radiosite\/wp-json\/wp\/v2\/tags?post=29070"}],"curies":[{"name":"wp","href":"https:\/\/api.w.org\/{rel}","templated":true}]}}