{"id":29099,"date":"2024-08-07T15:52:09","date_gmt":"2024-08-07T15:52:09","guid":{"rendered":"https:\/\/www.iceagetv.com\/radiosite\/?p=29099"},"modified":"2024-08-07T15:52:09","modified_gmt":"2024-08-07T15:52:09","slug":"patrice-laffont-animateur-de-television-est-mort-a-lage-de-84-ans","status":"publish","type":"post","link":"https:\/\/www.iceagetv.com\/radiosite\/patrice-laffont-animateur-de-television-est-mort-a-lage-de-84-ans\/","title":{"rendered":"Patrice Laffont, animateur de t\u00e9l\u00e9vision, est mort \u00e0 l\u2019\u00e2ge de 84\u00a0ans"},"content":{"rendered":"\n<p class=\"\">&nbsp;Des chiffres et des lettres&nbsp;\u00bb, \u00ab&nbsp;Fort Boyard&nbsp;\u00bb, \u00ab&nbsp;Pyramide&nbsp;\u00bb\u2026 L\u2019animateur et producteur de t\u00e9l\u00e9vision Patrice Laffont est mort d\u2019un accident cardiaque, mercredi 7&nbsp;ao\u00fbt, dans sa maison d\u2019Opp\u00e8de (Vaucluse), selon les informations de&nbsp;<a href=\"https:\/\/www.francebleu.fr\/infos\/societe\/l-animateur-tele-patrice-laffont-est-mort-dans-le-luberon-7472279\" target=\"_blank\" rel=\"noreferrer noopener\">France Bleu<\/a>. N\u00e9 \u00e0 Marseille en&nbsp;1939, il aurait eu 85&nbsp;ans fin ao\u00fbt.<\/p>\n\n\n\n<p class=\"\">L\u2019animateur de t\u00e9l\u00e9vision Patrice Laffont a \u00e9t\u00e9 pendant des d\u00e9cennies le\u00a0<em>\u00ab\u00a0Monsieur Jeu\u00a0\u00bb<\/em>\u00a0du PAF avant de voir son \u00e9toile p\u00e2lir et de retourner \u00e0 ses premi\u00e8res amours, le th\u00e9\u00e2tre.\u00a0<em>\u00ab\u00a0Sa bienveillance et son espi\u00e8glerie ont enchant\u00e9 des g\u00e9n\u00e9rations de t\u00e9l\u00e9spectateurs\u00a0\u00bb<\/em>, a r\u00e9agi la ministre de la culture d\u00e9missionnaire, Rachida Dati, sur\u00a0<a href=\"https:\/\/twitter.com\/datirachida\/status\/1821143579701469474\" target=\"_blank\" rel=\"noreferrer noopener\">le r\u00e9seau social X.<\/a><\/p>\n\n\n\n<p class=\"\"><\/p>\n\n\n\n<p class=\"\">Emmanuel Macron a salu\u00e9 la m\u00e9moire du pr\u00e9sentateur vedette de t\u00e9l\u00e9vision, qui a <em>\u00ab&nbsp;rassembl\u00e9 des familles enti\u00e8res&nbsp;\u00bb<\/em> autour d\u2019\u00e9missions cultes. <em>\u00ab&nbsp;\u201cDes chiffres et des lettres\u201d, \u201cFort Boyard\u201d, \u201cPyramide\u201d&nbsp;: Patrice Laffont a rassembl\u00e9 des familles enti\u00e8res devant la t\u00e9l\u00e9vision. Mes condol\u00e9ances \u00e0 ses proches ainsi qu\u2019aux g\u00e9n\u00e9rations qu\u2019il a tant marqu\u00e9es&nbsp;\u00bb<\/em>, a d\u00e9clar\u00e9 le chef de l\u2019Etat sur <a href=\"https:\/\/x.com\/EmmanuelMacron\/status\/1821175585441509817\" target=\"_blank\" rel=\"noreferrer noopener\">X<\/a>.<\/p>\n\n\n\n<p class=\"\"><em>\u00ab&nbsp;Merci d\u2019avoir trac\u00e9 le chemin, d\u2019avoir \u00e9t\u00e9 un pionnier, de m\u2019avoir donn\u00e9 l\u2019envie de faire ce m\u00e9tier&nbsp;\u00bb<\/em>, a \u00e9crit <a href=\"https:\/\/x.com\/cyrilferaud\/status\/1821153723780829335\" target=\"_blank\" rel=\"noreferrer noopener\">sur le m\u00eame r\u00e9seau<\/a> l\u2019animateur de France 2 Cyril F\u00e9raud, lointain h\u00e9ritier de Patrice Laffont, en se disant <em>\u00ab&nbsp;d\u00e9vast\u00e9 de tristesse&nbsp;\u00bb<\/em>. <em>\u00ab&nbsp;Je suis litt\u00e9ralement sous le choc&nbsp;\u00bb<\/em>, a rench\u00e9ri l\u2019animateur de TF1 Jean-Luc Reichmann, \u00e9galement sur <a href=\"https:\/\/x.com\/JL_Reichmann\/status\/1821145791609594184\" target=\"_blank\" rel=\"noreferrer noopener\">X<\/a>.<\/p>\n\n\n\n<p class=\"\"><em>\u00ab\u00a0La classe et toujours le bon mot\u2026 Tu incarnais l\u2019\u00e9l\u00e9gance cher Patrice\u00a0\u00bb<\/em>, a r\u00e9agi Nathalie Simon, qui avait anim\u00e9 avec lui \u00ab\u00a0Intervilles\u00a0\u00bb au milieu des ann\u00e9es 2000. <em>\u00ab\u00a0Patrice Laffont a donn\u00e9 ses lettres de noblesse aux jeux t\u00e9l\u00e9vis\u00e9s dans des programmes devenus mythiques\u00a0\u00bb<\/em>, a pour sa part estim\u00e9 la pr\u00e9sidente de France T\u00e9l\u00e9visions, Delphine Ernotte Cunci.<\/p>\n\n\n\n<p class=\"\"><\/p>\n\n\n\n<p class=\"\">Il joue \u00e9galement quelques petits r\u00f4les au cin\u00e9ma, notamment celui d\u2019un play-boy dans<em>&nbsp;Le Gendarme de Saint-Tropez <\/em>(1964). <em>\u00ab&nbsp;Le tournage a \u00e9t\u00e9 un moment formidable. On \u00e9tait une bande de jeunes tr\u00e8s turbulents et on s\u2019est \u00e9clat\u00e9. Mais de Fun\u00e8s tirait la gueule, il n\u2019\u00e9tait pas marrant du tout&nbsp;\u00bb<\/em>, racontait-il avec son ton toujours mordant.<\/p>\n\n\n\n<h2 class=\"wp-block-heading\">\u00ab&nbsp;Prisonnier&nbsp;\u00bb dans le r\u00f4le du pr\u00e9sentateur<\/h2>\n\n\n\n<p class=\"\">Le vrai tournant dans sa vie, c\u2019est \u00e0 Armand Jammot qu\u2019il le doit. <em>\u00ab&nbsp;Le roi de la t\u00e9l\u00e9&nbsp;\u00bb<\/em> le lance dans l\u2019univers cathodique en lui offrant d\u2019\u00eatre journaliste-reporter au magazine \u00ab&nbsp;Aujourd\u2019hui Madame&nbsp;\u00bb puis en lui confiant les r\u00eanes de \u00ab&nbsp;Des chiffres et des lettres&nbsp;\u00bb en&nbsp;1972.<\/p>\n\n\n\n<p class=\"\">Succ\u00e8s garanti pour cette \u00e9mission qui restera diffus\u00e9e pendant cinquante-deux ans. <em>\u00ab&nbsp;Cinquante ans d\u2019\u00e9mission, \u00e7a n\u2019existera plus jamais&nbsp;! C\u2019\u00e9tait une \u00e9mission toute particuli\u00e8re, sur des crit\u00e8res tr\u00e8s simples que les Fran\u00e7ais apprennent \u00e0 l\u2019\u00e9cole, les chiffres et les lettres&nbsp;\u00bb<\/em>, avait r\u00e9agi Patrice Laffont en mai, \u00e0 l\u2019annonce de l\u2019arr\u00eat du jeu culte programm\u00e9 \u00e0 la rentr\u00e9e 2024.<\/p>\n","protected":false},"excerpt":{"rendered":"<p>&nbsp;Des chiffres et des lettres&nbsp;\u00bb, \u00ab&nbsp;Fort Boyard&nbsp;\u00bb, \u00ab&nbsp;Pyramide&nbsp;\u00bb\u2026 L\u2019animateur et producteur de t\u00e9l\u00e9vision Patrice Laffont est mort d\u2019un accident cardiaque, mercredi 7&nbsp;ao\u00fbt, dans sa maison d\u2019Opp\u00e8de (Vaucluse), selon les informations de&nbsp;France Bleu. N\u00e9 \u00e0 Marseille en&nbsp;1939, il aurait eu 85&nbsp;ans fin ao\u00fbt. L\u2019animateur de t\u00e9l\u00e9vision Patrice Laffont a \u00e9t\u00e9 pendant des d\u00e9cennies le\u00a0\u00ab\u00a0Monsieur Jeu\u00a0\u00bb\u00a0du PAF [&hellip;]<\/p>\n","protected":false},"author":2,"featured_media":29100,"comment_status":"open","ping_status":"open","sticky":false,"template":"","format":"standard","meta":{"_jetpack_memberships_contains_paid_content":false,"footnotes":"","jetpack_publicize_message":"","jetpack_publicize_feature_enabled":true,"jetpack_social_post_already_shared":true,"jetpack_social_options":{"image_generator_settings":{"template":"highway","enabled":true,"token":"eyJpbWciOiJodHRwczpcL1wvd3d3LmljZWFnZXR2LmNvbVwvcmFkaW9zaXRlXC93cC1jb250ZW50XC91cGxvYWRzXC8yMDI0XC8wOFwvMzJlODc4Yl8xNzIzMDMwMDE3Mzg3LTAwMC05ZDY0bnIuanBnIiwidHh0IjoiUGF0cmljZSBMYWZmb250LCBhbmltYXRldXIgZGUgdFx1MDBlOWxcdTAwZTl2aXNpb24sIGVzdCBtb3J0IFx1MDBlMCBsXHUyMDE5XHUwMGUyZ2UgZGUgODRcdTAwYTBhbnMiLCJ0ZW1wbGF0ZSI6ImhpZ2h3YXkiLCJibG9nX2lkIjoxMTEwMTY0NjF9.LUuABAoukDApzQ8CMqmdDWMnx3RvOVo8XfJfj9uf-EoMQ"},"version":2},"_wpas_customize_per_network":false},"categories":[405],"tags":[],"class_list":["post-29099","post","type-post","status-publish","format-standard","has-post-thumbnail","hentry","category-actu-france-monde"],"jetpack_publicize_connections":[],"jetpack_featured_media_url":"https:\/\/i0.wp.com\/www.iceagetv.com\/radiosite\/wp-content\/uploads\/2024\/08\/32e878b_1723030017387-000-9d64nr.jpg?fit=556%2C370&ssl=1","jetpack_sharing_enabled":true,"_links":{"self":[{"href":"https:\/\/www.iceagetv.com\/radiosite\/wp-json\/wp\/v2\/posts\/29099","targetHints":{"allow":["GET"]}}],"collection":[{"href":"https:\/\/www.iceagetv.com\/radiosite\/wp-json\/wp\/v2\/posts"}],"about":[{"href":"https:\/\/www.iceagetv.com\/radiosite\/wp-json\/wp\/v2\/types\/post"}],"author":[{"embeddable":true,"href":"https:\/\/www.iceagetv.com\/radiosite\/wp-json\/wp\/v2\/users\/2"}],"replies":[{"embeddable":true,"href":"https:\/\/www.iceagetv.com\/radiosite\/wp-json\/wp\/v2\/comments?post=29099"}],"version-history":[{"count":1,"href":"https:\/\/www.iceagetv.com\/radiosite\/wp-json\/wp\/v2\/posts\/29099\/revisions"}],"predecessor-version":[{"id":29101,"href":"https:\/\/www.iceagetv.com\/radiosite\/wp-json\/wp\/v2\/posts\/29099\/revisions\/29101"}],"wp:featuredmedia":[{"embeddable":true,"href":"https:\/\/www.iceagetv.com\/radiosite\/wp-json\/wp\/v2\/media\/29100"}],"wp:attachment":[{"href":"https:\/\/www.iceagetv.com\/radiosite\/wp-json\/wp\/v2\/media?parent=29099"}],"wp:term":[{"taxonomy":"category","embeddable":true,"href":"https:\/\/www.iceagetv.com\/radiosite\/wp-json\/wp\/v2\/categories?post=29099"},{"taxonomy":"post_tag","embeddable":true,"href":"https:\/\/www.iceagetv.com\/radiosite\/wp-json\/wp\/v2\/tags?post=29099"}],"curies":[{"name":"wp","href":"https:\/\/api.w.org\/{rel}","templated":true}]}}