{"id":29107,"date":"2024-08-08T09:09:07","date_gmt":"2024-08-08T09:09:07","guid":{"rendered":"https:\/\/www.iceagetv.com\/radiosite\/?p=29107"},"modified":"2024-08-08T09:09:07","modified_gmt":"2024-08-08T09:09:07","slug":"honteux-lamentable-une-ecole-primaire-saccagee-a-montgeron-a-moins-dun-mois-de-la-rentree","status":"publish","type":"post","link":"https:\/\/www.iceagetv.com\/radiosite\/honteux-lamentable-une-ecole-primaire-saccagee-a-montgeron-a-moins-dun-mois-de-la-rentree\/","title":{"rendered":"\u00ab\u00a0Honteux\u00a0\u00bb, \u00ab\u00a0lamentable\u00a0\u00bb: une \u00e9cole primaire saccag\u00e9e \u00e0 Montgeron \u00e0 moins d&rsquo;un mois de la rentr\u00e9e"},"content":{"rendered":"\n<p class=\"\">L&rsquo;\u00e9cole \u00e9l\u00e9mentaire Jean Moulin \u00e0 Montgeron a \u00e9t\u00e9 saccag\u00e9e durant le week-end du 3 et 4 ao\u00fbt. Les d\u00e9g\u00e2ts sont importants \u00e0 moins d&rsquo;un mois de la rentr\u00e9e scolaire.<\/p>\n\n\n\n<p class=\"\">\u00c0 moins d&rsquo;<a href=\"https:\/\/www.bfmtv.com\/paris\/paris\/crayons-ardoise-gomme-a-paris-un-kit-de-fournitures-scolaires-distribue-aux-eleves-de-cp-a-la-rentree_AN-202407110407.html\">un mois de la rentr\u00e9e scolaire<\/a>, c&rsquo;est la sid\u00e9ration dans\u00a0<a href=\"https:\/\/www.bfmtv.com\/police-justice\/je-n-arrive-pas-a-m-en-remettre-la-victime-de-l-agression-homophobe-a-montgeron-temoigne_AN-202110130558.html\">la commune de Montgeron<\/a>\u00a0(Essonne). L&rsquo;\u00e9cole \u00e9l\u00e9mentaire Jean Moulin a \u00e9t\u00e9 saccag\u00e9e durant le week-end du 3 et 4 ao\u00fbt. Les d\u00e9g\u00e2ts ont \u00e9t\u00e9 d\u00e9couverts lundi matin par un agent d&rsquo;entretien.<\/p>\n\n\n\n<p class=\"\">Murs tagu\u00e9s et asperg\u00e9s de peinture, fournitures scolaires au sol&#8230; Une sc\u00e8ne \u00ab\u00a0inimaginable\u00a0\u00bb pour Fran\u00e7oise Nicolas, adjointe au maire en charge des b\u00e2timents publics. \u00ab\u00a0Quand nous sommes arriv\u00e9s dans le couloir, rien que dans le couloir, pour pouvoir avancer, il fallait enjamber\u00a0\u00bb, d\u00e9plore-t-elle au micro de BFMTV.<\/p>\n\n\n\n<h2 class=\"wp-block-heading\" id=\"1jkcm\">Des dizaines de milliers d&rsquo;euros de d\u00e9g\u00e2ts<\/h2>\n\n\n\n<p class=\"\">Au premier \u00e9tage, les malfaiteurs ont \u00e9galement bouch\u00e9 des toilettes puis tir\u00e9 la chasse, faisant d\u00e9border l&rsquo;eau. Au rez-de-chauss\u00e9e, les plafonds se sont effrit\u00e9s: \u00ab\u00a0\u00c7a va tomber \u00e7a\u00a0\u00bb, pointe du doigt Fran\u00e7oise Nicolas.<\/p>\n\n\n\n<p class=\"\">Les d\u00e9g\u00e2ts sont estim\u00e9s \u00e0 plusieurs dizaines de milliers d&rsquo;euros. \u00ab\u00a0On va \u00eatre oblig\u00e9 de refaire de la peinture, il faut remettre la cloison sur la partie haute du mur, il faut r\u00e9am\u00e9nager la classe\u00a0\u00bb, \u00e9num\u00e8re l&rsquo;adjointe au maire.<\/p>\n\n\n\n<p class=\"\">\u00ab\u00a0Sentiment de col\u00e8re en d\u00e9couvrant l&rsquo;\u00e9tat de l&rsquo;\u00e9cole Jean Moulin (&#8230;) Ce constat suscite incompr\u00e9hension et stupeur face \u00e0 un acte aussi st\u00e9rile et insens\u00e9, une explosion de violence dirig\u00e9e contre une \u00e9cole\u00a0\u00bb, a r\u00e9agi la maire de la commune, Sylvie Carillon, sur sa page Facebook.<\/p>\n\n\n\n<p class=\"\">Dans le quartier, connu comme \u00e9tant plut\u00f4t tranquille, les habitants ne comprennent pas ce saccage. \u00ab\u00a0C&rsquo;est honteux, honteux, honteux! On ne fait pas \u00e7a \u00e0 une \u00e9cole\u00a0\u00bb, s&rsquo;indigne une habitante.<\/p>\n\n\n\n<blockquote class=\"wp-block-quote is-layout-flow wp-block-quote-is-layout-flow\">\n<p class=\"\">\u00ab\u00a0Je trouve \u00e7a lamentable. \u00c7a devient dramatique, les petits vont reprendre l&rsquo;\u00e9cole au mois de septembre\u00a0\u00bb, ajoute une autre.<\/p>\n<\/blockquote>\n\n\n\n<p class=\"\">Une plainte a \u00e9t\u00e9 d\u00e9pos\u00e9e par la ville et une enqu\u00eate est en cours \u00ab\u00a0pour retrouver les traces d\u2019ADN laiss\u00e9es par les contrevenants\u00a0\u00bb, pr\u00e9cise la maire de Montgeron.<\/p>\n","protected":false},"excerpt":{"rendered":"<p>L&rsquo;\u00e9cole \u00e9l\u00e9mentaire Jean Moulin \u00e0 Montgeron a \u00e9t\u00e9 saccag\u00e9e durant le week-end du 3 et 4 ao\u00fbt. Les d\u00e9g\u00e2ts sont importants \u00e0 moins d&rsquo;un mois de la rentr\u00e9e scolaire. \u00c0 moins d&rsquo;un mois de la rentr\u00e9e scolaire, c&rsquo;est la sid\u00e9ration dans\u00a0la commune de Montgeron\u00a0(Essonne). L&rsquo;\u00e9cole \u00e9l\u00e9mentaire Jean Moulin a \u00e9t\u00e9 saccag\u00e9e durant le week-end du [&hellip;]<\/p>\n","protected":false},"author":2,"featured_media":29108,"comment_status":"open","ping_status":"open","sticky":false,"template":"","format":"standard","meta":{"_jetpack_memberships_contains_paid_content":false,"footnotes":"","jetpack_publicize_message":"","jetpack_publicize_feature_enabled":true,"jetpack_social_post_already_shared":true,"jetpack_social_options":{"image_generator_settings":{"template":"highway","enabled":true,"token":"eyJpbWciOiJodHRwczpcL1wvd3d3LmljZWFnZXR2LmNvbVwvcmFkaW9zaXRlXC93cC1jb250ZW50XC91cGxvYWRzXC8yMDI0XC8wOFwvTC1lY29sZS1lbGVtZW50YWlyZS1KZWFuLU1vdWxpbi1hLWV0ZS1kZWdyYWRlZS1hLU1vbnRnZXJvbi0xOTE2NTU2LmpwZyIsInR4dCI6IiYjODIyMDtIb250ZXV4JiM4MjIxOywgJiM4MjIwO2xhbWVudGFibGUmIzgyMjE7OiB1bmUgXHUwMGU5Y29sZSBwcmltYWlyZSBzYWNjYWdcdTAwZTllIFx1MDBlMCBNb250Z2Vyb24gXHUwMGUwIG1vaW5zIGQmIzgyMTc7dW4gbW9pcyBkZSBsYSByZW50clx1MDBlOWUiLCJ0ZW1wbGF0ZSI6ImhpZ2h3YXkiLCJibG9nX2lkIjoxMTEwMTY0NjF9.eSxpPI7h8W2zhJh8s7n2aXZMaNpscFEgRqAVAz67UFUMQ"},"version":2},"_wpas_customize_per_network":false},"categories":[405],"tags":[],"class_list":["post-29107","post","type-post","status-publish","format-standard","has-post-thumbnail","hentry","category-actu-france-monde"],"jetpack_publicize_connections":[],"jetpack_featured_media_url":"https:\/\/i0.wp.com\/www.iceagetv.com\/radiosite\/wp-content\/uploads\/2024\/08\/L-ecole-elementaire-Jean-Moulin-a-ete-degradee-a-Montgeron-1916556.jpg?fit=580%2C326&ssl=1","jetpack_sharing_enabled":true,"_links":{"self":[{"href":"https:\/\/www.iceagetv.com\/radiosite\/wp-json\/wp\/v2\/posts\/29107","targetHints":{"allow":["GET"]}}],"collection":[{"href":"https:\/\/www.iceagetv.com\/radiosite\/wp-json\/wp\/v2\/posts"}],"about":[{"href":"https:\/\/www.iceagetv.com\/radiosite\/wp-json\/wp\/v2\/types\/post"}],"author":[{"embeddable":true,"href":"https:\/\/www.iceagetv.com\/radiosite\/wp-json\/wp\/v2\/users\/2"}],"replies":[{"embeddable":true,"href":"https:\/\/www.iceagetv.com\/radiosite\/wp-json\/wp\/v2\/comments?post=29107"}],"version-history":[{"count":1,"href":"https:\/\/www.iceagetv.com\/radiosite\/wp-json\/wp\/v2\/posts\/29107\/revisions"}],"predecessor-version":[{"id":29109,"href":"https:\/\/www.iceagetv.com\/radiosite\/wp-json\/wp\/v2\/posts\/29107\/revisions\/29109"}],"wp:featuredmedia":[{"embeddable":true,"href":"https:\/\/www.iceagetv.com\/radiosite\/wp-json\/wp\/v2\/media\/29108"}],"wp:attachment":[{"href":"https:\/\/www.iceagetv.com\/radiosite\/wp-json\/wp\/v2\/media?parent=29107"}],"wp:term":[{"taxonomy":"category","embeddable":true,"href":"https:\/\/www.iceagetv.com\/radiosite\/wp-json\/wp\/v2\/categories?post=29107"},{"taxonomy":"post_tag","embeddable":true,"href":"https:\/\/www.iceagetv.com\/radiosite\/wp-json\/wp\/v2\/tags?post=29107"}],"curies":[{"name":"wp","href":"https:\/\/api.w.org\/{rel}","templated":true}]}}